{"id":171493,"date":"2018-01-17T11:57:00","date_gmt":"2018-01-17T11:57:00","guid":{"rendered":"http:\/\/diariodominicano.ddns.net\/?p=171493"},"modified":"2018-01-17T11:57:00","modified_gmt":"2018-01-17T11:57:00","slug":"opcion-democratica-considera-que-pacto-electrico-no-soluciona-problemas-del-sector","status":"publish","type":"post","link":"https:\/\/diariodominicano.com\/?p=171493","title":{"rendered":"Opci\u00f3n Democr\u00e1tica considera que Pacto El\u00e9ctrico no soluciona problemas del sector"},"content":{"rendered":"<p><body><\/p>\n<p>El partido entiende que la firma del Pacto El\u00e9ctrico porque no brinda soluciones a los problemas del sector.<\/p>\n<\/p>\n<p>Opci\u00f3n Democr\u00e1tica critica la exclusi\u00f3n de Punta Catalina de las discusiones del Pacto, dado el papel protag\u00f3nico que ha jugado dicha obra en el esc\u00e1ndalo de corrupci\u00f3n de Odebrecht y la falta de transparencia con que se han manejado las autoridades estatales. El partido encabezado por la exdiputada Minou Tav\u00e1rez Mirabal sostiene que el di\u00e1logo y las negociaciones s\u00f3lo son posibles donde existe la confianza. \u00abEs muy dif\u00edcil creer en un gobierno que no practique la transparencia y la rendici\u00f3n de cuentas,\u00bb afirm\u00f3.<\/p>\n<\/p>\n<p>En lugar de promover intereses grupales y particulares, los dirigentes de Opci\u00f3n Democr\u00e1tica entienden que la pol\u00edtica estatal en materia el\u00e9ctrica debe crear los incentivos necesarios para la competencia y el abaratamiento de los costos del sector. De igual forma, debe continuar promoviendo la diversificaci\u00f3n de la matriz generadora de electricidad pues la sostenibilidad de la Rep\u00fablica Dominicana implica una mayor inversi\u00f3n en energ\u00edas limpias, no en plantas a carb\u00f3n que atentan contra el medio ambiente y nuestro bienestar.<\/p>\n<\/p>\n<p>Sobre el posible aumento de la tarifa el\u00e9ctrica tras la implementaci\u00f3n del pacto, consideran que un acuerdo que est\u00e9 pensado para el bien de los ciudadanos y ciudadanas debe tomar en cuenta que la aplicaci\u00f3n de precios exorbitantes por un servicio vital para el desarrollo de la sociedad es una de las principales barreras a la competitividad de las peque\u00f1as y medianas empresas dominicanas.<\/p>\n<h6> 2018-01-17 11:57:00 <\/h6>\n<p><!--\n<link rel=\"stylesheet\" href=\"css\/bootstrap.min.css\">\n\n\n<ul class=\"pagination\">\n\t    \n\t\n\n<li >\n\t<a href='?page_no=6793'>Previous<\/a>\n\t<\/li>\n\n\n       \n    \n\n<li><a href='?page_no=1'>1<\/a><\/li>\n\n\n\n<li><a href='?page_no=2'>2<\/a><\/li>\n\n\n\n<li><a>...<\/a><\/li>\n\n\n\n<li><a href='?page_no=6792'>6792<\/a><\/li>\n\n\n\n<li><a href='?page_no=6793'>6793<\/a><\/li>\n\n\n\n<li class='active'><a>6794<\/a><\/li>\n\n\n\n<li><a href='?page_no=6795'>6795<\/a><\/li>\n\n\n\n<li><a href='?page_no=6796'>6796<\/a><\/li>\n\n\n\n<li><a>...<\/a><\/li>\n\n\n\n<li><a href='?page_no=36999'>36999<\/a><\/li>\n\n\n\n<li><a href='?page_no=37000'>37000<\/a><\/li>\n\n    \n\t\n\n<li >\n\t<a href='?page_no=6795'>Next<\/a>\n\t<\/li>\n\n\n    \n\n<li><a href='?page_no=37000'>Last &rsaquo;&rsaquo;<\/a><\/li>\n\n<\/ul>\n\n\n--><br \/>\n<\/body><\/p>\n","protected":false},"excerpt":{"rendered":"<p>El partido entiende que la firma del Pacto El\u00e9ctrico porque no brinda soluciones a los problemas del sector. Opci\u00f3n Democr\u00e1tica critica la exclusi\u00f3n de Punta Catalina de las discusiones del Pacto, dado el papel protag\u00f3nico que ha jugado dicha obra en el esc\u00e1ndalo de corrupci\u00f3n de Odebrecht y la falta de transparencia con que se [&hellip;]<\/p>\n","protected":false},"author":3,"featured_media":0,"comment_status":"open","ping_status":"open","sticky":false,"template":"","format":"standard","meta":{"footnotes":""},"categories":[22],"tags":[],"class_list":["post-171493","post","type-post","status-publish","format-standard","hentry","category-politica"],"_links":{"self":[{"href":"https:\/\/diariodominicano.com\/index.php?rest_route=\/wp\/v2\/posts\/171493","targetHints":{"allow":["GET"]}}],"collection":[{"href":"https:\/\/diariodominicano.com\/index.php?rest_route=\/wp\/v2\/posts"}],"about":[{"href":"https:\/\/diariodominicano.com\/index.php?rest_route=\/wp\/v2\/types\/post"}],"author":[{"embeddable":true,"href":"https:\/\/diariodominicano.com\/index.php?rest_route=\/wp\/v2\/users\/3"}],"replies":[{"embeddable":true,"href":"https:\/\/diariodominicano.com\/index.php?rest_route=%2Fwp%2Fv2%2Fcomments&post=171493"}],"version-history":[{"count":0,"href":"https:\/\/diariodominicano.com\/index.php?rest_route=\/wp\/v2\/posts\/171493\/revisions"}],"wp:attachment":[{"href":"https:\/\/diariodominicano.com\/index.php?rest_route=%2Fwp%2Fv2%2Fmedia&parent=171493"}],"wp:term":[{"taxonomy":"category","embeddable":true,"href":"https:\/\/diariodominicano.com\/index.php?rest_route=%2Fwp%2Fv2%2Fcategories&post=171493"},{"taxonomy":"post_tag","embeddable":true,"href":"https:\/\/diariodominicano.com\/index.php?rest_route=%2Fwp%2Fv2%2Ftags&post=171493"}],"curies":[{"name":"wp","href":"https:\/\/api.w.org\/{rel}","templated":true}]}}