{"id":171492,"date":"2018-01-17T17:52:59","date_gmt":"2018-01-17T17:52:59","guid":{"rendered":"http:\/\/diariodominicano.ddns.net\/?p=171492"},"modified":"2018-01-17T17:52:59","modified_gmt":"2018-01-17T17:52:59","slug":"expresidentes-analizan-los-desafios-de-america-latina-en-el-iv-foro-internacional-de-santo-domingo","status":"publish","type":"post","link":"https:\/\/diariodominicano.com\/?p=171492","title":{"rendered":"Expresidentes analizan los desaf\u00edos de Am\u00e9rica Latina en el IV Foro Internacional de Santo Domingo"},"content":{"rendered":"<p><body><\/p>\n<p><img decoding=\"async\" src=\"img3\/3 17 01 2017.jpg\" \/><br \/><img decoding=\"async\" src=\"img3\/1 17 01 2017.jpg\" \/><br \/><img decoding=\"async\" src=\"img3\/4 17 01 2017.jpg\" \/>  <\/p>\n<\/p>\n<p><span class=\"text1noticias\">La democracia como un sistema pol\u00edtico en crisis en la regi\u00f3n fue uno de los enfoques del panel inaugural, con la participaci\u00f3n de los expresidentes Leonel Fern\u00e1ndez, Ernesto Samper, Vinicio Cerezo y Carlos Mesa.<\/span><\/p>\n<\/p>\n<p><strong><span class=\"text1noticias\">SANTO DOMINGO, RD,  17 de enero de 2018.-<\/span><\/strong><span class=\"text1noticias\"> Las democracias latinoamericanas enfrentan el desaf\u00edo de lograr una mayor credibilidad y confianza por parte de los ciudadanos, superar el presidencialismo desmesurado y recuperar el crecimiento econ\u00f3mico para lograr la equidad social, plantearon el martes los expresidentes Leonel Fern\u00e1ndez, de la Rep\u00fablica Dominicana;  Ernesto Samper, de Colombia; Carlos Mesa, de Bolivia, y Vinicio Cerezo, de Guatemala.<\/span><\/p>\n<\/p>\n<p><span class=\"text1noticias\">Con la moderaci\u00f3n de Daniel Zovatto, director regional para Am\u00e9rica Latina y el Caribe de Instituto Internacional para la Democracia y Asistencia Electoral (IDEA Internacional), los exmandatarios dieron inicio al IV Foro Internacional de Santo Domingo. El panel \u00abEl estado de la democracia en Am\u00e9rica Latina: 40 a\u00f1os desde la tercera ola de la democracia\u00bb se celebr\u00f3 en el auditorio de la Fundaci\u00f3n Global Democracia y Desarrollo (Funglode), sede del encuentro, el cual organiza junto a IDEA Internacional.<\/span><\/p>\n<\/p>\n<p><span class=\"text1noticias\">Marco Herrera, director ejecutivo de Funglode, dio la bienvenida a los participantes nacionales e internacionales, con el agradecimiento a la entrega que han mostrado en los foros previos para profundizar en el an\u00e1lisis de las democracias latinoamericanas.<\/span><\/p>\n<\/p>\n<p><span class=\"text1noticias\">Zovatto introdujo el panel con una exposici\u00f3n sobre el contexto en que se reflexionar\u00e1 durante el foro. Se refiri\u00f3 al superciclo electoral que tendr\u00e1 lugar en la regi\u00f3n donde, en los pr\u00f3ximos 24 meses, 14 de los 18 pa\u00edses de Am\u00e9rica Latina van a celebrar elecciones presidenciales. Tras las votaciones en Chile y Honduras, este a\u00f1o habr\u00e1 seis elecciones presidenciales: Costa Rica, en febrero; Paraguay, en abril; Colombia, en mayo; M\u00e9xico, en julio; Brasil, en octubre, y, eventualmente, si se llega a un acuerdo, en Venezuela.<\/span><\/p>\n<\/p>\n<p><span class=\"text1noticias\">El polit\u00f3logo indic\u00f3 que existen tres grandes asignaturas pendientes o principales desaf\u00edos en Latinoam\u00e9rica: primero, la desigualdad, que se deriva del hecho de que uno de cada tres latinoamericanos sigue viviendo en pobreza.<\/span><\/p>\n<\/p>\n<p><span class=\"text1noticias\">Segundo, la corrupci\u00f3n, muchas veces vinculada con el tema del financiamiento pol\u00edtico, y tercero, la criminalidad. Am\u00e9rica Latina es una de las regiones hoy, que sin tener conflictos armados, tiene una de las tasas de homicidio m\u00e1s altas del mundo.<\/span><\/p>\n<\/p>\n<p><span class=\"text1noticias\">En su exposici\u00f3n, Fern\u00e1ndez resalt\u00f3 que en Am\u00e9rica Latina hay mayoritariamente una democracia electoral, donde se reconocen las elecciones  como la \u00fanica forma de acceso al poder por v\u00eda leg\u00edtima.<\/span><\/p>\n<\/p>\n<p><span class=\"text1noticias\">Al referirse a los desaf\u00edos en la regi\u00f3n, expres\u00f3 la necesidad de tener un sistema judicial \u00abque sea cre\u00edble, que sea transparente, que goce de la confianza de los ciudadanos\u00bb. Otros retos que mencion\u00f3 fueron la lucha contra la corrupci\u00f3n a favor de la transparencia, la rendici\u00f3n de cuentas, la lucha contra el narcotr\u00e1fico y contra toda forma de la violencia criminal de los grupos transnacionales de poder, sobre todo criminal. <\/span><\/p>\n<\/p>\n<p><span class=\"text1noticias\">Consider\u00f3 que en la medida en que se superen los retos, habr\u00e1 una consolidaci\u00f3n de esa democracia y mayor credibilidad y confianza por parte de los ciudadanos. <\/span><\/p>\n<\/p>\n<p><span class=\"text1noticias\">Samper plante\u00f3 que Am\u00e9rica Latina se enfrenta a un desmesurado presidencialismo y a una irrupci\u00f3n de poderes f\u00e1cticos que, con \u00abconvocatorias de odio\u00bb, principalmente a trav\u00e9s de las redes sociales, est\u00e1n sustituyendo a los partidos pol\u00edticos. A estos \u00faltimos tambi\u00e9n los critic\u00f3, indicando que no est\u00e1n representando los intereses de la poblaci\u00f3n.<\/span><\/p>\n<\/p>\n<p><span class=\"text1noticias\">El exmandatario colombiano dijo que el vac\u00edo que genera la escasa representaci\u00f3n de los partidos es el que est\u00e1n llenando actores que tienen sus bases en medios de comunicaci\u00f3n y organizaciones no gubernamentales, entre otros.<\/span><\/p>\n<\/p>\n<p><span class=\"text1noticias\">Mesa resalt\u00f3 las corrientes autoritarias que, en su opini\u00f3n, toman auge en la regi\u00f3n. Censur\u00f3 que muchos gobernantes pretendan mantenerse en el poder con el argumento de que han tenido logros econ\u00f3micos.<\/span><\/p>\n<\/p>\n<p><span class=\"text1noticias\">Tambi\u00e9n hizo referencia a la pobreza en la regi\u00f3n y la necesidad urgente de enfrentarla. Y coincidi\u00f3 con Samper en lo referente al \u00abpresidencialismo desmesurado que vive la regi\u00f3n\u00bb.<\/span><\/p>\n<\/p>\n<p><span class=\"text1noticias\">Cerezo aport\u00f3 una cuota de optimismo. Dijo que se ha demostrado que Am\u00e9rica Latina tiene una capacidad de resiliencia, por lo que logra sobreponerse, independientemente de lo que est\u00e9 bien o mal. <\/span><\/p>\n<\/p>\n<p><span class=\"text1noticias\">En opini\u00f3n del expresidente guatemalteco, uno de los problemas de la democracia latinoamericana se deriva de que muchos de sus h\u00e9roes, los que tuvieron una militancia activa en los procesos que generaron las olas democr\u00e1ticas est\u00e1n de retirada, y son sustituidos por l\u00edderes que no tienen los mismos valores. <\/span><\/p>\n<\/p>\n<p><span class=\"text1noticias\">Record\u00f3, adem\u00e1s, que las democracias latinoamericanas no han logrado sacar de la marginaci\u00f3n a sectores fundamentales, como los ind\u00edgenas y afroamericanos, mientras que las mujeres esperan por sus reivindicaciones, ante la falta de equidad. <\/span><\/p>\n<\/p>\n<p><strong><span class=\"text1noticias\">Participantes <\/span><\/strong><\/p>\n<\/p>\n<p><span class=\"text1noticias\">A la actividad asistieron destacados pol\u00edticos, acad\u00e9micos y periodistas de Am\u00e9rica Latina, entre ellos Margarita Cede\u00f1o de Fern\u00e1ndez, vicepresidenta de la Rep\u00fablica Dominicana; Reinaldo Pared P\u00e9rez, presidente del Senado de la Rep\u00fablica Dominicana, y el abogado Marino Vinicio Castillo (Vincho). <\/span><\/p>\n<\/p>\n<p><span class=\"text1noticias\">Tambi\u00e9n, Ignacio Walker, senador de la Rep\u00fablica de Chile; Lourdes Flores, expresidenta del Partido Popular Cristiano (PPC), de Per\u00fa; Edmundo Jarqu\u00edn, excandidato presidencial por el Movimiento Renovador Sandinista de Nicaragua, y Esperanza Mart\u00ednez, senadora de Paraguay.  <\/span><\/p>\n<\/p>\n<p><span class=\"text1noticias\">Adem\u00e1s, Carlos Malamud, investigador sobre Am\u00e9rica Latina del Real Instituto Elcano; Eduardo Gamarra, polit\u00f3logo y profesor de Ciencias Pol\u00edticas de la Universidad Internacional de la Florida, y Abraham Lowenthal, profesor y presidente em\u00e9rito del Consejo del Pac\u00edfico sobre Pol\u00edtica Internacional.<\/span><\/p>\n<\/p>\n<p><strong><span class=\"text1noticias\">Presentaci\u00f3n del libro<\/span><\/strong><\/p>\n<\/p>\n<p><span class=\"text1noticias\">Durante la inauguraci\u00f3n se present\u00f3 el libro \u00abEl estado de la democracia en el mundo 2017: examen de la resiliencia democr\u00e1tica\u00bb, editado por IDEA Internacional, en el que se analizan los principales desaf\u00edos actuales a la democracia y las condiciones propias para su resiliencia. <\/span><\/p>\n<\/p>\n<p><span class=\"text1noticias\">Sergio Bitar, exministro de Chile, acad\u00e9mico y presidente de la Fundaci\u00f3n por la Democracia, coment\u00f3 la publicaci\u00f3n y resalt\u00f3 su importancia.<\/span><\/p>\n<\/p>\n<\/p>\n<\/p>\n<h6> 2018-01-17 17:52:59 <\/h6>\n<p><!--\n<link rel=\"stylesheet\" href=\"css\/bootstrap.min.css\">\n\n\n<ul class=\"pagination\">\n\t    \n\t\n\n<li >\n\t<a href='?page_no=6792'>Previous<\/a>\n\t<\/li>\n\n\n       \n    \n\n<li><a href='?page_no=1'>1<\/a><\/li>\n\n\n\n<li><a href='?page_no=2'>2<\/a><\/li>\n\n\n\n<li><a>...<\/a><\/li>\n\n\n\n<li><a href='?page_no=6791'>6791<\/a><\/li>\n\n\n\n<li><a href='?page_no=6792'>6792<\/a><\/li>\n\n\n\n<li class='active'><a>6793<\/a><\/li>\n\n\n\n<li><a href='?page_no=6794'>6794<\/a><\/li>\n\n\n\n<li><a href='?page_no=6795'>6795<\/a><\/li>\n\n\n\n<li><a>...<\/a><\/li>\n\n\n\n<li><a href='?page_no=36999'>36999<\/a><\/li>\n\n\n\n<li><a href='?page_no=37000'>37000<\/a><\/li>\n\n    \n\t\n\n<li >\n\t<a href='?page_no=6794'>Next<\/a>\n\t<\/li>\n\n\n    \n\n<li><a href='?page_no=37000'>Last &rsaquo;&rsaquo;<\/a><\/li>\n\n<\/ul>\n\n\n--><br \/>\n<\/body><\/p>\n","protected":false},"excerpt":{"rendered":"<p>La democracia como un sistema pol\u00edtico en crisis en la regi\u00f3n fue uno de los enfoques del panel inaugural, con la participaci\u00f3n de los expresidentes Leonel Fern\u00e1ndez, Ernesto Samper, Vinicio Cerezo y Carlos Mesa. SANTO DOMINGO, RD, 17 de enero de 2018.- Las democracias latinoamericanas enfrentan el desaf\u00edo de lograr una mayor credibilidad y confianza [&hellip;]<\/p>\n","protected":false},"author":3,"featured_media":0,"comment_status":"open","ping_status":"open","sticky":false,"template":"","format":"standard","meta":{"footnotes":""},"categories":[22],"tags":[],"class_list":["post-171492","post","type-post","status-publish","format-standard","hentry","category-politica"],"_links":{"self":[{"href":"https:\/\/diariodominicano.com\/index.php?rest_route=\/wp\/v2\/posts\/171492","targetHints":{"allow":["GET"]}}],"collection":[{"href":"https:\/\/diariodominicano.com\/index.php?rest_route=\/wp\/v2\/posts"}],"about":[{"href":"https:\/\/diariodominicano.com\/index.php?rest_route=\/wp\/v2\/types\/post"}],"author":[{"embeddable":true,"href":"https:\/\/diariodominicano.com\/index.php?rest_route=\/wp\/v2\/users\/3"}],"replies":[{"embeddable":true,"href":"https:\/\/diariodominicano.com\/index.php?rest_route=%2Fwp%2Fv2%2Fcomments&post=171492"}],"version-history":[{"count":0,"href":"https:\/\/diariodominicano.com\/index.php?rest_route=\/wp\/v2\/posts\/171492\/revisions"}],"wp:attachment":[{"href":"https:\/\/diariodominicano.com\/index.php?rest_route=%2Fwp%2Fv2%2Fmedia&parent=171492"}],"wp:term":[{"taxonomy":"category","embeddable":true,"href":"https:\/\/diariodominicano.com\/index.php?rest_route=%2Fwp%2Fv2%2Fcategories&post=171492"},{"taxonomy":"post_tag","embeddable":true,"href":"https:\/\/diariodominicano.com\/index.php?rest_route=%2Fwp%2Fv2%2Ftags&post=171492"}],"curies":[{"name":"wp","href":"https:\/\/api.w.org\/{rel}","templated":true}]}}