{"id":171491,"date":"2018-01-17T19:07:17","date_gmt":"2018-01-17T19:07:17","guid":{"rendered":"http:\/\/diariodominicano.ddns.net\/?p=171491"},"modified":"2018-01-17T19:07:17","modified_gmt":"2018-01-17T19:07:17","slug":"pleno-de-la-jce-envia-a-consulta-proyecto-de-redistribucion-de-diputados-de-provincias","status":"publish","type":"post","link":"https:\/\/diariodominicano.com\/?p=171491","title":{"rendered":"Pleno de la JCE env\u00eda a consulta proyecto de redistribuci\u00f3n de diputados de provincias"},"content":{"rendered":"<p><body><\/p>\n<p><img decoding=\"async\" src=\"img3\/plenon000.jpg\" \/>  <\/p>\n<p><strong> Foto de archivo<\/strong><\/p>\n<p><strong>SANTO DOMINGO, RD, 17 de enero de 2017.- <\/strong>El Pleno de la Junta Central Electoral decidi\u00f3 este mi\u00e9rcoles remitir a consulta de los partidos pol\u00edticos reconocidos el proyecto de \u00abResoluci\u00f3n que establece la distribuci\u00f3n de diputados y diputadas representantes del Distrito Nacional y las provincias en las elecciones de 17 de mayo de 2020\u00bb.<\/p>\n<\/p>\n<p>Con el proyecto de resoluci\u00f3n en cuesti\u00f3n, la Junta Central Electoral procura implementar el mandato constitucional respecto a la composici\u00f3n de la C\u00e1mara de Diputados para fines de las elecciones congresuales del a\u00f1o 2020, cuya consecuencia es una reasignaci\u00f3n de esca\u00f1os en virtud del criterio de distribuci\u00f3n proporcional por la densidad poblacional de cada provincia y del Distrito Nacional, en el expreso entendido de que en ning\u00fan caso sean menos de dos diputados por cada provincia, inform\u00f3 la noche del mi\u00e9rcoles la JCE en un bolet\u00edn de prensa.   <\/p>\n<\/p>\n<p>\u00abDe conformidad al art\u00edculo 81, numeral 1) de la Constituci\u00f3n Dominicana, la C\u00e1mara de Diputados estar\u00e1 compuesta por \u00abciento setenta y ocho diputadas o diputados elegidos por circunscripci\u00f3n territorial en representaci\u00f3n del Distrito Nacional y las provincias, distribuidos en proporci\u00f3n a la densidad poblacional, sin que en ning\u00fan caso sean menos de dos los representantes por cada provincia\u00bb.<\/p>\n<\/p>\n<p>Refiere que con ese  art\u00edculo, la Constituci\u00f3n de 2010 cambi\u00f3 el criterio de distribuci\u00f3n de esca\u00f1os por provincia, que hasta ese a\u00f1o fue el de un diputado por cada 50,000 habitantes o fracci\u00f3n mayor a 25,000.   <\/p>\n<\/p>\n<p>La JCE explica con el proyecto de Resoluci\u00f3n redistribuye los 178 esca\u00f1os de la C\u00e1mara de Diputados en base a la poblaci\u00f3n por provincias seg\u00fan los resultados del \u00faltimoCenso Nacional de Poblaci\u00f3n y Vivienda.   Con dicha redistribuci\u00f3n, las provincias de Santo Domingo y La Altagracia aumentar\u00edan 7 y 1 esca\u00f1os, respectivamente, mientras las provincias de Barahona, Monte Plata, Duarte, La Vega, San Juan, San Pedro de Macor\u00eds, Espaillat y San Crist\u00f3bal perder\u00edan 1 esca\u00f1o cada una.  <\/p>\n<\/p>\n<p>Los partidos pol\u00edticos reconocidos contar\u00e1n con 30 d\u00edas calendarios para presentar sus comentarios y observaciones al proyecto de resoluci\u00f3n, los cuales ser\u00e1n conocidos en una audiencia p\u00fablica que ser\u00e1 convocada al efecto. <\/p>\n<\/p>\n<p><strong>Convenciones de partidos<\/strong><\/p>\n<\/p>\n<p>La JCE  inform\u00f3 que el Pleno tambi\u00e9n conoci\u00f3 de una comunicaci\u00f3n sometida por el Partido Revolucionario Moderno (PRM), mediante la cual informa que celebrar\u00e1 su XVIII Convenci\u00f3n Nacional Ordinaria el d\u00eda 18 de febrero de 2018, para lo cual solicita la cooperaci\u00f3n y asistencia de la JCE.  En tal sentido, el Pleno dispuso que, a trav\u00e9s de la Direcci\u00f3n Nacional de Elecciones,  dicha organizaci\u00f3n pol\u00edtica sea prove\u00edda por la JCE de dos mil (2000) valijas con sistema de seguridad y mil quinientos (1500) m\u00f3dulos de votaci\u00f3n. <\/p>\n<\/p>\n<p>Igualmente, se dispuso que la JCE tramitar\u00e1 el aval ante el Ministerio de Educaci\u00f3n para facilitar dos mil (2000) locales escolares en las diferentes provincias, a fin de instalar los Centros de Votaci\u00f3n. <\/p>\n<\/p>\n<p>El Pleno de la JCE tambi\u00e9n acus\u00f3 recibo de la comunicaci\u00f3n remitida por el Partido Dominicanos por el Cambio (DxC), en la cual informan sobre la realizaci\u00f3n de las Asambleas Generales Ordinaria y Extraordinaria el d\u00eda 4 de febrero de 2018 y acogi\u00f3 su solicitud de que las mismas sean supervisadas por la JCE.  <\/p>\n<\/p>\n<p>La sesi\u00f3n del Pleno de la JCE fue presidida por el Magistrado Casta\u00f1os Guzm\u00e1n y participaron los miembros titulares Roberto Salad\u00ednSelin, Carmen Imbert Brugal, Rosario Graciano de los Santos y Henry Mej\u00eda Oviedo, as\u00ed como el Secretario General de la JCE, Ram\u00f3n Hilario Espi\u00f1eira Ceballos, inform\u00f3 la Direcci\u00f3n de Comunicaciones de la JCE.<\/p>\n<\/p>\n<\/p>\n<\/p>\n<h6> 2018-01-17 19:07:17 <\/h6>\n<p><!--\n<link rel=\"stylesheet\" href=\"css\/bootstrap.min.css\">\n\n\n<ul class=\"pagination\">\n\t    \n\t\n\n<li >\n\t<a href='?page_no=6791'>Previous<\/a>\n\t<\/li>\n\n\n       \n    \n\n<li><a href='?page_no=1'>1<\/a><\/li>\n\n\n\n<li><a href='?page_no=2'>2<\/a><\/li>\n\n\n\n<li><a>...<\/a><\/li>\n\n\n\n<li><a href='?page_no=6790'>6790<\/a><\/li>\n\n\n\n<li><a href='?page_no=6791'>6791<\/a><\/li>\n\n\n\n<li class='active'><a>6792<\/a><\/li>\n\n\n\n<li><a href='?page_no=6793'>6793<\/a><\/li>\n\n\n\n<li><a href='?page_no=6794'>6794<\/a><\/li>\n\n\n\n<li><a>...<\/a><\/li>\n\n\n\n<li><a href='?page_no=36999'>36999<\/a><\/li>\n\n\n\n<li><a href='?page_no=37000'>37000<\/a><\/li>\n\n    \n\t\n\n<li >\n\t<a href='?page_no=6793'>Next<\/a>\n\t<\/li>\n\n\n    \n\n<li><a href='?page_no=37000'>Last &rsaquo;&rsaquo;<\/a><\/li>\n\n<\/ul>\n\n\n--><br \/>\n<\/body><\/p>\n","protected":false},"excerpt":{"rendered":"<p>Foto de archivo SANTO DOMINGO, RD, 17 de enero de 2017.- El Pleno de la Junta Central Electoral decidi\u00f3 este mi\u00e9rcoles remitir a consulta de los partidos pol\u00edticos reconocidos el proyecto de \u00abResoluci\u00f3n que establece la distribuci\u00f3n de diputados y diputadas representantes del Distrito Nacional y las provincias en las elecciones de 17 de mayo [&hellip;]<\/p>\n","protected":false},"author":3,"featured_media":0,"comment_status":"open","ping_status":"open","sticky":false,"template":"","format":"standard","meta":{"footnotes":""},"categories":[22],"tags":[],"class_list":["post-171491","post","type-post","status-publish","format-standard","hentry","category-politica"],"_links":{"self":[{"href":"https:\/\/diariodominicano.com\/index.php?rest_route=\/wp\/v2\/posts\/171491","targetHints":{"allow":["GET"]}}],"collection":[{"href":"https:\/\/diariodominicano.com\/index.php?rest_route=\/wp\/v2\/posts"}],"about":[{"href":"https:\/\/diariodominicano.com\/index.php?rest_route=\/wp\/v2\/types\/post"}],"author":[{"embeddable":true,"href":"https:\/\/diariodominicano.com\/index.php?rest_route=\/wp\/v2\/users\/3"}],"replies":[{"embeddable":true,"href":"https:\/\/diariodominicano.com\/index.php?rest_route=%2Fwp%2Fv2%2Fcomments&post=171491"}],"version-history":[{"count":0,"href":"https:\/\/diariodominicano.com\/index.php?rest_route=\/wp\/v2\/posts\/171491\/revisions"}],"wp:attachment":[{"href":"https:\/\/diariodominicano.com\/index.php?rest_route=%2Fwp%2Fv2%2Fmedia&parent=171491"}],"wp:term":[{"taxonomy":"category","embeddable":true,"href":"https:\/\/diariodominicano.com\/index.php?rest_route=%2Fwp%2Fv2%2Fcategories&post=171491"},{"taxonomy":"post_tag","embeddable":true,"href":"https:\/\/diariodominicano.com\/index.php?rest_route=%2Fwp%2Fv2%2Ftags&post=171491"}],"curies":[{"name":"wp","href":"https:\/\/api.w.org\/{rel}","templated":true}]}}