{"id":171490,"date":"2018-01-18T00:08:52","date_gmt":"2018-01-18T00:08:52","guid":{"rendered":"http:\/\/diariodominicano.ddns.net\/?p=171490"},"modified":"2018-01-18T00:08:52","modified_gmt":"2018-01-18T00:08:52","slug":"presidente-peruano-insiste-en-llamado-a-la-paz-ante-visita-papal","status":"publish","type":"post","link":"https:\/\/diariodominicano.com\/?p=171490","title":{"rendered":"Presidente peruano insiste en llamado a la paz ante visita papal"},"content":{"rendered":"<p><body><\/p>\n<p><img decoding=\"async\" src=\"img3\/PP-Kuczynski.jpg\" \/>  <\/p>\n<p><strong> Lima, 17 ene (PL) <\/strong>El presidente peruano, Pedro Pablo Kuczynski, insisti\u00f3 hoy, ante la inminente llegada del papa Francisco, en un llamado a la distensi\u00f3n, mientras un analista puso en duda que la visita redunde en el alivio de la delicada situaci\u00f3n del mandatario.<\/p>\n<\/p>\n<p>&#8216;El gran mensaje de la visita del papa Francisco ser\u00e1 trabajar por la paz, la armon\u00eda y el di\u00e1logo&#8217;, dijo el mandatario en un breve mensaje en la v\u00edspera del arribo del pont\u00edfice, reiterando conceptos que ha usado en los \u00faltimos d\u00edas.<\/p>\n<\/p>\n<p>A ello a\u00f1adi\u00f3 que debe tambi\u00e9n evitarse &#8216;la violencia verbal y f\u00edsica&#8217;, aparente referencia a los duros ep\u00edtetos de partidos de diversas tendencias que lo descalifican para seguir gobernando o consideran que simplemente no tiene posibilidad de hacerlo.<\/p>\n<\/p>\n<p>Por su parte, el analista Miguel Antezana puso en duda que la tensa situaci\u00f3n pol\u00edtica, de aislamiento y debilidad del mandatario, se aten\u00fae por la visita papal, como espera el gobierno que, indic\u00f3, invoca el acontecimiento para que baje el tono de la confrontaci\u00f3n.<\/p>\n<\/p>\n<p>Indic\u00f3 que la situaci\u00f3n del mandatario es marcadamente dif\u00edcil, pues tiene \u00edndices muy bajos de aprobaci\u00f3n en las encuestas y puso en duda que pueda incrementarla.<\/p>\n<\/p>\n<p>Por su parte, el secretario general de la Conferencia Episcopal, Norberto Strotmann, dijo que la jerarqu\u00eda cat\u00f3lica espera una tregua pol\u00edtica, al menos durante la visita papal, en aras de la serenidad y la reducci\u00f3n de las tensiones.<\/p>\n<\/p>\n<p>A\u00f1adi\u00f3 que comparte la esperanza de Kuczynski de que la presencia del pont\u00edfice pueda llevar a los peruanos por el camino del di\u00e1logo y la reconciliaci\u00f3n que propugna el mandatario y dio por seguro que desde ma\u00f1ana habr\u00e1 cierta tregua porque todos escuchar\u00e1n lo que el papa diga.<\/p>\n<\/p>\n<p>Anot\u00f3 que se necesita &#8216;mucho di\u00e1logo fiable&#8217; y que la reconciliaci\u00f3n tiene dos dimensiones: verdad y justicia, valores que no son negociables, ni con el gobierno ni con la iglesia.<\/p>\n<\/p>\n<p>agp\/mrs\/cvl<\/p>\n<h6> 2018-01-18 00:08:52 <\/h6>\n<p><!--\n<link rel=\"stylesheet\" href=\"css\/bootstrap.min.css\">\n\n\n<ul class=\"pagination\">\n\t    \n\t\n\n<li >\n\t<a href='?page_no=6790'>Previous<\/a>\n\t<\/li>\n\n\n       \n    \n\n<li><a href='?page_no=1'>1<\/a><\/li>\n\n\n\n<li><a href='?page_no=2'>2<\/a><\/li>\n\n\n\n<li><a>...<\/a><\/li>\n\n\n\n<li><a href='?page_no=6789'>6789<\/a><\/li>\n\n\n\n<li><a href='?page_no=6790'>6790<\/a><\/li>\n\n\n\n<li class='active'><a>6791<\/a><\/li>\n\n\n\n<li><a href='?page_no=6792'>6792<\/a><\/li>\n\n\n\n<li><a href='?page_no=6793'>6793<\/a><\/li>\n\n\n\n<li><a>...<\/a><\/li>\n\n\n\n<li><a href='?page_no=36999'>36999<\/a><\/li>\n\n\n\n<li><a href='?page_no=37000'>37000<\/a><\/li>\n\n    \n\t\n\n<li >\n\t<a href='?page_no=6792'>Next<\/a>\n\t<\/li>\n\n\n    \n\n<li><a href='?page_no=37000'>Last &rsaquo;&rsaquo;<\/a><\/li>\n\n<\/ul>\n\n\n--><br \/>\n<\/body><\/p>\n","protected":false},"excerpt":{"rendered":"<p>Lima, 17 ene (PL) El presidente peruano, Pedro Pablo Kuczynski, insisti\u00f3 hoy, ante la inminente llegada del papa Francisco, en un llamado a la distensi\u00f3n, mientras un analista puso en duda que la visita redunde en el alivio de la delicada situaci\u00f3n del mandatario. &#8216;El gran mensaje de la visita del papa Francisco ser\u00e1 trabajar [&hellip;]<\/p>\n","protected":false},"author":3,"featured_media":0,"comment_status":"open","ping_status":"open","sticky":false,"template":"","format":"standard","meta":{"footnotes":""},"categories":[22],"tags":[],"class_list":["post-171490","post","type-post","status-publish","format-standard","hentry","category-politica"],"_links":{"self":[{"href":"https:\/\/diariodominicano.com\/index.php?rest_route=\/wp\/v2\/posts\/171490","targetHints":{"allow":["GET"]}}],"collection":[{"href":"https:\/\/diariodominicano.com\/index.php?rest_route=\/wp\/v2\/posts"}],"about":[{"href":"https:\/\/diariodominicano.com\/index.php?rest_route=\/wp\/v2\/types\/post"}],"author":[{"embeddable":true,"href":"https:\/\/diariodominicano.com\/index.php?rest_route=\/wp\/v2\/users\/3"}],"replies":[{"embeddable":true,"href":"https:\/\/diariodominicano.com\/index.php?rest_route=%2Fwp%2Fv2%2Fcomments&post=171490"}],"version-history":[{"count":0,"href":"https:\/\/diariodominicano.com\/index.php?rest_route=\/wp\/v2\/posts\/171490\/revisions"}],"wp:attachment":[{"href":"https:\/\/diariodominicano.com\/index.php?rest_route=%2Fwp%2Fv2%2Fmedia&parent=171490"}],"wp:term":[{"taxonomy":"category","embeddable":true,"href":"https:\/\/diariodominicano.com\/index.php?rest_route=%2Fwp%2Fv2%2Fcategories&post=171490"},{"taxonomy":"post_tag","embeddable":true,"href":"https:\/\/diariodominicano.com\/index.php?rest_route=%2Fwp%2Fv2%2Ftags&post=171490"}],"curies":[{"name":"wp","href":"https:\/\/api.w.org\/{rel}","templated":true}]}}