{"id":171489,"date":"2018-01-18T12:49:40","date_gmt":"2018-01-18T12:49:40","guid":{"rendered":"http:\/\/diariodominicano.ddns.net\/?p=171489"},"modified":"2018-01-18T12:49:40","modified_gmt":"2018-01-18T12:49:40","slug":"eduardo-estrella-propone-sacar-tema-de-las-primarias-de-ley-partidos-politicos","status":"publish","type":"post","link":"https:\/\/diariodominicano.com\/?p=171489","title":{"rendered":"Eduardo Estrella propone sacar tema de las primarias de ley partidos pol\u00edticos"},"content":{"rendered":"<p><body><\/p>\n<p><img decoding=\"async\" src=\"img3\/jce111.jpg\" \/>  <\/p>\n<p>Santo Domingo, D. N.- El Presidente del Partido Dominicanos por el Cambio (DxC), Eduardo Estrella, favoreci\u00f3 que el tema de las primarias internas de los partidos sea sacado de la Ley de Partidos que se debate en el Congreso Nacional, a fin de que cada organizaci\u00f3n seleccione el m\u00e9todo que considere conveniente para escoger sus candidatos.<\/p>\n<\/p>\n<p>\u00abEl partido que quiera hacer su convenci\u00f3n con padr\u00f3n abierto que la haga, el que la quiera con padr\u00f3n cerrado, tambi\u00e9n que la haga, cada partido debe ser aut\u00f3nomo para elegir su m\u00e9todo interno;  lo importante es que la modalidad que se escoja sea transparente, y que siempre sea supervisada por la Junta Central Electoral\u00bb, asegur\u00f3 Estrella.<\/p>\n<\/p>\n<p>Afirm\u00f3 que lleg\u00f3 el momento de unir voluntades y deponer actitudes personales, ya que para nadie es un secreto que el Presidente Danilo Medina y el PLD, tienen empantanada en el Congreso la Ley de Partidos por sus problemas internos. \u00abNo es posible seguir con esta incertidumbre y llegar a las elecciones del 2020 sin que la poblaci\u00f3n, los partidos y la propia JCE cuenten los instrumentos legales que permitan llevar a cabo procesos confiables\u00bb.<\/p>\n<\/p>\n<p>El dirigente pol\u00edtico externo sus consideraciones luego de reunirse con el Presidente de la Junta Central Electoral, magistrado Julio C\u00e9sar Casta\u00f1os Guzm\u00e1n, en su despacho del tribunal comicial, a quien le plante\u00f3 su inquietud en torno al tema, y donde adem\u00e1s le solicit\u00f3 la supervisi\u00f3n del organismo que preside, de todo el proceso de las asambleas que realizar\u00e1 el Partido Dominicanos por el Cambio el pr\u00f3ximo 4 de febrero.<\/p>\n<\/p>\n<p>Junto al Presidente de DxC, estuvieron presentes en la reuni\u00f3n con el Presidente de la Junta Central Electoral, los se\u00f1ores Feliz Dami\u00e1n Olivares, Rafael Rodr\u00edguez Reyes, Manuel Mont\u00e1s y Luis Coronado, todos miembros del Consejo Pol\u00edtico Nacional.<\/p>\n<\/p>\n<p>Dijo que su propuesta solo tiene el \u00e1nimo de aportar a la soluci\u00f3n de un problema tan vital para el sistema de partido, como lo es la aprobaci\u00f3n  de esa Ley de Partidos Pol\u00edticos, de la cual espera sea aprobada a igual que la Ley Electoral, en la pr\u00f3xima legislatura ordinaria que inicia el pr\u00f3ximo 27 de  Febrero.<\/p>\n<\/p>\n<p><strong>LA ASAMBLEA<\/strong><\/p>\n<\/p>\n<p>Sobre la Asamblea del pr\u00f3ximo 4 de Febrero, que realizar\u00e1 el Partido Dominicanos por el Cambio, Estrella dijo que todo est\u00e1 listo para la misma, en la cual se tomar\u00e1n una serie de medidas de car\u00e1cter interno de esa organizaci\u00f3n, como es la adecuaci\u00f3n de los Estatutos y la escogencia de las nuevas autoridades nacionales.<\/p>\n<\/p>\n<h6> 2018-01-18 12:49:40 <\/h6>\n<p><!--\n<link rel=\"stylesheet\" href=\"css\/bootstrap.min.css\">\n\n\n<ul class=\"pagination\">\n\t    \n\t\n\n<li >\n\t<a href='?page_no=6789'>Previous<\/a>\n\t<\/li>\n\n\n       \n    \n\n<li><a href='?page_no=1'>1<\/a><\/li>\n\n\n\n<li><a href='?page_no=2'>2<\/a><\/li>\n\n\n\n<li><a>...<\/a><\/li>\n\n\n\n<li><a href='?page_no=6788'>6788<\/a><\/li>\n\n\n\n<li><a href='?page_no=6789'>6789<\/a><\/li>\n\n\n\n<li class='active'><a>6790<\/a><\/li>\n\n\n\n<li><a href='?page_no=6791'>6791<\/a><\/li>\n\n\n\n<li><a href='?page_no=6792'>6792<\/a><\/li>\n\n\n\n<li><a>...<\/a><\/li>\n\n\n\n<li><a href='?page_no=36999'>36999<\/a><\/li>\n\n\n\n<li><a href='?page_no=37000'>37000<\/a><\/li>\n\n    \n\t\n\n<li >\n\t<a href='?page_no=6791'>Next<\/a>\n\t<\/li>\n\n\n    \n\n<li><a href='?page_no=37000'>Last &rsaquo;&rsaquo;<\/a><\/li>\n\n<\/ul>\n\n\n--><br \/>\n<\/body><\/p>\n","protected":false},"excerpt":{"rendered":"<p>Santo Domingo, D. N.- El Presidente del Partido Dominicanos por el Cambio (DxC), Eduardo Estrella, favoreci\u00f3 que el tema de las primarias internas de los partidos sea sacado de la Ley de Partidos que se debate en el Congreso Nacional, a fin de que cada organizaci\u00f3n seleccione el m\u00e9todo que considere conveniente para escoger sus [&hellip;]<\/p>\n","protected":false},"author":3,"featured_media":0,"comment_status":"open","ping_status":"open","sticky":false,"template":"","format":"standard","meta":{"footnotes":""},"categories":[22],"tags":[],"class_list":["post-171489","post","type-post","status-publish","format-standard","hentry","category-politica"],"_links":{"self":[{"href":"https:\/\/diariodominicano.com\/index.php?rest_route=\/wp\/v2\/posts\/171489","targetHints":{"allow":["GET"]}}],"collection":[{"href":"https:\/\/diariodominicano.com\/index.php?rest_route=\/wp\/v2\/posts"}],"about":[{"href":"https:\/\/diariodominicano.com\/index.php?rest_route=\/wp\/v2\/types\/post"}],"author":[{"embeddable":true,"href":"https:\/\/diariodominicano.com\/index.php?rest_route=\/wp\/v2\/users\/3"}],"replies":[{"embeddable":true,"href":"https:\/\/diariodominicano.com\/index.php?rest_route=%2Fwp%2Fv2%2Fcomments&post=171489"}],"version-history":[{"count":0,"href":"https:\/\/diariodominicano.com\/index.php?rest_route=\/wp\/v2\/posts\/171489\/revisions"}],"wp:attachment":[{"href":"https:\/\/diariodominicano.com\/index.php?rest_route=%2Fwp%2Fv2%2Fmedia&parent=171489"}],"wp:term":[{"taxonomy":"category","embeddable":true,"href":"https:\/\/diariodominicano.com\/index.php?rest_route=%2Fwp%2Fv2%2Fcategories&post=171489"},{"taxonomy":"post_tag","embeddable":true,"href":"https:\/\/diariodominicano.com\/index.php?rest_route=%2Fwp%2Fv2%2Ftags&post=171489"}],"curies":[{"name":"wp","href":"https:\/\/api.w.org\/{rel}","templated":true}]}}