{"id":171487,"date":"2018-01-19T10:21:20","date_gmt":"2018-01-19T10:21:20","guid":{"rendered":"http:\/\/diariodominicano.ddns.net\/?p=171487"},"modified":"2018-01-19T10:21:20","modified_gmt":"2018-01-19T10:21:20","slug":"paliza-asegura-tiene-como-tarea-organizar-el-prm","status":"publish","type":"post","link":"https:\/\/diariodominicano.com\/?p=171487","title":{"rendered":"Paliza asegura tiene como tarea organizar el PRM"},"content":{"rendered":"<p><body><\/p>\n<p><img decoding=\"async\" src=\"img3\/paliza19.jpg\" \/>  <\/p>\n<p><span class=\"text1noticias\">Puerto Plata, R. D., 19 de enero, 2018.- El aspirante a la  presidencia del Partido Revolucionario Moderno (PRM); Jos\u00e9 Ignacio Paliza, asegur\u00f3 hoy que su objetivo de alcanzar ahora la m\u00e1xima direcci\u00f3n del principal partido opositor del pa\u00eds, es para empezar a trabajar de forma ardua en la organizaci\u00f3n y adecuaci\u00f3n de esa organizaci\u00f3n pol\u00edtica, salvaguardando los mejores intereses de la sociedad y de toda la Rep\u00fablica Dominicana. <\/span><\/p>\n<\/p>\n<p><span class=\"text1noticias\">Al encabezar un encuentro con dirigentes del PRM en esta ciudad, dijo que lo primero que har\u00e1 desde la presidencia de ese partido ser\u00e1 convocar a un congreso en el que se pueda escuchar a la militancia hacia d\u00f3nde quiere que el partido vaya, bajo qu\u00e9 preceptos, y despu\u00e9s de ese congreso hacer una reforma estatutaria que pueda permitir que el partido tenga una organizaci\u00f3n mucho m\u00e1s horizontal que vertical.<\/span><\/p>\n<\/p>\n<p><span class=\"text1noticias\">Paliza quien con solo 36 a\u00f1os de edad es el senador m\u00e1s joven del pa\u00eds y que sigue causando la admiraci\u00f3n de los dominicanos por su mete\u00f3rica carrera pol\u00edtica, sostuvo que su proyecto no es de nadie en particular, debido a que dicho proyecto es intergeneracional en el que tenemos que abrazarnos todos para tirar hacia adelante una partido que no le pertenece exclusivamente a los perreme\u00edstas.<\/span><\/p>\n<\/p>\n<p><span class=\"text1noticias\">Asegur\u00f3 que es una persona que usualmente intenta conciliar, que no le gusta la din\u00e1mica que se da de grupos y por tanto siempre ha propugnado por un ejercicio pol\u00edtico horizontal dejando atr\u00e1s el manejo vertical y unipersonal que siempre se da en la direcci\u00f3n partidaria nacional, haciendo que los j\u00f3venes y personas de toda la sociedad incursiones en la pol\u00edtica para aportar al desarrollo de la naci\u00f3n.<\/span><\/p>\n<\/p>\n<p><span class=\"text1noticias\">En ese mismo orden, subray\u00f3 que cada vicepresidente y subsecretario general del PRM deber\u00e1n tener una funci\u00f3n espec\u00edfica qu\u00e9 cumplir, para lo cual han de crearse nuevos departamentos y un seguimiento d\u00eda a d\u00eda de las pol\u00edticas p\u00fablicas y las pol\u00edticas de Estado que se ejercen desde diferentes estamentos y diferentes \u00e1reas del quehacer social.<\/span><\/p>\n<\/p>\n<p><span class=\"text1noticias\">Plante\u00f3 la elaboraci\u00f3n de un branding (proceso de hacer y construir una marca mediante la administraci\u00f3n estrat\u00e9gica) que cuando se recorra el pa\u00eds y se vea un local del partido, los ciudadanos lo identifiquen de inmediato que ese es PRM y qu\u00e9 significa el PRM, con colores homog\u00e9neos, s\u00edmbolos y letreros homog\u00e9neos.<\/span><\/p>\n<\/p>\n<p><span class=\"text1noticias\">Jos\u00e9 Ignacio Paliza, tambi\u00e9n a\u00f1adi\u00f3 que trabajar\u00e1 para descentralizar las funciones de las direcciones municipales y provinciales del PRM, porque seg\u00fan expuso la construcci\u00f3n del propio eje de oposici\u00f3n, no puede realizarse desde la Capital, se debe hacer en cada rinc\u00f3n del pa\u00eds donde el Partido Revolucionario Moderno (PRM) est\u00e9 presente construyendo alternativas viables.<\/span><\/p>\n<h6> 2018-01-19 10:21:20 <\/h6>\n<p><!--\n<link rel=\"stylesheet\" href=\"css\/bootstrap.min.css\">\n\n\n<ul class=\"pagination\">\n\t    \n\t\n\n<li >\n\t<a href='?page_no=6788'>Previous<\/a>\n\t<\/li>\n\n\n       \n    \n\n<li><a href='?page_no=1'>1<\/a><\/li>\n\n\n\n<li><a href='?page_no=2'>2<\/a><\/li>\n\n\n\n<li><a>...<\/a><\/li>\n\n\n\n<li><a href='?page_no=6787'>6787<\/a><\/li>\n\n\n\n<li><a href='?page_no=6788'>6788<\/a><\/li>\n\n\n\n<li class='active'><a>6789<\/a><\/li>\n\n\n\n<li><a href='?page_no=6790'>6790<\/a><\/li>\n\n\n\n<li><a href='?page_no=6791'>6791<\/a><\/li>\n\n\n\n<li><a>...<\/a><\/li>\n\n\n\n<li><a href='?page_no=36999'>36999<\/a><\/li>\n\n\n\n<li><a href='?page_no=37000'>37000<\/a><\/li>\n\n    \n\t\n\n<li >\n\t<a href='?page_no=6790'>Next<\/a>\n\t<\/li>\n\n\n    \n\n<li><a href='?page_no=37000'>Last &rsaquo;&rsaquo;<\/a><\/li>\n\n<\/ul>\n\n\n--><br \/>\n<\/body><\/p>\n","protected":false},"excerpt":{"rendered":"<p>Puerto Plata, R. D., 19 de enero, 2018.- El aspirante a la presidencia del Partido Revolucionario Moderno (PRM); Jos\u00e9 Ignacio Paliza, asegur\u00f3 hoy que su objetivo de alcanzar ahora la m\u00e1xima direcci\u00f3n del principal partido opositor del pa\u00eds, es para empezar a trabajar de forma ardua en la organizaci\u00f3n y adecuaci\u00f3n de esa organizaci\u00f3n pol\u00edtica, [&hellip;]<\/p>\n","protected":false},"author":3,"featured_media":0,"comment_status":"open","ping_status":"open","sticky":false,"template":"","format":"standard","meta":{"footnotes":""},"categories":[22],"tags":[],"class_list":["post-171487","post","type-post","status-publish","format-standard","hentry","category-politica"],"_links":{"self":[{"href":"https:\/\/diariodominicano.com\/index.php?rest_route=\/wp\/v2\/posts\/171487","targetHints":{"allow":["GET"]}}],"collection":[{"href":"https:\/\/diariodominicano.com\/index.php?rest_route=\/wp\/v2\/posts"}],"about":[{"href":"https:\/\/diariodominicano.com\/index.php?rest_route=\/wp\/v2\/types\/post"}],"author":[{"embeddable":true,"href":"https:\/\/diariodominicano.com\/index.php?rest_route=\/wp\/v2\/users\/3"}],"replies":[{"embeddable":true,"href":"https:\/\/diariodominicano.com\/index.php?rest_route=%2Fwp%2Fv2%2Fcomments&post=171487"}],"version-history":[{"count":0,"href":"https:\/\/diariodominicano.com\/index.php?rest_route=\/wp\/v2\/posts\/171487\/revisions"}],"wp:attachment":[{"href":"https:\/\/diariodominicano.com\/index.php?rest_route=%2Fwp%2Fv2%2Fmedia&parent=171487"}],"wp:term":[{"taxonomy":"category","embeddable":true,"href":"https:\/\/diariodominicano.com\/index.php?rest_route=%2Fwp%2Fv2%2Fcategories&post=171487"},{"taxonomy":"post_tag","embeddable":true,"href":"https:\/\/diariodominicano.com\/index.php?rest_route=%2Fwp%2Fv2%2Ftags&post=171487"}],"curies":[{"name":"wp","href":"https:\/\/api.w.org\/{rel}","templated":true}]}}