{"id":171486,"date":"2018-01-19T12:47:42","date_gmt":"2018-01-19T12:47:42","guid":{"rendered":"http:\/\/diariodominicano.ddns.net\/?p=171486"},"modified":"2018-01-19T12:47:42","modified_gmt":"2018-01-19T12:47:42","slug":"en-la-conclusion-del-iv-foro-de-santo-domingo-resaltan-la-necesidad-de-que-al-avance-en-el-camino-de-las-reformas-para-consolidar-sus-democracias","status":"publish","type":"post","link":"https:\/\/diariodominicano.com\/?p=171486","title":{"rendered":"En la conclusi\u00f3n del IV Foro de Santo Domingo resaltan la necesidad de que AL avance en el camino de las reformas para consolidar sus  democracias&#13;"},"content":{"rendered":"<p><body><\/p>\n<p><img decoding=\"async\" src=\"img3\/foro12.jpg\" \/>  <\/p>\n<p>El expresidente Leonel Fern\u00e1ndez y Daniel Zovatto, director regional para Am\u00e9rica Latina y el Caribe de IDEA Internacional ofrecieron un resumen de las reflexiones finales del encuentro,  en el acto de clausura, este jueves 18, en Funglode.<\/p>\n<\/p>\n<p>(Santo Domingo, 19 de enero de 2018).- El expresidente de la Rep\u00fablica Dominicana, Leonel Fern\u00e1ndez, celebr\u00f3 el \u00e9xito del IV Foro Internacional de Santo Domingo por la calidad de las exposiciones y recomendaciones finales, entre las que destac\u00f3 la necesidad de crear modelos de desarrollo econ\u00f3mico que permitan a los pa\u00edses latinoamericanos ser m\u00e1s competitivos e innovadores.<\/p>\n<\/p>\n<p>Otra de las conclusiones compartidas por Fern\u00e1ndez se refiere a la urgencia que tiene Am\u00e9rica Latina de lograr mayor productividad para generar bienes y servicios con m\u00e1s valor agregado y una inserci\u00f3n internacional que se traduzca en un aumento de la generaci\u00f3n de riqueza.<\/p>\n<\/p>\n<p>Tambi\u00e9n mencion\u00f3 los desaf\u00edos de gobernabilidad e institucionales que tiene la regi\u00f3n por delante. Entre estos \u00faltimos hizo alusi\u00f3n al fortalecimiento del estado democr\u00e1tico y social de derecho y al problema de la seguridad ciudadana, el cual es considerado \u00abtransversal, pr\u00e1cticamente, a todos los pueblos de Am\u00e9rica Latina\u00bb.<\/p>\n<\/p>\n<p>Puso de relieve, adem\u00e1s, la consolidaci\u00f3n de la democracia en Am\u00e9rica Latina. \u00abSe reconoce hoy d\u00eda que cuatro d\u00e9cadas despu\u00e9s de que la democracia es el sistema pol\u00edtico dominante en Am\u00e9rica Latina, las elecciones constituyen la \u00fanica forma leg\u00edtima de acceso hacia el poder\u00bb, a pesar de los desaf\u00edos que enfrenta.<\/p>\n<\/p>\n<p>Fern\u00e1ndez resumi\u00f3 junto a Daniel Zovatto, director regional para Am\u00e9rica Latina y el Caribe del Instituto Internacional para la Democracia y Asistencia Electoral (IDEA Internacional) las conclusiones del Foro, inaugurado el martes 16 con la participaci\u00f3n de los expresidentes Ernesto Samper, de Colombia; Carlos Mesa, de Bolivia y Vinicio Cerezo, de Guatemala, e intelectuales, pol\u00edticos y periodistas de Iberoam\u00e9rica, Estados Unidos y Europa. \u00abEl estado de la democracia en Am\u00e9rica Latina: 40 a\u00f1os desde la tercera ola de la democracia\u00bb fue el tema de su IV edici\u00f3n.<\/p>\n<\/p>\n<p>Zovatto resalt\u00f3, por su lado, las asignaturas pendientes que tiene Am\u00e9rica Latina, a las que, subray\u00f3, \u00abhay que entrarles porque se est\u00e1 agotando el tiempo\u00bb, y porque  tambi\u00e9n \u00abse han ido sumando nuevos desaf\u00edos\u00bb.<\/p>\n<\/p>\n<p>\u00abHacemos un llamado muy fuerte ?dijo el polit\u00f3logo- para fortalecer la institucionalidad democr\u00e1tica, particularmente para modernizar, institucionalizar y democratizar los partidos pol\u00edticos. Todo el tema del financiamiento pol\u00edtico que lo vemos cada vez m\u00e1s importante\u00bb. <\/p>\n<\/p>\n<p>Dijo que en muchos casos, \u00abel tema del financiamiento pol\u00edtico constituye la puerta de entrada para la corrupci\u00f3n y para los procesos de captura del estado\u00bb.<\/p>\n<\/p>\n<p>Zovatto destac\u00f3 igualmente la atenci\u00f3n que puso el Foro en temas abordados en sesiones anteriores, entre ellos, lo relativo a  la modernizaci\u00f3n del Estado y  la institucionalidad democr\u00e1tica.<\/p>\n<\/p>\n<p>Retom\u00f3 lo antes dicho por el expresidente Fern\u00e1ndez, sobre la necesidad de avanzar en una diversificaci\u00f3n de la matriz productiva que permita tener tasas de crecimiento sostenida para un desarrollo humano tambi\u00e9n sostenible.<\/p>\n<\/p>\n<p>La Fundaci\u00f3n Global Democracia y Desarrollo (Funglode) organiz\u00f3 el foro, inaugurado el martes 16, junto a IDEA Internacional.<\/p>\n<p>El IV Foro Internacional de Santo Domingo evalu\u00f3 el estado de salud de las democracias latinoamericanas y sus instituciones, a fin de propiciar una reflexi\u00f3n sobre las prioridades y los desaf\u00edos de la agenda pol\u00edtico-institucional y socioecon\u00f3mica para la regi\u00f3n en los pr\u00f3ximos a\u00f1os.  <\/p>\n<\/p>\n<p>El encuentro se desarroll\u00f3  a las puertas de un marat\u00f3n electoral regional.  Entre 2017 y 2019, 15 de los 18 pa\u00edses de la regi\u00f3n van a celebrar elecciones presidenciales. <\/p>\n<\/p>\n<p>Sesiones de exposiciones y debates<\/p>\n<\/p>\n<p>Tras el panel inaugural, que abord\u00f3 el \u00abEstado de democracia a nivel global y en Am\u00e9rica Latina\u00bb, con las exposiciones del doctor Fern\u00e1ndez, Samper, Mesa y Cerezo, y la moderaci\u00f3n de  Zovatto, se desarrollaron siete mesas de discusi\u00f3n, durante los dos d\u00edas siguientes. <\/p>\n<\/p>\n<p>El mi\u00e9rcoles 17, la primera sesi\u00f3n se enfoc\u00f3 en el \u00abAn\u00e1lisis del contexto pol\u00edtico democr\u00e1tico en Am\u00e9rica Latina\u00bb, presidida por Fern\u00e1ndez, con la participaci\u00f3n de Esperanza Mart\u00ednez, senadora de Paraguay; Tony Raful, diputado y presidente del Parlamento Centroamericano;  Ignacio Walker, senador de la Rep\u00fablica de Chile, y Lourdes Flores, expresidenta del Partido Popular Cristiano (PPC), de Per\u00fa. <\/p>\n<\/p>\n<p>La segunda sesi\u00f3n desarroll\u00f3 el tema: \u00abAn\u00e1lisis de la marat\u00f3n electoral 2018 en Am\u00e9rica Latina desde la perspectiva de la integridad electoral\u00bb. Tuvo como expositores a Luis Vicente Le\u00f3n, presidente de Datan\u00e1lisis; Josette Altmann, secretaria general de la Facultad Latinoamericana de Ciencias Sociales (FLACSO);  Adriana Mej\u00eda Hern\u00e1ndez, directora ejecutiva del Instituto de Ciencia Pol\u00edtica Hern\u00e1n Echavarr\u00eda Ol\u00f3zaga; Jos\u00e9 Woldenberd, expresidente del Instituto de Estudios de la Transici\u00f3n Democr\u00e1tica; Torquato Jardim, ministro de Justicia y Seguridad P\u00fablica, de Brasil, y Guzm\u00e1n Ibarra, presidente de la Asociaci\u00f3n de Ciencia Pol\u00edtica del Paraguay.  La mesa estuvo dirigida por Daniel Zovatto. <\/p>\n<\/p>\n<p>El \u00abAn\u00e1lisis del contexto socioecon\u00f3mico en Am\u00e9rica Latina\u00bb, centr\u00f3 la tercera sesi\u00f3n, moderada por Ernesto Samper, con las intervenciones de Hugo Beteta, director de la sede subregional de la Comisi\u00f3n Econ\u00f3mica para Am\u00e9rica Latina y el Caribe (CEPAL), en M\u00e9xico; Jos\u00e9 Manuel Salazar Xirinachs, director regional para Am\u00e9rica Latina y el Caribe de la Organizaci\u00f3n Internacional del Trabajo (OIT); Margarita Cede\u00f1o de Fern\u00e1ndez, vicepresidenta de la Rep\u00fablica Dominicana,  y el analista pol\u00edtico Carlo Alzugaray.<\/p>\n<\/p>\n<p>El director ejecutivo de Funglode, Marco Herrera, encabez\u00f3 la cuarta sesi\u00f3n, en la que analizaron la \u00abNueva agenda de la clase media en Am\u00e9rica Latina\u00bb. Participaron Michael Ried, editor senior de la revista The Economist; Sergio Bitar, exministro de Chile, acad\u00e9mico y presidente de la Fundaci\u00f3n por la Democracia,  y M\u00f3nica Xavier Yelpo, pol\u00edtica uruguaya.<\/p>\n<\/p>\n<p>La ma\u00f1ana del jueves 18, Vinicio Cerezo presidi\u00f3 la quinta sesi\u00f3n, con las exposiciones de Iv\u00e1n Vel\u00e1squez, comisionado de la Comisi\u00f3n Internacional contra la Impunidad en Guatemala; Juan Carlos Botero, director ejecutivo del World Justice Project; Cynthia Arnson, directora del Programa Latinoamericano del Woodrow Wilson International Center for Scholars y Josefina Reynoso Chic\u00f3n, directora del Centro de Estudios de Seguridad y Defensa (CESEDE), quienes reflexionaron sobre el  \u00abEstado de derecho: inseguridad, corrupci\u00f3n e impunidad en Am\u00e9rica Latina\u00bb.<\/p>\n<\/p>\n<p>El \u00abImpacto de las redes sociales\/ Posverdad en la democracia\u00bb, fue analizado en la sexta sesi\u00f3n, moderada por el expresidente Mesa, con las intervenciones de los periodistas Jos\u00e9 Fontevecchia y Fernando Fuentes;  Sergio Gohana, diputado de Chile, y Jos\u00e9 Luis Vargas, magistrado Electoral del Tribunal Electoral de Poder Judicial de la Federaci\u00f3n (TEPJF) de M\u00e9xico.<\/p>\n<\/p>\n<p>En la sesi\u00f3n final, Luis Vicente Le\u00f3n, presidente de Datan\u00e1lisis; Pedro Ben\u00edtez, coordinador de la Comisi\u00f3n de Pol\u00edticas P\u00fablicas de la Mesa de la Unidad Democr\u00e1tica,  y la historiadora Mar\u00eda Eugenia Mosquera evaluaron \u00abLa crisis en Venezuela\u00bb. La mesa fue presidida por Sergio Bitar. <\/p>\n<h6> 2018-01-19 12:47:42 <\/h6>\n<p><!--\n<link rel=\"stylesheet\" href=\"css\/bootstrap.min.css\">\n\n\n<ul class=\"pagination\">\n\t    \n\t\n\n<li >\n\t<a href='?page_no=6787'>Previous<\/a>\n\t<\/li>\n\n\n       \n    \n\n<li><a href='?page_no=1'>1<\/a><\/li>\n\n\n\n<li><a href='?page_no=2'>2<\/a><\/li>\n\n\n\n<li><a>...<\/a><\/li>\n\n\n\n<li><a href='?page_no=6786'>6786<\/a><\/li>\n\n\n\n<li><a href='?page_no=6787'>6787<\/a><\/li>\n\n\n\n<li class='active'><a>6788<\/a><\/li>\n\n\n\n<li><a href='?page_no=6789'>6789<\/a><\/li>\n\n\n\n<li><a href='?page_no=6790'>6790<\/a><\/li>\n\n\n\n<li><a>...<\/a><\/li>\n\n\n\n<li><a href='?page_no=36999'>36999<\/a><\/li>\n\n\n\n<li><a href='?page_no=37000'>37000<\/a><\/li>\n\n    \n\t\n\n<li >\n\t<a href='?page_no=6789'>Next<\/a>\n\t<\/li>\n\n\n    \n\n<li><a href='?page_no=37000'>Last &rsaquo;&rsaquo;<\/a><\/li>\n\n<\/ul>\n\n\n--><br \/>\n<\/body><\/p>\n","protected":false},"excerpt":{"rendered":"<p>El expresidente Leonel Fern\u00e1ndez y Daniel Zovatto, director regional para Am\u00e9rica Latina y el Caribe de IDEA Internacional ofrecieron un resumen de las reflexiones finales del encuentro, en el acto de clausura, este jueves 18, en Funglode. (Santo Domingo, 19 de enero de 2018).- El expresidente de la Rep\u00fablica Dominicana, Leonel Fern\u00e1ndez, celebr\u00f3 el \u00e9xito [&hellip;]<\/p>\n","protected":false},"author":3,"featured_media":0,"comment_status":"open","ping_status":"open","sticky":false,"template":"","format":"standard","meta":{"footnotes":""},"categories":[22],"tags":[],"class_list":["post-171486","post","type-post","status-publish","format-standard","hentry","category-politica"],"_links":{"self":[{"href":"https:\/\/diariodominicano.com\/index.php?rest_route=\/wp\/v2\/posts\/171486","targetHints":{"allow":["GET"]}}],"collection":[{"href":"https:\/\/diariodominicano.com\/index.php?rest_route=\/wp\/v2\/posts"}],"about":[{"href":"https:\/\/diariodominicano.com\/index.php?rest_route=\/wp\/v2\/types\/post"}],"author":[{"embeddable":true,"href":"https:\/\/diariodominicano.com\/index.php?rest_route=\/wp\/v2\/users\/3"}],"replies":[{"embeddable":true,"href":"https:\/\/diariodominicano.com\/index.php?rest_route=%2Fwp%2Fv2%2Fcomments&post=171486"}],"version-history":[{"count":0,"href":"https:\/\/diariodominicano.com\/index.php?rest_route=\/wp\/v2\/posts\/171486\/revisions"}],"wp:attachment":[{"href":"https:\/\/diariodominicano.com\/index.php?rest_route=%2Fwp%2Fv2%2Fmedia&parent=171486"}],"wp:term":[{"taxonomy":"category","embeddable":true,"href":"https:\/\/diariodominicano.com\/index.php?rest_route=%2Fwp%2Fv2%2Fcategories&post=171486"},{"taxonomy":"post_tag","embeddable":true,"href":"https:\/\/diariodominicano.com\/index.php?rest_route=%2Fwp%2Fv2%2Ftags&post=171486"}],"curies":[{"name":"wp","href":"https:\/\/api.w.org\/{rel}","templated":true}]}}