{"id":171485,"date":"2018-01-19T13:16:33","date_gmt":"2018-01-19T13:16:33","guid":{"rendered":"http:\/\/diariodominicano.ddns.net\/?p=171485"},"modified":"2018-01-19T13:16:33","modified_gmt":"2018-01-19T13:16:33","slug":"cooperativa-de-empleados-del-pld-reparte-utilidades","status":"publish","type":"post","link":"https:\/\/diariodominicano.com\/?p=171485","title":{"rendered":"Cooperativa de empleados del PLD reparte utilidades"},"content":{"rendered":"<p><body><\/p>\n<p><img decoding=\"async\" src=\"img3\/peled2.jpg\" \/>  <\/p>\n<p>El pasado a\u00f1o 2017 la cooperativa de ahorros y pr\u00e9stamos de la Casa Nacional del Partido de la Liberaci\u00f3n Dominicana (PLD) aprob\u00f3 179  pr\u00e9stamos por un monto  superior a los siete  millones  pesos, utilizados por los empleados de la sede nacional del PLD en iniciales de casas y apartamentos, compra de solares, veh\u00edculos y electrodom\u00e9sticos, entre otras operaciones.<\/p>\n<\/p>\n<p>La cifra se ofreci\u00f3 en una asamblea de sus socios, que son los empleados de la sede nacional del PLD, en la que tambi\u00e9n se afinaron detalles para los controles y reglamentos internos.<\/p>\n<\/p>\n<p>La asamblea se realiz\u00f3 en uno de los salones de la Casa Nacional  presidida por el diputado  Francisco Liranzo, quien es el Presidente- Tesorero de la cooperativa,  Junto a  Audilio Vargas, Jos\u00e9 Paulino Pe\u00f1a y  H\u00e9ctor Olivo, del Consejo de Administraci\u00f3n.<\/p>\n<\/p>\n<p>Justo con el inicio del a\u00f1o  2018 se le inform\u00f3  a cada socio el monto que le correspondi\u00f3 al repartir entre los miembros la ganancia neta del  2017, entrega que se hizo de inmediato,  al concluir el encuentro.<\/p>\n<\/p>\n<p>Mensualmente a cada ahorrante se le paga un 1 (uno) por ciento de los ahorros de inter\u00e9s y al inicio del a\u00f1o  las utilidades o ganancias   se reparten personalmente a cada socio en proporci\u00f3n a sus ahorros.<\/p>\n<\/p>\n<p>\u00abEn los once a\u00f1os que tenemos funcionando hemos auxiliado a nuestros compa\u00f1eros a mejorar sus condiciones de vida, evitando que sean v\u00edctimas de la usura\u00bb  dijo Liranzo en la asamblea.<\/p>\n<\/p>\n<p>Se defini\u00f3 la cooperativa como una asociaci\u00f3n de protecci\u00f3n de empleados, la que pese a no estar afiliada al sistema cooperativo nacional,  se gu\u00eda por sus  lineamientos  generales  en el que la colectividad y la solidaridad  en lo m\u00e1s preciado.<\/p>\n<\/p>\n<p>Liranzo en su exposici\u00f3n reiter\u00f3 el respaldo que le ha dado la direcci\u00f3n del Partido en la persona de su Secretario General, Reinaldo Pared P\u00e9rez a la asociaci\u00f3n de protecci\u00f3n y auxilio del personal   <\/p>\n<h6> 2018-01-19 13:16:33 <\/h6>\n<p><!--\n<link rel=\"stylesheet\" href=\"css\/bootstrap.min.css\">\n\n\n<ul class=\"pagination\">\n\t    \n\t\n\n<li >\n\t<a href='?page_no=6786'>Previous<\/a>\n\t<\/li>\n\n\n       \n    \n\n<li><a href='?page_no=1'>1<\/a><\/li>\n\n\n\n<li><a href='?page_no=2'>2<\/a><\/li>\n\n\n\n<li><a>...<\/a><\/li>\n\n\n\n<li><a href='?page_no=6785'>6785<\/a><\/li>\n\n\n\n<li><a href='?page_no=6786'>6786<\/a><\/li>\n\n\n\n<li class='active'><a>6787<\/a><\/li>\n\n\n\n<li><a href='?page_no=6788'>6788<\/a><\/li>\n\n\n\n<li><a href='?page_no=6789'>6789<\/a><\/li>\n\n\n\n<li><a>...<\/a><\/li>\n\n\n\n<li><a href='?page_no=36999'>36999<\/a><\/li>\n\n\n\n<li><a href='?page_no=37000'>37000<\/a><\/li>\n\n    \n\t\n\n<li >\n\t<a href='?page_no=6788'>Next<\/a>\n\t<\/li>\n\n\n    \n\n<li><a href='?page_no=37000'>Last &rsaquo;&rsaquo;<\/a><\/li>\n\n<\/ul>\n\n\n--><br \/>\n<\/body><\/p>\n","protected":false},"excerpt":{"rendered":"<p>El pasado a\u00f1o 2017 la cooperativa de ahorros y pr\u00e9stamos de la Casa Nacional del Partido de la Liberaci\u00f3n Dominicana (PLD) aprob\u00f3 179 pr\u00e9stamos por un monto superior a los siete millones pesos, utilizados por los empleados de la sede nacional del PLD en iniciales de casas y apartamentos, compra de solares, veh\u00edculos y electrodom\u00e9sticos, [&hellip;]<\/p>\n","protected":false},"author":3,"featured_media":0,"comment_status":"open","ping_status":"open","sticky":false,"template":"","format":"standard","meta":{"footnotes":""},"categories":[22],"tags":[],"class_list":["post-171485","post","type-post","status-publish","format-standard","hentry","category-politica"],"_links":{"self":[{"href":"https:\/\/diariodominicano.com\/index.php?rest_route=\/wp\/v2\/posts\/171485","targetHints":{"allow":["GET"]}}],"collection":[{"href":"https:\/\/diariodominicano.com\/index.php?rest_route=\/wp\/v2\/posts"}],"about":[{"href":"https:\/\/diariodominicano.com\/index.php?rest_route=\/wp\/v2\/types\/post"}],"author":[{"embeddable":true,"href":"https:\/\/diariodominicano.com\/index.php?rest_route=\/wp\/v2\/users\/3"}],"replies":[{"embeddable":true,"href":"https:\/\/diariodominicano.com\/index.php?rest_route=%2Fwp%2Fv2%2Fcomments&post=171485"}],"version-history":[{"count":0,"href":"https:\/\/diariodominicano.com\/index.php?rest_route=\/wp\/v2\/posts\/171485\/revisions"}],"wp:attachment":[{"href":"https:\/\/diariodominicano.com\/index.php?rest_route=%2Fwp%2Fv2%2Fmedia&parent=171485"}],"wp:term":[{"taxonomy":"category","embeddable":true,"href":"https:\/\/diariodominicano.com\/index.php?rest_route=%2Fwp%2Fv2%2Fcategories&post=171485"},{"taxonomy":"post_tag","embeddable":true,"href":"https:\/\/diariodominicano.com\/index.php?rest_route=%2Fwp%2Fv2%2Ftags&post=171485"}],"curies":[{"name":"wp","href":"https:\/\/api.w.org\/{rel}","templated":true}]}}