{"id":171484,"date":"2018-01-19T13:21:45","date_gmt":"2018-01-19T13:21:45","guid":{"rendered":"http:\/\/diariodominicano.ddns.net\/?p=171484"},"modified":"2018-01-19T13:21:45","modified_gmt":"2018-01-19T13:21:45","slug":"rafael-perez-modesto-destaca-capacidad-de-las-y-los-peledeistas-para-resolver-diferencias-internas","status":"publish","type":"post","link":"https:\/\/diariodominicano.com\/?p=171484","title":{"rendered":"Rafael P\u00e9rez Modesto destaca capacidad de las y los pelede\u00edstas para resolver diferencias internas."},"content":{"rendered":"<p><body><\/p>\n<p><img decoding=\"async\" src=\"img3\/rol1.jpg\" \/>  <\/p>\n<p>Rafael P\u00e9rez Modesto, Vicesecretario General del Partido de la Liberaci\u00f3n Dominicana (PLD),  dijo no ver ninguna posibilidad de divisi\u00f3n a lo interno de esa organizaci\u00f3n, pese a pronunciamientos de algunos de sus dirigentes interpretados en los medios de comunicaci\u00f3n en esa direcci\u00f3n.<\/p>\n<\/p>\n<p>\u00abNo la veo en realidad\u00bb, acot\u00f3 P\u00e9rez Modesto tras se\u00f1alar que  conoce bien la organizaci\u00f3n desde los propios inicios.<\/p>\n<\/p>\n<p>El dirigente pelede\u00edsta inform\u00f3 que ha vivido momentos dif\u00edciles a lo interno, incluso  de  crisis en el seno de la organizaci\u00f3n a lo largo de sus 44 a\u00f1os y siempre se ha arribado a soluciones.<\/p>\n<\/p>\n<p>\u00abDificultades  el 78, en el 82, con salidas incluso, de miembros  del Comit\u00e9 Central, del Secretario General del partido, dos veces (&#8230;..), dificultad en el 1991, esta vez con la salida de miembros  del Comit\u00e9 Pol\u00edtico\u00bb, cit\u00f3 P\u00e9rez Modesto en un parte remitido a los medios de comunicaci\u00f3n  por la Secretar\u00eda de Comunicaciones del PLD.<\/p>\n<\/p>\n<p>Todas se han resuelto, acot\u00f3 P\u00e9rez Modesto tras sostener  que el PLD sabe la responsabilidad que tiene sobre sus hombros de continuar transformando el pa\u00eds y que conoce como nadie la importancia de que lo personal est\u00e9 por debajo del inter\u00e9s colectivo.<\/p>\n<\/p>\n<p>Hizo saber que los pron\u00f3sticos de hecatombe y de derrumbe a lo interno del PLD se han realizado siempre, respondiendo la direcci\u00f3n partidaria con la consigna de unidad y apego a sus m\u00e9todos para dirimir conflictos.<\/p>\n<h6> 2018-01-19 13:21:45 <\/h6>\n<p><!--\n<link rel=\"stylesheet\" href=\"css\/bootstrap.min.css\">\n\n\n<ul class=\"pagination\">\n\t    \n\t\n\n<li >\n\t<a href='?page_no=6785'>Previous<\/a>\n\t<\/li>\n\n\n       \n    \n\n<li><a href='?page_no=1'>1<\/a><\/li>\n\n\n\n<li><a href='?page_no=2'>2<\/a><\/li>\n\n\n\n<li><a>...<\/a><\/li>\n\n\n\n<li><a href='?page_no=6784'>6784<\/a><\/li>\n\n\n\n<li><a href='?page_no=6785'>6785<\/a><\/li>\n\n\n\n<li class='active'><a>6786<\/a><\/li>\n\n\n\n<li><a href='?page_no=6787'>6787<\/a><\/li>\n\n\n\n<li><a href='?page_no=6788'>6788<\/a><\/li>\n\n\n\n<li><a>...<\/a><\/li>\n\n\n\n<li><a href='?page_no=36999'>36999<\/a><\/li>\n\n\n\n<li><a href='?page_no=37000'>37000<\/a><\/li>\n\n    \n\t\n\n<li >\n\t<a href='?page_no=6787'>Next<\/a>\n\t<\/li>\n\n\n    \n\n<li><a href='?page_no=37000'>Last &rsaquo;&rsaquo;<\/a><\/li>\n\n<\/ul>\n\n\n--><br \/>\n<\/body><\/p>\n","protected":false},"excerpt":{"rendered":"<p>Rafael P\u00e9rez Modesto, Vicesecretario General del Partido de la Liberaci\u00f3n Dominicana (PLD), dijo no ver ninguna posibilidad de divisi\u00f3n a lo interno de esa organizaci\u00f3n, pese a pronunciamientos de algunos de sus dirigentes interpretados en los medios de comunicaci\u00f3n en esa direcci\u00f3n. \u00abNo la veo en realidad\u00bb, acot\u00f3 P\u00e9rez Modesto tras se\u00f1alar que conoce bien [&hellip;]<\/p>\n","protected":false},"author":3,"featured_media":0,"comment_status":"open","ping_status":"open","sticky":false,"template":"","format":"standard","meta":{"footnotes":""},"categories":[22],"tags":[],"class_list":["post-171484","post","type-post","status-publish","format-standard","hentry","category-politica"],"_links":{"self":[{"href":"https:\/\/diariodominicano.com\/index.php?rest_route=\/wp\/v2\/posts\/171484","targetHints":{"allow":["GET"]}}],"collection":[{"href":"https:\/\/diariodominicano.com\/index.php?rest_route=\/wp\/v2\/posts"}],"about":[{"href":"https:\/\/diariodominicano.com\/index.php?rest_route=\/wp\/v2\/types\/post"}],"author":[{"embeddable":true,"href":"https:\/\/diariodominicano.com\/index.php?rest_route=\/wp\/v2\/users\/3"}],"replies":[{"embeddable":true,"href":"https:\/\/diariodominicano.com\/index.php?rest_route=%2Fwp%2Fv2%2Fcomments&post=171484"}],"version-history":[{"count":0,"href":"https:\/\/diariodominicano.com\/index.php?rest_route=\/wp\/v2\/posts\/171484\/revisions"}],"wp:attachment":[{"href":"https:\/\/diariodominicano.com\/index.php?rest_route=%2Fwp%2Fv2%2Fmedia&parent=171484"}],"wp:term":[{"taxonomy":"category","embeddable":true,"href":"https:\/\/diariodominicano.com\/index.php?rest_route=%2Fwp%2Fv2%2Fcategories&post=171484"},{"taxonomy":"post_tag","embeddable":true,"href":"https:\/\/diariodominicano.com\/index.php?rest_route=%2Fwp%2Fv2%2Ftags&post=171484"}],"curies":[{"name":"wp","href":"https:\/\/api.w.org\/{rel}","templated":true}]}}