{"id":171482,"date":"2018-01-20T13:37:40","date_gmt":"2018-01-20T13:37:40","guid":{"rendered":"http:\/\/diariodominicano.ddns.net\/?p=171482"},"modified":"2018-01-20T13:37:40","modified_gmt":"2018-01-20T13:37:40","slug":"manuel-jimenez-afirma-sistema-de-corrupcion-e-impunidad-funciona-desde-el-palacio-nacional-propiciado-por-el-presidente-danilo-medina","status":"publish","type":"post","link":"https:\/\/diariodominicano.com\/?p=171482","title":{"rendered":"Manuel Jim\u00e9nez afirma: \u00absistema de corrupci\u00f3n e impunidad funciona desde el Palacio Nacional propiciado por el presidente Danilo Medina\u00bb"},"content":{"rendered":"<p><body><\/p>\n<p><img decoding=\"async\" src=\"img3\/Manuel y Vargavila.JPG\" \/>  <\/p>\n<\/p>\n<\/p>\n<p>Santo Domingo, R.D. 20 de enero, -El ex diputado y dirigente del movimiento Marcha Verde, Manuel Jim\u00e9nez asegur\u00f3 que el esquema de corrupci\u00f3n e impunidad que impera en el pa\u00eds funciona desde el Palacio Nacional y es propiciado por el presidente Danilo Medina.<\/p>\n<\/p>\n<\/p>\n<p>Entrevistado por el periodista Vargavila River\u00f3n en el programa \u00abFr\u00edas y Calientes\u00bb que se transmite por el canal Hilando Fino TV, Jim\u00e9nez afirm\u00f3 que la casa de gobierno ha sido convertida en el s\u00edmbolo de la corrupci\u00f3n, por lo cual decidieron realizar la manifestaci\u00f3n verde del pr\u00f3ximo 28 de enero en ese lugar.<\/p>\n<\/p>\n<\/p>\n<p>\u00abMarcha Verde el 28 de enero, el pa\u00eds que lucha por la transparencia estar\u00e1 reunido frente al Palacio, justo frente a lo que hemos denominado el s\u00edmbolo de la corrupci\u00f3n y de la impunidad porque los verdaderos y grandes actos de corrupci\u00f3n comienzan desde ah\u00ed, es donde funciona el sistema, ah\u00ed estaba instalada la oficina de Joao Santana con consentimiento del presidente Danilo Medina que es el inquilino del Palacio, la oficina de la mafia internacional de Odebrecht funcionaba en el Palacio y la dirig\u00eda el asesor del presidente\u00bb, declar\u00f3.<\/p>\n<\/p>\n<\/p>\n<p>Sostuvo que la presente gesti\u00f3n gubernamental destruy\u00f3 la institucionalidad del pa\u00eds porque se vincul\u00f3 directamente a la corrupci\u00f3n, asegurando adem\u00e1s que la lucha de la Marcha Verde ha contribuido a develar el esquema de actos dolosos instaurado por el Partido de la Liberaci\u00f3n Dominicana y el gobierno del presidente Danilo Medina.<\/p>\n<\/p>\n<\/p>\n<p>Dijo que hay buen entusiasmo de los dominicanos para la manifestaci\u00f3n de la Marcha Verde el pr\u00f3ximo 28 de enero frente al Palacio Nacional para exigir el cese de la impunidad y corrupci\u00f3n y que estar\u00e1 dedicada al 205 aniversario del natalicio del padre de la Patria, Juan Pablo Duarte, al tiempo que advirti\u00f3 que si el gobierno intenta reprimir la concentraci\u00f3n ser\u00eda una irracionalidad frente a una protesta pac\u00edfica y ciudadana.<\/p>\n<\/p>\n<\/p>\n<p>Asimismo, el dirigente pol\u00edtico consider\u00f3 que \u00abel gobierno est\u00e1 jugando con la econom\u00eda del pa\u00eds por los altos niveles de endeudamiento en que incurre, lo cual dijo podr\u00eda desencadenar en una crisis econ\u00f3mica\u00bb.<\/p>\n<\/p>\n<\/p>\n<p>Define como un desastre gesti\u00f3n alcalde SDE<\/p>\n<\/p>\n<p>En otro orden, Manuel Jim\u00e9nez calific\u00f3 de absurda un desastre la gesti\u00f3n del alcalde de Santo Domingo Este, Alfredo Mart\u00ednez (El Ca\u00f1ero), porque ha endeudado al ayuntamiento en m\u00e1s de mil 300 millones de pesos, afirmando que la corrupci\u00f3n en esa corporaci\u00f3n edilicia \u00abcampea\u00bb.<\/p>\n<\/p>\n<\/p>\n<p>\u00abEn menos de un a\u00f1o \u00e9l le ha aumentado a esa deuda m\u00e1s de 500 millones y no lo ha invertido en nada, porque a Santo Domingo Este usted va y no hay nada nuevo, que no sea m\u00e1s basura y represi\u00f3n a los ciudadanos y comerciantes, porque \u00e9l ha montado una banda paramilitar a su servicio compuesta por 120 militares que cobran en la alcald\u00eda\u00bb, manifest\u00f3.<\/p>\n<\/p>\n<p>Denunci\u00f3 que las empresas recolectoras de basura en esa demarcaci\u00f3n son propiedad del alcalde Alfredo Mart\u00ednez y pidi\u00f3 a la C\u00e1mara de Cuentas y los dem\u00e1s organismos de fiscalizaci\u00f3n del Estado que intervengan esa alcald\u00eda.<\/p>\n<h6> 2018-01-20 13:37:40 <\/h6>\n<p><!--\n<link rel=\"stylesheet\" href=\"css\/bootstrap.min.css\">\n\n\n<ul class=\"pagination\">\n\t    \n\t\n\n<li >\n\t<a href='?page_no=6783'>Previous<\/a>\n\t<\/li>\n\n\n       \n    \n\n<li><a href='?page_no=1'>1<\/a><\/li>\n\n\n\n<li><a href='?page_no=2'>2<\/a><\/li>\n\n\n\n<li><a>...<\/a><\/li>\n\n\n\n<li><a href='?page_no=6782'>6782<\/a><\/li>\n\n\n\n<li><a href='?page_no=6783'>6783<\/a><\/li>\n\n\n\n<li class='active'><a>6784<\/a><\/li>\n\n\n\n<li><a href='?page_no=6785'>6785<\/a><\/li>\n\n\n\n<li><a href='?page_no=6786'>6786<\/a><\/li>\n\n\n\n<li><a>...<\/a><\/li>\n\n\n\n<li><a href='?page_no=36999'>36999<\/a><\/li>\n\n\n\n<li><a href='?page_no=37000'>37000<\/a><\/li>\n\n    \n\t\n\n<li >\n\t<a href='?page_no=6785'>Next<\/a>\n\t<\/li>\n\n\n    \n\n<li><a href='?page_no=37000'>Last &rsaquo;&rsaquo;<\/a><\/li>\n\n<\/ul>\n\n\n--><br \/>\n<\/body><\/p>\n","protected":false},"excerpt":{"rendered":"<p>Santo Domingo, R.D. 20 de enero, -El ex diputado y dirigente del movimiento Marcha Verde, Manuel Jim\u00e9nez asegur\u00f3 que el esquema de corrupci\u00f3n e impunidad que impera en el pa\u00eds funciona desde el Palacio Nacional y es propiciado por el presidente Danilo Medina. Entrevistado por el periodista Vargavila River\u00f3n en el programa \u00abFr\u00edas y Calientes\u00bb [&hellip;]<\/p>\n","protected":false},"author":3,"featured_media":0,"comment_status":"open","ping_status":"open","sticky":false,"template":"","format":"standard","meta":{"footnotes":""},"categories":[22],"tags":[],"class_list":["post-171482","post","type-post","status-publish","format-standard","hentry","category-politica"],"_links":{"self":[{"href":"https:\/\/diariodominicano.com\/index.php?rest_route=\/wp\/v2\/posts\/171482","targetHints":{"allow":["GET"]}}],"collection":[{"href":"https:\/\/diariodominicano.com\/index.php?rest_route=\/wp\/v2\/posts"}],"about":[{"href":"https:\/\/diariodominicano.com\/index.php?rest_route=\/wp\/v2\/types\/post"}],"author":[{"embeddable":true,"href":"https:\/\/diariodominicano.com\/index.php?rest_route=\/wp\/v2\/users\/3"}],"replies":[{"embeddable":true,"href":"https:\/\/diariodominicano.com\/index.php?rest_route=%2Fwp%2Fv2%2Fcomments&post=171482"}],"version-history":[{"count":0,"href":"https:\/\/diariodominicano.com\/index.php?rest_route=\/wp\/v2\/posts\/171482\/revisions"}],"wp:attachment":[{"href":"https:\/\/diariodominicano.com\/index.php?rest_route=%2Fwp%2Fv2%2Fmedia&parent=171482"}],"wp:term":[{"taxonomy":"category","embeddable":true,"href":"https:\/\/diariodominicano.com\/index.php?rest_route=%2Fwp%2Fv2%2Fcategories&post=171482"},{"taxonomy":"post_tag","embeddable":true,"href":"https:\/\/diariodominicano.com\/index.php?rest_route=%2Fwp%2Fv2%2Ftags&post=171482"}],"curies":[{"name":"wp","href":"https:\/\/api.w.org\/{rel}","templated":true}]}}