{"id":171481,"date":"2018-01-20T19:32:12","date_gmt":"2018-01-20T19:32:12","guid":{"rendered":"http:\/\/diariodominicano.ddns.net\/?p=171481"},"modified":"2018-01-20T19:32:12","modified_gmt":"2018-01-20T19:32:12","slug":"hondurenos-viven-nueva-jornada-de-protestas-por-resultados-electorales","status":"publish","type":"post","link":"https:\/\/diariodominicano.com\/?p=171481","title":{"rendered":"Hondure\u00f1os viven nueva jornada de protestas por resultados electorales"},"content":{"rendered":"<p><body><\/p>\n<p><img decoding=\"async\" src=\"img3\/Honduras20.jpg\" \/><br \/><img decoding=\"async\" src=\"img3\/Hondurasdrevuelta20.jpg\" \/>  <\/p>\n<p><span class=\"text1noticias\">     TEGUCIGALPA, 20 ene (Xinhua) &#8212; Simpatizantes de la Alianza de Oposici\u00f3n protagonizaron hoy una nueva jornada de protestas, en reclamo de los resultados electorales del 26 de noviembre que favorecieron al gobernante Juan Orlando Hern\u00e1ndez.<\/span><\/p>\n<p><span class=\"text1noticias\"> <\/span><\/p>\n<p><span class=\"text1noticias\">     Con tomas de calles, los manifestantes iniciaron la jornada desde las 6:00 hora local (12:00 GMT), en Tegucigalpa y otras ciudades del pa\u00eds.<\/span><\/p>\n<p><span class=\"text1noticias\"> <\/span><\/p>\n<p><span class=\"text1noticias\">     Efectivos militares fueron desplegados para desalojar las calles y permitir la libre circulaci\u00f3n de los ciudadanos.<\/span><\/p>\n<p><span class=\"text1noticias\"> <\/span><\/p>\n<p><span class=\"text1noticias\">     Desde el pasado 16 de enero el coordinador de la Alianza de Oposici\u00f3n, Manuel Zelaya, anunci\u00f3 las tomas durante una rueda de prensa.<\/span><\/p>\n<p><span class=\"text1noticias\"> <\/span><\/p>\n<p><span class=\"text1noticias\">     Para ma\u00f1ana domingo se esperan manifestaciones frente al Congreso Nacional, durante la instalaci\u00f3n de las sesiones preparativas para el periodo 2018-2022.<\/span><\/p>\n<p><span class=\"text1noticias\"> <\/span><\/p>\n<p><span class=\"text1noticias\">     Otras acciones fueron planificadas para la toma de posesi\u00f3n presidencial del pr\u00f3ximo 27 de enero, cuando Hern\u00e1ndez jure por otros cuatro a\u00f1os al frente del gobi<\/span>erno.<\/p>\n<h6> 2018-01-20 19:32:12 <\/h6>\n<p><!--\n<link rel=\"stylesheet\" href=\"css\/bootstrap.min.css\">\n\n\n<ul class=\"pagination\">\n\t    \n\t\n\n<li >\n\t<a href='?page_no=6782'>Previous<\/a>\n\t<\/li>\n\n\n       \n    \n\n<li><a href='?page_no=1'>1<\/a><\/li>\n\n\n\n<li><a href='?page_no=2'>2<\/a><\/li>\n\n\n\n<li><a>...<\/a><\/li>\n\n\n\n<li><a href='?page_no=6781'>6781<\/a><\/li>\n\n\n\n<li><a href='?page_no=6782'>6782<\/a><\/li>\n\n\n\n<li class='active'><a>6783<\/a><\/li>\n\n\n\n<li><a href='?page_no=6784'>6784<\/a><\/li>\n\n\n\n<li><a href='?page_no=6785'>6785<\/a><\/li>\n\n\n\n<li><a>...<\/a><\/li>\n\n\n\n<li><a href='?page_no=36999'>36999<\/a><\/li>\n\n\n\n<li><a href='?page_no=37000'>37000<\/a><\/li>\n\n    \n\t\n\n<li >\n\t<a href='?page_no=6784'>Next<\/a>\n\t<\/li>\n\n\n    \n\n<li><a href='?page_no=37000'>Last &rsaquo;&rsaquo;<\/a><\/li>\n\n<\/ul>\n\n\n--><br \/>\n<\/body><\/p>\n","protected":false},"excerpt":{"rendered":"<p>TEGUCIGALPA, 20 ene (Xinhua) &#8212; Simpatizantes de la Alianza de Oposici\u00f3n protagonizaron hoy una nueva jornada de protestas, en reclamo de los resultados electorales del 26 de noviembre que favorecieron al gobernante Juan Orlando Hern\u00e1ndez. Con tomas de calles, los manifestantes iniciaron la jornada desde las 6:00 hora local (12:00 GMT), en Tegucigalpa y otras [&hellip;]<\/p>\n","protected":false},"author":3,"featured_media":0,"comment_status":"open","ping_status":"open","sticky":false,"template":"","format":"standard","meta":{"footnotes":""},"categories":[22],"tags":[],"class_list":["post-171481","post","type-post","status-publish","format-standard","hentry","category-politica"],"_links":{"self":[{"href":"https:\/\/diariodominicano.com\/index.php?rest_route=\/wp\/v2\/posts\/171481","targetHints":{"allow":["GET"]}}],"collection":[{"href":"https:\/\/diariodominicano.com\/index.php?rest_route=\/wp\/v2\/posts"}],"about":[{"href":"https:\/\/diariodominicano.com\/index.php?rest_route=\/wp\/v2\/types\/post"}],"author":[{"embeddable":true,"href":"https:\/\/diariodominicano.com\/index.php?rest_route=\/wp\/v2\/users\/3"}],"replies":[{"embeddable":true,"href":"https:\/\/diariodominicano.com\/index.php?rest_route=%2Fwp%2Fv2%2Fcomments&post=171481"}],"version-history":[{"count":0,"href":"https:\/\/diariodominicano.com\/index.php?rest_route=\/wp\/v2\/posts\/171481\/revisions"}],"wp:attachment":[{"href":"https:\/\/diariodominicano.com\/index.php?rest_route=%2Fwp%2Fv2%2Fmedia&parent=171481"}],"wp:term":[{"taxonomy":"category","embeddable":true,"href":"https:\/\/diariodominicano.com\/index.php?rest_route=%2Fwp%2Fv2%2Fcategories&post=171481"},{"taxonomy":"post_tag","embeddable":true,"href":"https:\/\/diariodominicano.com\/index.php?rest_route=%2Fwp%2Fv2%2Ftags&post=171481"}],"curies":[{"name":"wp","href":"https:\/\/api.w.org\/{rel}","templated":true}]}}