{"id":171480,"date":"2018-01-21T12:06:38","date_gmt":"2018-01-21T12:06:38","guid":{"rendered":"http:\/\/diariodominicano.ddns.net\/?p=171480"},"modified":"2018-01-21T12:06:38","modified_gmt":"2018-01-21T12:06:38","slug":"sanz-lovaton-recibe-apoyo-de-luis-abinader-para-presidente-del-prm-en-la-capital","status":"publish","type":"post","link":"https:\/\/diariodominicano.com\/?p=171480","title":{"rendered":"Sanz Lovat\u00f3n recibe apoyo de Luis Abinader para presidente del PRM en la Capital"},"content":{"rendered":"<p><body><\/p>\n<p><img decoding=\"async\" src=\"img3\/lova2.jpg\" \/><br \/><img decoding=\"async\" src=\"img3\/lova3.jpg\" \/>  <\/p>\n<p>Tambi\u00e9n de Milagros Ortiz Bosch, Jorge Mera, Alfredo Pacheco y An\u00edbal D\u00edaz<\/p>\n<\/p>\n<p>Santo Domingo. El abogado y dirigente pol\u00edtico Eduardo Sanz Lovat\u00f3n (Yayo) recibi\u00f3 el respaldo del excandidato presidencial Luis Abinader, para presidir el Partido Revolucionario Moderno (PRM) en el Distrito Nacional.<\/p>\n<\/p>\n<p>Durante una actividad realizada el pasado s\u00e1bado en el Club Coanca, Abinader valor\u00f3 la trayectoria del joven dirigente y su desprendimiento con la organizaci\u00f3n en pasados procesos electorales.<\/p>\n<\/p>\n<p>\u00abYayo ha sabido poner las prioridades colectivas por encima de las personales como cuando depuso sus aspiraciones a Senador de la capital y pas\u00f3 a dirigir la campa\u00f1a en esta demarcaci\u00f3n en las elecciones pasadas\u00bb, dijo Abinader al proponerlo formalmente a esa posici\u00f3n.<\/p>\n<\/p>\n<p>En el mismo acto tambi\u00e9n estuvieron presentes la actual presidenta del PRM en el Distrito Nacional, la ex vicepresidente Milagros Ortiz Bosch, y el presidente en funciones Orlando Jorge Mera.<\/p>\n<\/p>\n<p>\u00abYayo ha podido manejar los conflictos y competencias de los compa\u00f1eros en la capital con moderaci\u00f3n y ha demostrado ser un trabajador pol\u00edtico, merece la oportunidad de ocupar la posici\u00f3n\u00bb, indic\u00f3 Jorge Mera.<\/p>\n<\/p>\n<p>An\u00edbal D\u00edaz aspirante a Vicepresidente de la organizaci\u00f3n expres\u00f3 su compromiso generacional con Sanz Lovat\u00f3n y su deseo de colaborar con \u00e9l en una nueva forma de hacer la pol\u00edtica.<\/p>\n<\/p>\n<p>Tambi\u00e9n estuvieron expresando su respaldo los diputados Alfredo Pacheco, Faride Raful, Ram\u00f3n Bueno y Sergio Moya.<\/p>\n<\/p>\n<p>Adem\u00e1s, los regidores del Ayuntamiento del Distrito Nacional Rolfi Rojas, Omar M\u00e9ndez,  Radam\u00e9s Sierra, Mireya Mazara, Leonor Lantigua, Nicol\u00e1s Valdez, entre otros.<\/p>\n<\/p>\n<p>De su lado el candidato a presidir el PRM en el Distrito Nacional anunci\u00f3 parte de su programa de trabajo, si llega a ocupar la posici\u00f3n, que consiste en un eje de tres iniciativas que son la adecuaci\u00f3n del partido a las nuevas tecnolog\u00edas, una gran iniciativa para abrazar a la sociedad civil de la capital y un remozamiento de toda la estructura electoral de la organizaci\u00f3n.<\/p>\n<h6> 2018-01-21 12:06:38 <\/h6>\n<p><!--\n<link rel=\"stylesheet\" href=\"css\/bootstrap.min.css\">\n\n\n<ul class=\"pagination\">\n\t    \n\t\n\n<li >\n\t<a href='?page_no=6781'>Previous<\/a>\n\t<\/li>\n\n\n       \n    \n\n<li><a href='?page_no=1'>1<\/a><\/li>\n\n\n\n<li><a href='?page_no=2'>2<\/a><\/li>\n\n\n\n<li><a>...<\/a><\/li>\n\n\n\n<li><a href='?page_no=6780'>6780<\/a><\/li>\n\n\n\n<li><a href='?page_no=6781'>6781<\/a><\/li>\n\n\n\n<li class='active'><a>6782<\/a><\/li>\n\n\n\n<li><a href='?page_no=6783'>6783<\/a><\/li>\n\n\n\n<li><a href='?page_no=6784'>6784<\/a><\/li>\n\n\n\n<li><a>...<\/a><\/li>\n\n\n\n<li><a href='?page_no=36999'>36999<\/a><\/li>\n\n\n\n<li><a href='?page_no=37000'>37000<\/a><\/li>\n\n    \n\t\n\n<li >\n\t<a href='?page_no=6783'>Next<\/a>\n\t<\/li>\n\n\n    \n\n<li><a href='?page_no=37000'>Last &rsaquo;&rsaquo;<\/a><\/li>\n\n<\/ul>\n\n\n--><br \/>\n<\/body><\/p>\n","protected":false},"excerpt":{"rendered":"<p>Tambi\u00e9n de Milagros Ortiz Bosch, Jorge Mera, Alfredo Pacheco y An\u00edbal D\u00edaz Santo Domingo. El abogado y dirigente pol\u00edtico Eduardo Sanz Lovat\u00f3n (Yayo) recibi\u00f3 el respaldo del excandidato presidencial Luis Abinader, para presidir el Partido Revolucionario Moderno (PRM) en el Distrito Nacional. Durante una actividad realizada el pasado s\u00e1bado en el Club Coanca, Abinader valor\u00f3 [&hellip;]<\/p>\n","protected":false},"author":3,"featured_media":0,"comment_status":"open","ping_status":"open","sticky":false,"template":"","format":"standard","meta":{"footnotes":""},"categories":[22],"tags":[],"class_list":["post-171480","post","type-post","status-publish","format-standard","hentry","category-politica"],"_links":{"self":[{"href":"https:\/\/diariodominicano.com\/index.php?rest_route=\/wp\/v2\/posts\/171480","targetHints":{"allow":["GET"]}}],"collection":[{"href":"https:\/\/diariodominicano.com\/index.php?rest_route=\/wp\/v2\/posts"}],"about":[{"href":"https:\/\/diariodominicano.com\/index.php?rest_route=\/wp\/v2\/types\/post"}],"author":[{"embeddable":true,"href":"https:\/\/diariodominicano.com\/index.php?rest_route=\/wp\/v2\/users\/3"}],"replies":[{"embeddable":true,"href":"https:\/\/diariodominicano.com\/index.php?rest_route=%2Fwp%2Fv2%2Fcomments&post=171480"}],"version-history":[{"count":0,"href":"https:\/\/diariodominicano.com\/index.php?rest_route=\/wp\/v2\/posts\/171480\/revisions"}],"wp:attachment":[{"href":"https:\/\/diariodominicano.com\/index.php?rest_route=%2Fwp%2Fv2%2Fmedia&parent=171480"}],"wp:term":[{"taxonomy":"category","embeddable":true,"href":"https:\/\/diariodominicano.com\/index.php?rest_route=%2Fwp%2Fv2%2Fcategories&post=171480"},{"taxonomy":"post_tag","embeddable":true,"href":"https:\/\/diariodominicano.com\/index.php?rest_route=%2Fwp%2Fv2%2Ftags&post=171480"}],"curies":[{"name":"wp","href":"https:\/\/api.w.org\/{rel}","templated":true}]}}