{"id":171479,"date":"2018-01-21T12:18:40","date_gmt":"2018-01-21T12:18:40","guid":{"rendered":"http:\/\/diariodominicano.ddns.net\/?p=171479"},"modified":"2018-01-21T12:18:40","modified_gmt":"2018-01-21T12:18:40","slug":"pld-rendira-homenaje-a-su-dirigente-jose-rodriguez-aybar-en-el-primer-anversario-de-su-fallecimiento","status":"publish","type":"post","link":"https:\/\/diariodominicano.com\/?p=171479","title":{"rendered":"PLD rendir\u00e1 homenaje a su dirigente Jos\u00e9 Rodr\u00edguez Aybar en el primer anversario de su fallecimiento"},"content":{"rendered":"<p><body><\/p>\n<p><img decoding=\"async\" src=\"img3\/peleds.jpg\" \/>  <\/p>\n<\/p>\n<p><strong>SANTO DOMINGO, RD, 21 de enero de 2018.-<\/strong>  El Partido de la Liberaci\u00f3n Dominicana (PLD) realizar\u00e1 este lunes un homenaje al Presidente provincial de Hermanas Mirabal de esa organizaci\u00f3n, Jos\u00e9 Rodr\u00edguez Aybar, quien falleci\u00f3 el  23 de enero de 2017.<\/p>\n<\/p>\n<p>Al  doctor Rodr\u00edguez Aybar le devino una arritmia del coraz\u00f3n  mientras era dializado que le produjo un paro cardiaco y su deceso en enero del pasado a\u00f1o.<\/p>\n<\/p>\n<p>Para la conmemoraci\u00f3n del primer aniversario de su sentido fallecimiento, dirigentes del PLD, familiares, amigos y profesionales de la salud, se congregar\u00e1n a partir de las cinco de la tarde del lunes 22 en la Casa Nacional del PLD para recordarle.<\/p>\n<\/p>\n<p>\u00abSe ha organizado  un acto para ofrecer  testimonios y vivencias de Rodr\u00edguez Aybar, presentado como un aut\u00e9ntico peledeista y medico con una gran vocaci\u00f3n de servicio\u00bb, se precisa en una despacho de la Secretar\u00eda de Comunicaciones del PLD,  que rceuerda que el acto es en la Casa Nacional del PLD a partir de la cinco de la tarde del lunes 22 de enero.<\/p>\n<\/p>\n<p>Asimismo sus familiares programaron una eucarist\u00eda para este domingo en Salcedo y el  pr\u00f3ximo martes 23 realizaran vigilia y oraciones en su residencia y un homenaje en el local provincial en Salcedo, municipio cabecera de la provincia Hermanas Mirabal.<\/p>\n<\/p>\n<p>Jos\u00e9 Rodr\u00edguez Aybar en la administraci\u00f3n p\u00fablica se desempe\u00f1\u00f3, entre otras funciones, como viceministro de Salud P\u00fablica, cartera que a su salida le reconoci\u00f3 por su dedicaci\u00f3n y apego al trabajo.<\/p>\n<\/p>\n<p>Articulista de los \u00f3rganos escritos del Partido de la Liberaci\u00f3n Dominicana el fenecido dirigente, miembro del Comit\u00e9 Central manten\u00eda activo el PLD en Salcedo y toda la provincia con reuniones y asambleas peri\u00f3dicas de su dirigencia y una pe\u00f1a pol\u00edtica diaria, en el local municipal.<\/p>\n<h6> 2018-01-21 12:18:40 <\/h6>\n<p><!--\n<link rel=\"stylesheet\" href=\"css\/bootstrap.min.css\">\n\n\n<ul class=\"pagination\">\n\t    \n\t\n\n<li >\n\t<a href='?page_no=6780'>Previous<\/a>\n\t<\/li>\n\n\n       \n    \n\n<li><a href='?page_no=1'>1<\/a><\/li>\n\n\n\n<li><a href='?page_no=2'>2<\/a><\/li>\n\n\n\n<li><a>...<\/a><\/li>\n\n\n\n<li><a href='?page_no=6779'>6779<\/a><\/li>\n\n\n\n<li><a href='?page_no=6780'>6780<\/a><\/li>\n\n\n\n<li class='active'><a>6781<\/a><\/li>\n\n\n\n<li><a href='?page_no=6782'>6782<\/a><\/li>\n\n\n\n<li><a href='?page_no=6783'>6783<\/a><\/li>\n\n\n\n<li><a>...<\/a><\/li>\n\n\n\n<li><a href='?page_no=36999'>36999<\/a><\/li>\n\n\n\n<li><a href='?page_no=37000'>37000<\/a><\/li>\n\n    \n\t\n\n<li >\n\t<a href='?page_no=6782'>Next<\/a>\n\t<\/li>\n\n\n    \n\n<li><a href='?page_no=37000'>Last &rsaquo;&rsaquo;<\/a><\/li>\n\n<\/ul>\n\n\n--><br \/>\n<\/body><\/p>\n","protected":false},"excerpt":{"rendered":"<p>SANTO DOMINGO, RD, 21 de enero de 2018.- El Partido de la Liberaci\u00f3n Dominicana (PLD) realizar\u00e1 este lunes un homenaje al Presidente provincial de Hermanas Mirabal de esa organizaci\u00f3n, Jos\u00e9 Rodr\u00edguez Aybar, quien falleci\u00f3 el 23 de enero de 2017. Al doctor Rodr\u00edguez Aybar le devino una arritmia del coraz\u00f3n mientras era dializado que le [&hellip;]<\/p>\n","protected":false},"author":3,"featured_media":0,"comment_status":"open","ping_status":"open","sticky":false,"template":"","format":"standard","meta":{"footnotes":""},"categories":[22],"tags":[],"class_list":["post-171479","post","type-post","status-publish","format-standard","hentry","category-politica"],"_links":{"self":[{"href":"https:\/\/diariodominicano.com\/index.php?rest_route=\/wp\/v2\/posts\/171479","targetHints":{"allow":["GET"]}}],"collection":[{"href":"https:\/\/diariodominicano.com\/index.php?rest_route=\/wp\/v2\/posts"}],"about":[{"href":"https:\/\/diariodominicano.com\/index.php?rest_route=\/wp\/v2\/types\/post"}],"author":[{"embeddable":true,"href":"https:\/\/diariodominicano.com\/index.php?rest_route=\/wp\/v2\/users\/3"}],"replies":[{"embeddable":true,"href":"https:\/\/diariodominicano.com\/index.php?rest_route=%2Fwp%2Fv2%2Fcomments&post=171479"}],"version-history":[{"count":0,"href":"https:\/\/diariodominicano.com\/index.php?rest_route=\/wp\/v2\/posts\/171479\/revisions"}],"wp:attachment":[{"href":"https:\/\/diariodominicano.com\/index.php?rest_route=%2Fwp%2Fv2%2Fmedia&parent=171479"}],"wp:term":[{"taxonomy":"category","embeddable":true,"href":"https:\/\/diariodominicano.com\/index.php?rest_route=%2Fwp%2Fv2%2Fcategories&post=171479"},{"taxonomy":"post_tag","embeddable":true,"href":"https:\/\/diariodominicano.com\/index.php?rest_route=%2Fwp%2Fv2%2Ftags&post=171479"}],"curies":[{"name":"wp","href":"https:\/\/api.w.org\/{rel}","templated":true}]}}