{"id":171476,"date":"2018-01-22T10:26:11","date_gmt":"2018-01-22T10:26:11","guid":{"rendered":"http:\/\/diariodominicano.ddns.net\/?p=171476"},"modified":"2018-01-22T10:26:11","modified_gmt":"2018-01-22T10:26:11","slug":"parlamento-iraqui-aprueba-12-de-mayo-como-fecha-para-elecciones-generales","status":"publish","type":"post","link":"https:\/\/diariodominicano.com\/?p=171476","title":{"rendered":"Parlamento iraqu\u00ed aprueba 12 de mayo como fecha para elecciones generales"},"content":{"rendered":"<p><body><\/p>\n<p><img decoding=\"async\" src=\"img3\/Bagdag22.jpg\" \/>  <\/p>\n<p><span class=\"text1noticias\">     BAGDAD, 22 ene (Xinhua) &#8212; El Parlamento de Irak aprob\u00f3 hoy que se celebrar\u00e1n elecciones generales el pr\u00f3ximo 12 de mayo, inform\u00f3 la cadena de televisi\u00f3n oficial.<\/span><\/p>\n<p><span class=\"text1noticias\"> <\/span><\/p>\n<p><span class=\"text1noticias\">     La decisi\u00f3n se conoce despu\u00e9s de que el tribunal federal sentenciara que no es posible demorar los comicios.<\/span><\/p>\n<p><span class=\"text1noticias\"> <\/span><\/p>\n<p><span class=\"text1noticias\">     \u00abEl Consejo de Representantes (el Parlamento) vot\u00f3 un\u00e1nimemente para celebrar las elecciones el 12 de mayo, como se hab\u00eda establecido antes por el Consejo de Ministros y la comisi\u00f3n electoral\u00bb, indic\u00f3 el canal Al Iraqiya, citando como fuente a Abbas al Baiyaty, legislador de la Alianza Nacional Iraqu\u00ed.<\/span><\/p>\n<p><span class=\"text1noticias\"> <\/span><\/p>\n<p><span class=\"text1noticias\">     Las elecciones anteriores en Irak se llevaron a cabo el 30 de abril de 2014, cuando los iraqu\u00edes eligieron a 328 legisladores para el Parlamento, que a su vez eligi\u00f3 al primer ministro, Haider al Abadi, para formar un gobierno de unida<\/span>d. <\/p>\n<h6> 2018-01-22 10:26:11 <\/h6>\n<p><!--\n<link rel=\"stylesheet\" href=\"css\/bootstrap.min.css\">\n\n\n<ul class=\"pagination\">\n\t    \n\t\n\n<li >\n\t<a href='?page_no=6778'>Previous<\/a>\n\t<\/li>\n\n\n       \n    \n\n<li><a href='?page_no=1'>1<\/a><\/li>\n\n\n\n<li><a href='?page_no=2'>2<\/a><\/li>\n\n\n\n<li><a>...<\/a><\/li>\n\n\n\n<li><a href='?page_no=6777'>6777<\/a><\/li>\n\n\n\n<li><a href='?page_no=6778'>6778<\/a><\/li>\n\n\n\n<li class='active'><a>6779<\/a><\/li>\n\n\n\n<li><a href='?page_no=6780'>6780<\/a><\/li>\n\n\n\n<li><a href='?page_no=6781'>6781<\/a><\/li>\n\n\n\n<li><a>...<\/a><\/li>\n\n\n\n<li><a href='?page_no=36999'>36999<\/a><\/li>\n\n\n\n<li><a href='?page_no=37000'>37000<\/a><\/li>\n\n    \n\t\n\n<li >\n\t<a href='?page_no=6780'>Next<\/a>\n\t<\/li>\n\n\n    \n\n<li><a href='?page_no=37000'>Last &rsaquo;&rsaquo;<\/a><\/li>\n\n<\/ul>\n\n\n--><br \/>\n<\/body><\/p>\n","protected":false},"excerpt":{"rendered":"<p>BAGDAD, 22 ene (Xinhua) &#8212; El Parlamento de Irak aprob\u00f3 hoy que se celebrar\u00e1n elecciones generales el pr\u00f3ximo 12 de mayo, inform\u00f3 la cadena de televisi\u00f3n oficial. La decisi\u00f3n se conoce despu\u00e9s de que el tribunal federal sentenciara que no es posible demorar los comicios. \u00abEl Consejo de Representantes (el Parlamento) vot\u00f3 un\u00e1nimemente para celebrar [&hellip;]<\/p>\n","protected":false},"author":3,"featured_media":0,"comment_status":"open","ping_status":"open","sticky":false,"template":"","format":"standard","meta":{"footnotes":""},"categories":[22],"tags":[],"class_list":["post-171476","post","type-post","status-publish","format-standard","hentry","category-politica"],"_links":{"self":[{"href":"https:\/\/diariodominicano.com\/index.php?rest_route=\/wp\/v2\/posts\/171476","targetHints":{"allow":["GET"]}}],"collection":[{"href":"https:\/\/diariodominicano.com\/index.php?rest_route=\/wp\/v2\/posts"}],"about":[{"href":"https:\/\/diariodominicano.com\/index.php?rest_route=\/wp\/v2\/types\/post"}],"author":[{"embeddable":true,"href":"https:\/\/diariodominicano.com\/index.php?rest_route=\/wp\/v2\/users\/3"}],"replies":[{"embeddable":true,"href":"https:\/\/diariodominicano.com\/index.php?rest_route=%2Fwp%2Fv2%2Fcomments&post=171476"}],"version-history":[{"count":0,"href":"https:\/\/diariodominicano.com\/index.php?rest_route=\/wp\/v2\/posts\/171476\/revisions"}],"wp:attachment":[{"href":"https:\/\/diariodominicano.com\/index.php?rest_route=%2Fwp%2Fv2%2Fmedia&parent=171476"}],"wp:term":[{"taxonomy":"category","embeddable":true,"href":"https:\/\/diariodominicano.com\/index.php?rest_route=%2Fwp%2Fv2%2Fcategories&post=171476"},{"taxonomy":"post_tag","embeddable":true,"href":"https:\/\/diariodominicano.com\/index.php?rest_route=%2Fwp%2Fv2%2Ftags&post=171476"}],"curies":[{"name":"wp","href":"https:\/\/api.w.org\/{rel}","templated":true}]}}