{"id":171474,"date":"2018-01-22T11:39:49","date_gmt":"2018-01-22T11:39:49","guid":{"rendered":"http:\/\/diariodominicano.ddns.net\/?p=171474"},"modified":"2025-03-31T22:09:35","modified_gmt":"2025-04-01T02:09:35","slug":"diputado-rafael-mendez-dice-es-justa-y-legitima-la-lucha-por-un-nuevo-hospital-en-neyba","status":"publish","type":"post","link":"https:\/\/diariodominicano.com\/?p=171474","title":{"rendered":"Diputado Rafael M\u00e9ndez dice es justa y legitima la lucha por un nuevo hospital en Neyba"},"content":{"rendered":"<p><body><\/p>\n<p><img decoding=\"async\" src=\"img3\/dipus.jpg\" \/>  <\/p>\n<p>NEYBA, Bahoruco: El diputado por el Partido de la Liberaci\u00f3n Dominicana (PLD), Rafael M\u00e9ndez, asegur\u00f3 que es Justa y leg\u00edtima la aspiraci\u00f3n de la de construcci\u00f3n de un nuevo hospital en esta demarcaci\u00f3n.<\/p>\n<\/p>\n<p>M\u00e9ndez, dijo que, en esa lucha por la materializaci\u00f3n de esa aspiraci\u00f3n justa y leg\u00edtima, todas y todos estamos de acuerdo, sin importar bander\u00edas ni colores.<\/p>\n<\/p>\n<p>El congresista oficialista manifest\u00f3 que todas y todos debemos estar comprometidos con que, en Neiba, y en todas las comunidades de la<\/p>\n<p>provincia Bahoruco, tengamos centros hospitalarios que ofrezcan los servicios que requiere y demanda la poblaci\u00f3n.<\/p>\n<h6> 2018-01-22 11:39:49 <\/h6>\n<p><!--\n<link rel=\"stylesheet\" href=\"css\/bootstrap.min.css\">\n\n\n<ul class=\"pagination\">\n\t    \n\t\n\n<li >\n\t<a href='?page_no=6776'>Previous<\/a>\n\t<\/li>\n\n\n       \n    \n\n<li><a href='?page_no=1'>1<\/a><\/li>\n\n\n\n<li><a href='?page_no=2'>2<\/a><\/li>\n\n\n\n<li><a>...<\/a><\/li>\n\n\n\n<li><a href='?page_no=6775'>6775<\/a><\/li>\n\n\n\n<li><a href='?page_no=6776'>6776<\/a><\/li>\n\n\n\n<li class='active'><a>6777<\/a><\/li>\n\n\n\n<li><a href='?page_no=6778'>6778<\/a><\/li>\n\n\n\n<li><a href='?page_no=6779'>6779<\/a><\/li>\n\n\n\n<li><a>...<\/a><\/li>\n\n\n\n<li><a href='?page_no=36999'>36999<\/a><\/li>\n\n\n\n<li><a href='?page_no=37000'>37000<\/a><\/li>\n\n    \n\t\n\n<li >\n\t<a href='?page_no=6778'>Next<\/a>\n\t<\/li>\n\n\n    \n\n<li><a href='?page_no=37000'>Last &rsaquo;&rsaquo;<\/a><\/li>\n\n<\/ul>\n\n\n--><br \/>\n<\/body><\/p>\n","protected":false},"excerpt":{"rendered":"<p>NEYBA, Bahoruco: El diputado por el Partido de la Liberaci\u00f3n Dominicana (PLD), Rafael M\u00e9ndez, asegur\u00f3 que es Justa y leg\u00edtima la aspiraci\u00f3n de la de construcci\u00f3n de un nuevo hospital en esta demarcaci\u00f3n. M\u00e9ndez, dijo que, en esa lucha por la materializaci\u00f3n de esa aspiraci\u00f3n justa y leg\u00edtima, todas y todos estamos de acuerdo, sin [&hellip;]<\/p>\n","protected":false},"author":3,"featured_media":585841,"comment_status":"open","ping_status":"open","sticky":false,"template":"","format":"standard","meta":{"footnotes":""},"categories":[22],"tags":[178],"class_list":["post-171474","post","type-post","status-publish","format-standard","has-post-thumbnail","hentry","category-politica","tag-rafael-mendez"],"_links":{"self":[{"href":"https:\/\/diariodominicano.com\/index.php?rest_route=\/wp\/v2\/posts\/171474","targetHints":{"allow":["GET"]}}],"collection":[{"href":"https:\/\/diariodominicano.com\/index.php?rest_route=\/wp\/v2\/posts"}],"about":[{"href":"https:\/\/diariodominicano.com\/index.php?rest_route=\/wp\/v2\/types\/post"}],"author":[{"embeddable":true,"href":"https:\/\/diariodominicano.com\/index.php?rest_route=\/wp\/v2\/users\/3"}],"replies":[{"embeddable":true,"href":"https:\/\/diariodominicano.com\/index.php?rest_route=%2Fwp%2Fv2%2Fcomments&post=171474"}],"version-history":[{"count":1,"href":"https:\/\/diariodominicano.com\/index.php?rest_route=\/wp\/v2\/posts\/171474\/revisions"}],"predecessor-version":[{"id":606937,"href":"https:\/\/diariodominicano.com\/index.php?rest_route=\/wp\/v2\/posts\/171474\/revisions\/606937"}],"wp:featuredmedia":[{"embeddable":true,"href":"https:\/\/diariodominicano.com\/index.php?rest_route=\/wp\/v2\/media\/585841"}],"wp:attachment":[{"href":"https:\/\/diariodominicano.com\/index.php?rest_route=%2Fwp%2Fv2%2Fmedia&parent=171474"}],"wp:term":[{"taxonomy":"category","embeddable":true,"href":"https:\/\/diariodominicano.com\/index.php?rest_route=%2Fwp%2Fv2%2Fcategories&post=171474"},{"taxonomy":"post_tag","embeddable":true,"href":"https:\/\/diariodominicano.com\/index.php?rest_route=%2Fwp%2Fv2%2Ftags&post=171474"}],"curies":[{"name":"wp","href":"https:\/\/api.w.org\/{rel}","templated":true}]}}