{"id":171473,"date":"2018-01-22T12:31:26","date_gmt":"2018-01-22T12:31:26","guid":{"rendered":"http:\/\/diariodominicano.ddns.net\/?p=171473"},"modified":"2018-01-22T12:31:26","modified_gmt":"2018-01-22T12:31:26","slug":"prm-presenta-mujeres-candidatas-en-la-convencion-de-febrero","status":"publish","type":"post","link":"https:\/\/diariodominicano.com\/?p=171473","title":{"rendered":"PRM presenta mujeres candidatas en la Convenci\u00f3n de febrero"},"content":{"rendered":"<p><body><\/p>\n<p><img decoding=\"async\" src=\"img3\/muj1.jpg\" \/>  <\/p>\n<p>El Partido Revolucionario Moderno (PRM) a trav\u00e9s de su Federaci\u00f3n de Mujeres Modernas present\u00f3 al pa\u00eds y a los medios de comunicaci\u00f3n nacionales la propuesta de mas de 40 de sus miembras, aspirantes a desempe\u00f1ar los cargos de Presidenta, Secretaria General, Vicepresidentas y Subsecretarias nacionales, a ser escogidas en la pr\u00f3xima convenci\u00f3n Ordinaria a celebrarse el pr\u00f3ximo 18 de febrero.<\/p>\n<\/p>\n<p>En una rueda de prensa, celebrada en la casa nacional del PRM,  la presidenta de  Federaci\u00f3n de Mujeres Modernas, doctora Sara Paulino, dijo que Aprovechamos est\u00e1 gran oportunidad que les brinda la Convenci\u00f3n para reafirmar el crecimiento que les brinda la organizaci\u00f3n en la participaci\u00f3n pol\u00edtica para aumentar la credibilidad y confianza de la poblaci\u00f3n en pol\u00edtica y sobre todo a trav\u00e9s del sistema de partidos pol\u00edticos como v\u00eda expedita de impulsar los cambios que requiere nuestra sociedad practicando una forma diferente de hacer pol\u00edtica.<\/p>\n<\/p>\n<p>Resalto que miles de otras compa\u00f1eras mas, son tambi\u00e9n candidatas en los organismos locales a diferentes cargos con el compromiso de contribuir en el desempe\u00f1o de gobiernos nacional y locales que practiquen la inclusi\u00f3n, el desarrollo de pol\u00edticas p\u00fablicas que propendan en beneficio las mayor\u00edas, reducci\u00f3n de la pobreza, contribuyan a crear conciencia de una mayor convivencia pac\u00edfica entre todos los miembros de nuestra sociedad.<\/p>\n<\/p>\n<p>\u00abLucharemos por un PRM mas cerca de la gente, que comparta y acompa\u00f1\u00e9 a la sociedad en la conquista de una real Seguridad Social, una mayor calidad de la educaci\u00f3n, mayor accesibilidad al empleo, por mayor seguridad ciudadana, reducci\u00f3n considerable de la tasa de muertes maternas, feminicidios, por enfermedades catastr\u00f3ficas, etc\u00bb.<\/p>\n<\/p>\n<p>La lista la encabezan las valiosas compa\u00f1eras, ejemplares ciudadanos, doctora Geanilda V\u00e1squez aspirante a la presidencia de PRM y la licenciada Carolina Mej\u00eda para la Secretaria General.<\/p>\n<\/p>\n<p>A las vicepresidencias nacionales aspiran: Sarah Sol\u00eds, Regina Buret Correa, Giomi L\u00f3pez de la Cruz, Kenia Guante Valdez, Georgina Portes Garc\u00eda, Angelita Reynoso, Mildred Liranzo Hern\u00e1ndez, Andres Difo Marte, Mar\u00eda Matos And\u00fajar, Sanci\u00f3n Morales, Belgia Soler, Ginette Bournigal, Josefa Castillo, Lourdes Herrera, Fernanda de Le\u00f3n, Carolina Serrata M\u00e9ndez, Faride Raful, Marcia Margarita Rodr\u00edguez, Evangelina Sosa, Gloria Reyes, Kimberly Taveras,<\/p>\n<\/p>\n<p>Mientras que a las Subsecretarias nacionales aspiran:  Mar\u00eda Luisa  Ubiera, Altagracia Drulllar, Kisaris Garc\u00eda, Altagracia de la Cruz, Rosa Tejada S\u00e1nchez, Cleotilde Ortiz P\u00e9rez, Fidelina A. M\u00e9ndez, Dulce Mercedes Qui\u00f1ones, Loida Leonardo, Carina Cedano Rijo, Diomaris de la Rosa Pe\u00f1a, Orfelina Valdez D\u00edaz, Elmy Pina Suero, Yahira N\u00fa\u00f1ez Rijo, Indhira V\u00e1squez Pe\u00f1a, Nelly Altagracia  Dom\u00ednguez,, Mery Hern\u00e1ndez G\u00f3mez, Vendi Reinoso Guerrero, Sandra Grull\u00f3n Dom\u00ednguez, Mery Aquino Guzm\u00e1n Claribel Garc\u00eda Carmona, Gracia Sep\u00falveda, Lourdes Herrera Tejada, Scarlet Benzan, Melecia Almonte,Arelis Cruz,  Gineida Montas y F\u00e1tima Asencio Lugo.<\/p>\n<\/p>\n<p>Andr\u00e9s Matos <\/p>\n<h6> 2018-01-22 12:31:26 <\/h6>\n<p><!--\n<link rel=\"stylesheet\" href=\"css\/bootstrap.min.css\">\n\n\n<ul class=\"pagination\">\n\t    \n\t\n\n<li >\n\t<a href='?page_no=6775'>Previous<\/a>\n\t<\/li>\n\n\n       \n    \n\n<li><a href='?page_no=1'>1<\/a><\/li>\n\n\n\n<li><a href='?page_no=2'>2<\/a><\/li>\n\n\n\n<li><a>...<\/a><\/li>\n\n\n\n<li><a href='?page_no=6774'>6774<\/a><\/li>\n\n\n\n<li><a href='?page_no=6775'>6775<\/a><\/li>\n\n\n\n<li class='active'><a>6776<\/a><\/li>\n\n\n\n<li><a href='?page_no=6777'>6777<\/a><\/li>\n\n\n\n<li><a href='?page_no=6778'>6778<\/a><\/li>\n\n\n\n<li><a>...<\/a><\/li>\n\n\n\n<li><a href='?page_no=36999'>36999<\/a><\/li>\n\n\n\n<li><a href='?page_no=37000'>37000<\/a><\/li>\n\n    \n\t\n\n<li >\n\t<a href='?page_no=6777'>Next<\/a>\n\t<\/li>\n\n\n    \n\n<li><a href='?page_no=37000'>Last &rsaquo;&rsaquo;<\/a><\/li>\n\n<\/ul>\n\n\n--><br \/>\n<\/body><\/p>\n","protected":false},"excerpt":{"rendered":"<p>El Partido Revolucionario Moderno (PRM) a trav\u00e9s de su Federaci\u00f3n de Mujeres Modernas present\u00f3 al pa\u00eds y a los medios de comunicaci\u00f3n nacionales la propuesta de mas de 40 de sus miembras, aspirantes a desempe\u00f1ar los cargos de Presidenta, Secretaria General, Vicepresidentas y Subsecretarias nacionales, a ser escogidas en la pr\u00f3xima convenci\u00f3n Ordinaria a celebrarse [&hellip;]<\/p>\n","protected":false},"author":3,"featured_media":0,"comment_status":"open","ping_status":"open","sticky":false,"template":"","format":"standard","meta":{"footnotes":""},"categories":[22],"tags":[],"class_list":["post-171473","post","type-post","status-publish","format-standard","hentry","category-politica"],"_links":{"self":[{"href":"https:\/\/diariodominicano.com\/index.php?rest_route=\/wp\/v2\/posts\/171473","targetHints":{"allow":["GET"]}}],"collection":[{"href":"https:\/\/diariodominicano.com\/index.php?rest_route=\/wp\/v2\/posts"}],"about":[{"href":"https:\/\/diariodominicano.com\/index.php?rest_route=\/wp\/v2\/types\/post"}],"author":[{"embeddable":true,"href":"https:\/\/diariodominicano.com\/index.php?rest_route=\/wp\/v2\/users\/3"}],"replies":[{"embeddable":true,"href":"https:\/\/diariodominicano.com\/index.php?rest_route=%2Fwp%2Fv2%2Fcomments&post=171473"}],"version-history":[{"count":0,"href":"https:\/\/diariodominicano.com\/index.php?rest_route=\/wp\/v2\/posts\/171473\/revisions"}],"wp:attachment":[{"href":"https:\/\/diariodominicano.com\/index.php?rest_route=%2Fwp%2Fv2%2Fmedia&parent=171473"}],"wp:term":[{"taxonomy":"category","embeddable":true,"href":"https:\/\/diariodominicano.com\/index.php?rest_route=%2Fwp%2Fv2%2Fcategories&post=171473"},{"taxonomy":"post_tag","embeddable":true,"href":"https:\/\/diariodominicano.com\/index.php?rest_route=%2Fwp%2Fv2%2Ftags&post=171473"}],"curies":[{"name":"wp","href":"https:\/\/api.w.org\/{rel}","templated":true}]}}