{"id":171472,"date":"2018-01-22T13:05:48","date_gmt":"2018-01-22T13:05:48","guid":{"rendered":"http:\/\/diariodominicano.ddns.net\/?p=171472"},"modified":"2018-01-22T13:05:48","modified_gmt":"2018-01-22T13:05:48","slug":"fellito-subervi-%c2%a8en-el-actual-momento-el-politico-que-no-abrace-la-transparencia-no-podra-conectar-con-la-sociedad%c2%a8","status":"publish","type":"post","link":"https:\/\/diariodominicano.com\/?p=171472","title":{"rendered":"Fellito Suberv\u00ed: \u00a8En el actual momento, el pol\u00edtico que no abrace la transparencia no podr\u00e1 conectar con la sociedad\u00a8"},"content":{"rendered":"<p><body><\/p>\n<p><img decoding=\"async\" src=\"img3\/felli.jpg\" \/>  <\/p>\n<p>Santo Domingo, RD. 22 de enero 2018. El aspirante a la presidencia del Partido Revolucionario Moderno (PRM) en el Distrito Nacional, Felipe (Fellito) Suberv\u00ed, realiz\u00f3 un encuentro con los diferentes dirigentes, miembros y simpatizantes del partido.<\/p>\n<\/p>\n<p>Durante la manifestaci\u00f3n, realizada en la Circuncripci\u00f3n No. 3, el pol\u00edtico expres\u00f3 su compromiso con ser el digno representante del PRM para lograr el triunfo de todas las estructuras en el Distrito Nacional de cara a las elecciones generales del a\u00f1o 2020.<\/p>\n<\/p>\n<p>\u00b4\u00b4Estoy dispuesto a entregarle al PRM mi trabajo pol\u00edtico para que volvamos a ser la antorcha que encienda la luz de la democracia en Rep\u00fablica Dominicana. Yo he estado junto a mi partido en los malos momentos (porque en los buenos momentos, todos quieren estar). De ah\u00ed que cuando me toc\u00f3 pasar por el fuego, no hubo adversidad alguna o llama ardiente que me hiciera dudar ni un segundo de mi lealtad al partido y a \u00e9sta que es mi familia Perreme\u00edsta\u00b4\u00b4, indic\u00f3.<\/p>\n<\/p>\n<p>Suberv\u00ed apunt\u00f3 que el PRM necesita fortalecer su voto duro, ganarse la confianza de la poblaci\u00f3n, adem\u00e1s de seguir con la lealtad y compromiso que los caracteriza.<\/p>\n<\/p>\n<p>\u00b4\u00b4Qui\u00e9n combina la lealtad, la confianza y el compromiso, necesariamente conduce su accionar hacia la victoria en nuestras aspiraciones de convertirnos en el nuevo presidente del Partido Revolucionario Moderno en el Distrito Nacional, el pr\u00f3ximo 18 de febrero\u00b4\u00b4, dijo.<\/p>\n<\/p>\n<p>Durante su intervenci\u00f3n la candidata Carolina Mej\u00eda estuvo de acuerdo en lo planteado por Fellito Suberv\u00ed que la garant\u00eda del triunfo en estas primarias del pr\u00f3ximo 18 de febrero y en las elecciones generales del 2020 la determinar\u00e1 la uni\u00f3n y trabajo de la dirigente alta y media del PRM.<\/p>\n<\/p>\n<p>Este encuentro cont\u00f3 con la presencia de importantes personalidades del \u00e1mbito pol\u00edtico y miembros del PRM que apoyan a Felipe Suberv\u00ed y Carolina Mej\u00eda, como el expresidente de la Rep\u00fablica Ing. Hip\u00f3lito Mej\u00eda Dom\u00ednguez, Alberto Atallah, Eddy Olivares, y los dirigentes de zona y de la circunscripci\u00f3n no. 3.  <\/p>\n<\/p>\n<p>Sobre Fellito Suberv\u00ed<\/p>\n<\/p>\n<p>Felipe Antonio Suberv\u00ed Hern\u00e1ndez, mejor conocido como Fellito Suberv\u00ed, naci\u00f3 en Santo Domingo el 5 de junio de 1978. Ingeniero, pol\u00edtico y empresario dominicano.  Ex precandidato a diputado por la circunscripci\u00f3n No. 2 del Distrito Nacional.  En la actualidad es aspirante a la presidencia del Partido Revolucionario Moderno (PRM) en el Distrito Nacional.      <\/p>\n<\/p>\n<p>Es hijo del reconocido pol\u00edtico y abogado Dr. Rafael Suberv\u00ed Bonilla y de la empresaria Elena Marisol Hern\u00e1ndez Castillo.<\/p>\n<\/p>\n<p>Realiz\u00f3 sus estudios primarios y secundarios en el Colegio Loyola, concluyendo en el a\u00f1o 1996, se gradu\u00f3 de la carrera de Ingenier\u00eda Civil en el a\u00f1o 2001 en la Universidad Tecnol\u00f3gica de Santo Domingo (INTEC).<\/p>\n<\/p>\n<p>Ha realizado varios diplomados en el \u00e1rea de ingenier\u00eda, as\u00ed como un Postgrado en Administraci\u00f3n de la Construcci\u00f3n en el 2006 en la referida universidad.<\/p>\n<\/p>\n<p>De su padre el dirigente pol\u00edtico Fello Suberv\u00ed hered\u00f3 la pasi\u00f3n por el ejercicio pol\u00edtico.  <\/p>\n<h6> 2018-01-22 13:05:48 <\/h6>\n<p><!--\n<link rel=\"stylesheet\" href=\"css\/bootstrap.min.css\">\n\n\n<ul class=\"pagination\">\n\t    \n\t\n\n<li >\n\t<a href='?page_no=6774'>Previous<\/a>\n\t<\/li>\n\n\n       \n    \n\n<li><a href='?page_no=1'>1<\/a><\/li>\n\n\n\n<li><a href='?page_no=2'>2<\/a><\/li>\n\n\n\n<li><a>...<\/a><\/li>\n\n\n\n<li><a href='?page_no=6773'>6773<\/a><\/li>\n\n\n\n<li><a href='?page_no=6774'>6774<\/a><\/li>\n\n\n\n<li class='active'><a>6775<\/a><\/li>\n\n\n\n<li><a href='?page_no=6776'>6776<\/a><\/li>\n\n\n\n<li><a href='?page_no=6777'>6777<\/a><\/li>\n\n\n\n<li><a>...<\/a><\/li>\n\n\n\n<li><a href='?page_no=36999'>36999<\/a><\/li>\n\n\n\n<li><a href='?page_no=37000'>37000<\/a><\/li>\n\n    \n\t\n\n<li >\n\t<a href='?page_no=6776'>Next<\/a>\n\t<\/li>\n\n\n    \n\n<li><a href='?page_no=37000'>Last &rsaquo;&rsaquo;<\/a><\/li>\n\n<\/ul>\n\n\n--><br \/>\n<\/body><\/p>\n","protected":false},"excerpt":{"rendered":"<p>Santo Domingo, RD. 22 de enero 2018. El aspirante a la presidencia del Partido Revolucionario Moderno (PRM) en el Distrito Nacional, Felipe (Fellito) Suberv\u00ed, realiz\u00f3 un encuentro con los diferentes dirigentes, miembros y simpatizantes del partido. Durante la manifestaci\u00f3n, realizada en la Circuncripci\u00f3n No. 3, el pol\u00edtico expres\u00f3 su compromiso con ser el digno representante [&hellip;]<\/p>\n","protected":false},"author":3,"featured_media":0,"comment_status":"open","ping_status":"open","sticky":false,"template":"","format":"standard","meta":{"footnotes":""},"categories":[22],"tags":[],"class_list":["post-171472","post","type-post","status-publish","format-standard","hentry","category-politica"],"_links":{"self":[{"href":"https:\/\/diariodominicano.com\/index.php?rest_route=\/wp\/v2\/posts\/171472","targetHints":{"allow":["GET"]}}],"collection":[{"href":"https:\/\/diariodominicano.com\/index.php?rest_route=\/wp\/v2\/posts"}],"about":[{"href":"https:\/\/diariodominicano.com\/index.php?rest_route=\/wp\/v2\/types\/post"}],"author":[{"embeddable":true,"href":"https:\/\/diariodominicano.com\/index.php?rest_route=\/wp\/v2\/users\/3"}],"replies":[{"embeddable":true,"href":"https:\/\/diariodominicano.com\/index.php?rest_route=%2Fwp%2Fv2%2Fcomments&post=171472"}],"version-history":[{"count":0,"href":"https:\/\/diariodominicano.com\/index.php?rest_route=\/wp\/v2\/posts\/171472\/revisions"}],"wp:attachment":[{"href":"https:\/\/diariodominicano.com\/index.php?rest_route=%2Fwp%2Fv2%2Fmedia&parent=171472"}],"wp:term":[{"taxonomy":"category","embeddable":true,"href":"https:\/\/diariodominicano.com\/index.php?rest_route=%2Fwp%2Fv2%2Fcategories&post=171472"},{"taxonomy":"post_tag","embeddable":true,"href":"https:\/\/diariodominicano.com\/index.php?rest_route=%2Fwp%2Fv2%2Ftags&post=171472"}],"curies":[{"name":"wp","href":"https:\/\/api.w.org\/{rel}","templated":true}]}}