{"id":171471,"date":"2018-01-22T15:43:59","date_gmt":"2018-01-22T15:43:59","guid":{"rendered":"http:\/\/diariodominicano.ddns.net\/?p=171471"},"modified":"2018-01-22T15:43:59","modified_gmt":"2018-01-22T15:43:59","slug":"hector-guzman-propone-convocar-delegados-electorales-partidos","status":"publish","type":"post","link":"https:\/\/diariodominicano.com\/?p=171471","title":{"rendered":"&#13;H\u00e9ctor Guzm\u00e1n propone convocar delegados electorales partidos&#13;"},"content":{"rendered":"<p><body><\/p>\n<p><img decoding=\"async\" src=\"img3\/hector.jpg\" \/>  <\/p>\n<\/p>\n<p>SANTO DOMINGO, RD, 22 de de enero, &#8211; El dirigente perrede\u00edsta H\u00e9ctor Guzm\u00e1n consider\u00f3 necesario que los delegados pol\u00edticos ante la Junta Central Electoral (JCE) sean convocados para discutir y decidir sobre implementar o no el voto preferencial en las pr\u00f3ximas elecciones.<\/p>\n<\/p>\n<p>Guzm\u00e1n estim\u00f3 que el consenso que se logre debe ser llevado  a la c\u00fapula de los diferentes partidos y al Congreso Nacional para su aprobaci\u00f3n y conversi\u00f3n en ley.<\/p>\n<\/p>\n<p>Hizo la propuesta ante las recientes declaraciones del presidente de la JCE, Julio C\u00e9sar Casta\u00f1os Guzm\u00e1n, en el sentido de que no existen condiciones apropiadas para garantizar la aplicaci\u00f3n del voto preferencial a nivel municipal en las elecciones generales del 2020,  y del presidente del Tribunal Superior Electoral (TSE), Rom\u00e1n J\u00e1quez, advirtiendo sobre los efectos  en la generaci\u00f3n de conflictos por la elecci\u00f3n de regidores.<\/p>\n<\/p>\n<p>Guzm\u00e1n ?vicepresidente del PRD- declar\u00f3 que \u00ablo m\u00e1s conveniente es eliminar o postergar la aplicaci\u00f3n del voto preferencial de cara a las elecciones del 2020 para evitar el caos que ponga en peligro el proceso\u00bb.<\/p>\n<\/p>\n<p>Agreg\u00f3 que \u00abel planteamiento es anular la ley 157-13 sobre el voto preferencial y luego establecer en la ley la lista cerrada y bloqueada de candidatos a cargos de diputados, regidores y vocales, como lo plantea la JCE en su proyecto de Ley Electoral\u00bb.<\/p>\n<\/p>\n<\/p>\n<p>Sostuvo que \u00abeliminando el voto preferencial permitiremos que   JCE y TSE dediquen todos sus esfuerzos y tiempo  a organizar y montar un proceso electoral sin traumas, confiable y exitoso\u00bb.<\/p>\n<\/p>\n<\/p>\n<p>Y observ\u00f3 que las elecciones municipales est\u00e1n pautadas para celebrarse  en febrero y que  la JCE y el TSE tendr\u00edan que conocer todas las impugnaciones que se van a generar antes del 24 de abril, fecha en que deber\u00e1n juramentarse las nuevas autoridades municipales, y pr\u00e1cticamente cuatro  semanas despu\u00e9s, es decir, el tercer domingo de mayo, deber\u00e1n hacer frente a  las votaciones para las elecciones presidenciales y congresionales.<\/p>\n<\/p>\n<p>\u00abMiles de aspirantes municipales peleando o compitiendo y sin delegados en las mesas generar\u00e1n muchas  impugnaciones que le llevar\u00e1n tiempo y energ\u00eda a la Junta y al TSE, descuidando as\u00ed el montaje de la elecci\u00f3n presidencial\u00bb, expres\u00f3 el dirigente del PRD. <\/p>\n<h6> 2018-01-22 15:43:59 <\/h6>\n<p><!--\n<link rel=\"stylesheet\" href=\"css\/bootstrap.min.css\">\n\n\n<ul class=\"pagination\">\n\t    \n\t\n\n<li >\n\t<a href='?page_no=6773'>Previous<\/a>\n\t<\/li>\n\n\n       \n    \n\n<li><a href='?page_no=1'>1<\/a><\/li>\n\n\n\n<li><a href='?page_no=2'>2<\/a><\/li>\n\n\n\n<li><a>...<\/a><\/li>\n\n\n\n<li><a href='?page_no=6772'>6772<\/a><\/li>\n\n\n\n<li><a href='?page_no=6773'>6773<\/a><\/li>\n\n\n\n<li class='active'><a>6774<\/a><\/li>\n\n\n\n<li><a href='?page_no=6775'>6775<\/a><\/li>\n\n\n\n<li><a href='?page_no=6776'>6776<\/a><\/li>\n\n\n\n<li><a>...<\/a><\/li>\n\n\n\n<li><a href='?page_no=36999'>36999<\/a><\/li>\n\n\n\n<li><a href='?page_no=37000'>37000<\/a><\/li>\n\n    \n\t\n\n<li >\n\t<a href='?page_no=6775'>Next<\/a>\n\t<\/li>\n\n\n    \n\n<li><a href='?page_no=37000'>Last &rsaquo;&rsaquo;<\/a><\/li>\n\n<\/ul>\n\n\n--><br \/>\n<\/body><\/p>\n","protected":false},"excerpt":{"rendered":"<p>SANTO DOMINGO, RD, 22 de de enero, &#8211; El dirigente perrede\u00edsta H\u00e9ctor Guzm\u00e1n consider\u00f3 necesario que los delegados pol\u00edticos ante la Junta Central Electoral (JCE) sean convocados para discutir y decidir sobre implementar o no el voto preferencial en las pr\u00f3ximas elecciones. Guzm\u00e1n estim\u00f3 que el consenso que se logre debe ser llevado a la [&hellip;]<\/p>\n","protected":false},"author":3,"featured_media":0,"comment_status":"open","ping_status":"open","sticky":false,"template":"","format":"standard","meta":{"footnotes":""},"categories":[22],"tags":[],"class_list":["post-171471","post","type-post","status-publish","format-standard","hentry","category-politica"],"_links":{"self":[{"href":"https:\/\/diariodominicano.com\/index.php?rest_route=\/wp\/v2\/posts\/171471","targetHints":{"allow":["GET"]}}],"collection":[{"href":"https:\/\/diariodominicano.com\/index.php?rest_route=\/wp\/v2\/posts"}],"about":[{"href":"https:\/\/diariodominicano.com\/index.php?rest_route=\/wp\/v2\/types\/post"}],"author":[{"embeddable":true,"href":"https:\/\/diariodominicano.com\/index.php?rest_route=\/wp\/v2\/users\/3"}],"replies":[{"embeddable":true,"href":"https:\/\/diariodominicano.com\/index.php?rest_route=%2Fwp%2Fv2%2Fcomments&post=171471"}],"version-history":[{"count":0,"href":"https:\/\/diariodominicano.com\/index.php?rest_route=\/wp\/v2\/posts\/171471\/revisions"}],"wp:attachment":[{"href":"https:\/\/diariodominicano.com\/index.php?rest_route=%2Fwp%2Fv2%2Fmedia&parent=171471"}],"wp:term":[{"taxonomy":"category","embeddable":true,"href":"https:\/\/diariodominicano.com\/index.php?rest_route=%2Fwp%2Fv2%2Fcategories&post=171471"},{"taxonomy":"post_tag","embeddable":true,"href":"https:\/\/diariodominicano.com\/index.php?rest_route=%2Fwp%2Fv2%2Ftags&post=171471"}],"curies":[{"name":"wp","href":"https:\/\/api.w.org\/{rel}","templated":true}]}}