{"id":171470,"date":"2018-01-22T23:56:46","date_gmt":"2018-01-22T23:56:46","guid":{"rendered":"http:\/\/diariodominicano.ddns.net\/?p=171470"},"modified":"2018-01-22T23:56:46","modified_gmt":"2018-01-22T23:56:46","slug":"legislativo-tico-aprobo-en-primer-debate-proyecto-contra-nepotismo","status":"publish","type":"post","link":"https:\/\/diariodominicano.com\/?p=171470","title":{"rendered":"Legislativo tico aprob\u00f3 en primer debate proyecto contra nepotismo"},"content":{"rendered":"<p><body><\/p>\n<p><strong>San Jos\u00e9, 22 ene (PL)<\/strong> La Asamblea Legislativa aprob\u00f3 hoy en el primero de dos debates el proyecto legal contra el nepotismo en el m\u00e1ximo poder del estado de Costa Rica, presentado por el diputado del Frente Amplio (FA) Gerardo Vargas.<\/p>\n<\/p>\n<p>La iniciativa pretende prohibir que los diputados puedan nombrar parientes hasta segundo grado de consanguinidad en puestos de asesor\u00eda en la Asamblea Legislativa, indic\u00f3 Vargas a la prensa tras la sanci\u00f3n por 42 votos a favor en primer debate en plenario. El segundo y definitivo debe efectuarse el pr\u00f3ximo jueves.<\/p>\n<\/p>\n<p>&#8216;Este es otro triunfo de la fracci\u00f3n del FA, que desde el 2015 viene luchando contra esta pr\u00e1ctica tan odiosa y com\u00fan en la Asamblea Legislativa&#8217;, destac\u00f3 el legislador por la mayor agrupaci\u00f3n pol\u00edtica de izquierda de Costa Rica y a\u00f1adi\u00f3 que estos son &#8216;los proyectos que vienen a erradicar la corrupci\u00f3n que tiene harta a la ciudadan\u00eda&#8217;.<\/p>\n<\/p>\n<p>Por su parte, el candidato a la presidencia por ese partido y diputado (con permiso sin goce de salario por la campa\u00f1a electoral), Edgardo Araya, celebr\u00f3 la aprobaci\u00f3n de esa propuesta, la que calific\u00f3 de un triunfo de su fracci\u00f3n para adecentar la pol\u00edtica y la institucionalidad del pa\u00eds.<\/p>\n<\/p>\n<p>&#8216;Ser\u00eda imposible pensar la aprobaci\u00f3n de un proyecto como este sin la presencia del FA en la Asamblea Legislativa, definitivamente somos un partido necesario. Ahora nos queda seguir luchando por la aprobaci\u00f3n de todas las dem\u00e1s iniciativas que hemos presentado para combatir la corrupci\u00f3n&#8217;, sostuvo Araya.<\/p>\n<\/p>\n<p>Entre estas \u00faltimas, el candidato presidencial mencion\u00f3 la iniciativa que busca retirar la inmunidad de altos jerarcas acusados por corrupci\u00f3n y hacer que estos delitos no prescriban.<\/p>\n<\/p>\n<p>agp\/ale<\/p>\n<h6> 2018-01-22 23:56:46 <\/h6>\n<p><!--\n<link rel=\"stylesheet\" href=\"css\/bootstrap.min.css\">\n\n\n<ul class=\"pagination\">\n\t    \n\t\n\n<li >\n\t<a href='?page_no=6772'>Previous<\/a>\n\t<\/li>\n\n\n       \n    \n\n<li><a href='?page_no=1'>1<\/a><\/li>\n\n\n\n<li><a href='?page_no=2'>2<\/a><\/li>\n\n\n\n<li><a>...<\/a><\/li>\n\n\n\n<li><a href='?page_no=6771'>6771<\/a><\/li>\n\n\n\n<li><a href='?page_no=6772'>6772<\/a><\/li>\n\n\n\n<li class='active'><a>6773<\/a><\/li>\n\n\n\n<li><a href='?page_no=6774'>6774<\/a><\/li>\n\n\n\n<li><a href='?page_no=6775'>6775<\/a><\/li>\n\n\n\n<li><a>...<\/a><\/li>\n\n\n\n<li><a href='?page_no=36999'>36999<\/a><\/li>\n\n\n\n<li><a href='?page_no=37000'>37000<\/a><\/li>\n\n    \n\t\n\n<li >\n\t<a href='?page_no=6774'>Next<\/a>\n\t<\/li>\n\n\n    \n\n<li><a href='?page_no=37000'>Last &rsaquo;&rsaquo;<\/a><\/li>\n\n<\/ul>\n\n\n--><br \/>\n<\/body><\/p>\n","protected":false},"excerpt":{"rendered":"<p>San Jos\u00e9, 22 ene (PL) La Asamblea Legislativa aprob\u00f3 hoy en el primero de dos debates el proyecto legal contra el nepotismo en el m\u00e1ximo poder del estado de Costa Rica, presentado por el diputado del Frente Amplio (FA) Gerardo Vargas. La iniciativa pretende prohibir que los diputados puedan nombrar parientes hasta segundo grado de [&hellip;]<\/p>\n","protected":false},"author":3,"featured_media":0,"comment_status":"open","ping_status":"open","sticky":false,"template":"","format":"standard","meta":{"footnotes":""},"categories":[22],"tags":[],"class_list":["post-171470","post","type-post","status-publish","format-standard","hentry","category-politica"],"_links":{"self":[{"href":"https:\/\/diariodominicano.com\/index.php?rest_route=\/wp\/v2\/posts\/171470","targetHints":{"allow":["GET"]}}],"collection":[{"href":"https:\/\/diariodominicano.com\/index.php?rest_route=\/wp\/v2\/posts"}],"about":[{"href":"https:\/\/diariodominicano.com\/index.php?rest_route=\/wp\/v2\/types\/post"}],"author":[{"embeddable":true,"href":"https:\/\/diariodominicano.com\/index.php?rest_route=\/wp\/v2\/users\/3"}],"replies":[{"embeddable":true,"href":"https:\/\/diariodominicano.com\/index.php?rest_route=%2Fwp%2Fv2%2Fcomments&post=171470"}],"version-history":[{"count":0,"href":"https:\/\/diariodominicano.com\/index.php?rest_route=\/wp\/v2\/posts\/171470\/revisions"}],"wp:attachment":[{"href":"https:\/\/diariodominicano.com\/index.php?rest_route=%2Fwp%2Fv2%2Fmedia&parent=171470"}],"wp:term":[{"taxonomy":"category","embeddable":true,"href":"https:\/\/diariodominicano.com\/index.php?rest_route=%2Fwp%2Fv2%2Fcategories&post=171470"},{"taxonomy":"post_tag","embeddable":true,"href":"https:\/\/diariodominicano.com\/index.php?rest_route=%2Fwp%2Fv2%2Ftags&post=171470"}],"curies":[{"name":"wp","href":"https:\/\/api.w.org\/{rel}","templated":true}]}}