{"id":171469,"date":"2018-01-23T17:51:28","date_gmt":"2018-01-23T17:51:28","guid":{"rendered":"http:\/\/diariodominicano.ddns.net\/?p=171469"},"modified":"2018-01-23T17:51:28","modified_gmt":"2018-01-23T17:51:28","slug":"pld-en-homenaje-a-jose-rodriguez-aybar","status":"publish","type":"post","link":"https:\/\/diariodominicano.com\/?p=171469","title":{"rendered":"PLD en homenaje a Jos\u00e9 Rodr\u00edguez Aybar"},"content":{"rendered":"<p><body><\/p>\n<p><img decoding=\"async\" src=\"img3\/LRS_7271 (1).JPG\" \/><br \/><img decoding=\"async\" src=\"img3\/LRS_7273 (1).JPG\" \/>  <\/p>\n<\/p>\n<p><strong>SANTO DOMINGO, RD, 23 de enero de 2018.-<\/strong> Al conmemorarse el primer aniversario del fallecimiento de Jos\u00e9 Rodr\u00edguez Aybar  el Partido de la Liberaci\u00f3n Dominicana realiz\u00f3 un homenaje a quien fue su presidente provincial de Hermanas Mirabal por esa organizaci\u00f3n pol\u00edtica durante 32 a\u00f1os.<\/p>\n<\/p>\n<\/p>\n<p>El homenaje al dirigente pelede\u00edsta se efectu\u00f3  en la sala de  recepci\u00f3n  de la Casa Nacional del PLD en el que familiares, amigos, profesionales de la salud y dirigentes pelede\u00edstas ofrecieron testimonios de vida junto al m\u00e9dico y dirigente pol\u00edtico fallecido.<\/p>\n<\/p>\n<\/p>\n<p>Bautista Rojas G\u00f3mez, miembro del Comit\u00e9 Pol\u00edtico del Partido de la Liberaci\u00f3n Dominicana, pronunci\u00f3 las  palabras centrales del acto,  a nombre de ese alto organismo en las que destac\u00f3 las cualidades del fenecido m\u00e9dico y dirigente pelede\u00edsta.<\/p>\n<\/p>\n<\/p>\n<p>Rojas G\u00f3mez destac\u00f3 que Rodr\u00edguez Aybar fue quien construy\u00f3 la fisonom\u00eda pol\u00edtica que hoy le permite a la Provincia Hermanas Mirabal y al municipio de Salcedo entregarle al PLD en cada elecciones un triunfo electoral.<\/p>\n<\/p>\n<\/p>\n<p>\u00abCuando veo su familia pol\u00edtica que quiere reproducir, continuar con la tertulia y su local abierto, Vanguardia del Pueblo  presente en los locales del Partido, que quiere que el boschismo no se aleje del pensamiento y los corazones de los pelede\u00edstas veo a Jos\u00e9 presente\u00bb, expres\u00f3 G\u00f3mez en unas emotivas palabras que cerraron con un prolongado aplauso recordando el dirigente ido.<\/p>\n<\/p>\n<\/p>\n<p>Manifest\u00f3 que el pensamiento de  Rodr\u00edguez Aybar, su acci\u00f3n y su ejemplo tambi\u00e9n est\u00e1 presente en el coraz\u00f3n de los pelede\u00edstas no solo de la provincia sino del pa\u00eds. \u00abCada Vez que observo un Partido que cree en su cohesi\u00f3n y su unidad interna veo el pensamiento de este compa\u00f1ero y compueblano\u00bb.<\/p>\n<\/p>\n<\/p>\n<p>Resalt\u00f3 que  Jos\u00e9 Rodr\u00edguez Aybar asumi\u00f3 la direcci\u00f3n provincial Hermanas Mirabal en 1986 y que se propuso como meta mantenerlo siempre abierto. \u00ab\u00c9l dec\u00eda que sin locales abiertos no hay fisonom\u00eda partidaria, ya que la Casa Nacional del PLD no cierra sus puertas, y que los locales ten\u00edan que ser una r\u00e9plica\u00bb.<\/p>\n<\/p>\n<\/p>\n<p>Dijo que esa direcci\u00f3n es una de las pocas direcciones que abre su local todos los d\u00edas y mantiene una tertulia diaria sobre temas pol\u00edticos, sociales y culturales que se ha convertido en un punto de encuentro para los pelede\u00edstas y algunos comunitarios.<\/p>\n<\/p>\n<\/p>\n<p>\u00abBauta\u00bb habl\u00f3 tambi\u00e9n de su trayectoria como dirigente del PLD, as\u00ed como de las condiciones de  excelente jugador de voleibol, estudiante brillante, m\u00e9dico enamorado de su \u00e1rea urolog\u00eda y amigo, hermano  y del compadrazgo que compart\u00eda con Jos\u00e9\u00bb<\/p>\n<\/p>\n<\/p>\n<p>A nombre de la familia habl\u00f3 Cristina Arlette Rodr\u00edguez.  Se refiri\u00f3 a la faceta de padre del  fallecido y el amor que profesaba a su pueblo, su familia y su trabajo, \u00absiempre dando lo que ten\u00eda para ver al otro crecer\u00bb.<\/p>\n<\/p>\n<\/p>\n<p>\u00abYo lo conoc\u00ed como padre. Un hombre que viene de la nada y sobreviviendo con la esperanza, el sentimiento m\u00e1s grande que ten\u00eda mi padre\u00bb, precis\u00f3 Arlette Rodr\u00edguez.<\/p>\n<\/p>\n<\/p>\n<p>Walter Encarnaci\u00f3n, fundador del Comit\u00e9 Intermedio Enriquillo del PLD, indic\u00f3 que este homenaje a  Rodr\u00edguez Aybar es un acto de justicia que obliga a todos los pelede\u00edstas a mantener la memoria de un gran dirigente, un excelente profesional y un humanista, honrado y solidario.<\/p>\n<\/p>\n<\/p>\n<p>\u00abSe mantuvo firme y consecuente a lo largo de toda su vida. La coherencia y la actitud como dirigentes fue la misma desde que se conoci\u00f3 hasta el final. Un dirigente de la talla de Jos\u00e9 Rodr\u00edguez Aybar no abunda hoy en d\u00eda\u00bb, se\u00f1al\u00f3.<\/p>\n<\/p>\n<\/p>\n<p>Tony Capell\u00e1n destac\u00f3 que Jos\u00e9  fue un hombre que supo tratar a los amigos y que ten\u00eda una manera muy especial de ser. \u00abTen\u00eda una voz imponente, pero dentro de esa voz hab\u00eda una descarga de amor, de sinceridad, en cada una de sus expresiones y actitudes\u00bb.<\/p>\n<\/p>\n<\/p>\n<p>\u00abLo quieren mucha gente y lo van a seguir queriendo. El agradecimiento es la memoria del coraz\u00f3n. Yo pienso que cada pelede\u00edsta, cada persona que tuvo que ver con Jos\u00e9 se siente agradecido del trato que \u00e9l le dio. Lo llevamos siempre en el coraz\u00f3n\u00bb, signific\u00f3.<\/p>\n<\/p>\n<\/p>\n<p>Igualmente, Alfredo Mirabal ponder\u00f3 las cualidades del dirigente salce dense  puntualizando que mientras estuvo como funcionario p\u00fablico mantuvo su residencia en Salcedo y que construy\u00f3 un espacio donde los compa\u00f1eros pod\u00edan sentirse como su estuvieran en su casa<\/p>\n<\/p>\n<\/p>\n<p>\u00abCuando sali\u00f3 de la funci\u00f3n p\u00fablica dijo que no pod\u00eda quedarse en su casa y decidi\u00f3 abrir el local del partido todas las tardes. Sino es el \u00fanico, es de los pocos que permanece abierto y hace una tertulia donde se tratan diversos temas\u00bb, explic\u00f3.<\/p>\n<\/p>\n<\/p>\n<p>Su colega m\u00e9dico y pol\u00edtico Orlando Arias se refiri\u00f3 a su carrera de m\u00e9dico en la que se iniciaron el mismo d\u00eda de clases y luego en la pol\u00edtica.<\/p>\n<\/p>\n<\/p>\n<p>\u00abActuaba con responsabilidad y siempre realizaba lo que se propon\u00eda. Dej\u00f3 huellas a seguir para aquellos que han elegido la pol\u00edtica como una manera de servicio\u00bb, agreg\u00f3 Arias.<\/p>\n<\/p>\n<\/p>\n<p>Leonel Ure\u00f1a habl\u00f3 de sus cualidades como gremialista y dijo que le sirvi\u00f3 de gu\u00eda. \u00abTen\u00eda una actitud de vanguardia y de trabajo y por eso cada vez que tengo una situaci\u00f3n dif\u00edcil pienso en \u00e9l\u00bb.<\/p>\n<\/p>\n<\/p>\n<p>A la actividad asisti\u00f3 tambi\u00e9n Cristina Lizardo, del Comit\u00e9 Pol\u00edtico, el equipo del Consejo de Administraci\u00f3n de la Casa Nacional compuesto por Jos\u00e9 Paulino, Audilio Vargas, Maribel Acosta y H\u00e9ctor Olivo, quien condujo el acto.<\/p>\n<\/p>\n<\/p>\n<p>De la direcci\u00f3n partidaria Ramonita Garc\u00eda, H\u00e9ctor Mojica, Ignacio Ditr\u00e9n, Franklin Labour, Cristina P\u00e9rez, entre otros.<\/p>\n<\/p>\n<\/p>\n<p>Este martes, fecha del primer aniversario del fallecimiento de Jos\u00e9 Rodr\u00edguez Aybar,  sus familiares y el PLD en Salcedo prepararon tambi\u00e9n sendos actos. (Comunicaciones PLD)<\/p>\n<\/p>\n<h6> 2018-01-23 17:51:28 <\/h6>\n<p><!--\n<link rel=\"stylesheet\" href=\"css\/bootstrap.min.css\">\n\n\n<ul class=\"pagination\">\n\t    \n\t\n\n<li >\n\t<a href='?page_no=6771'>Previous<\/a>\n\t<\/li>\n\n\n       \n    \n\n<li><a href='?page_no=1'>1<\/a><\/li>\n\n\n\n<li><a href='?page_no=2'>2<\/a><\/li>\n\n\n\n<li><a>...<\/a><\/li>\n\n\n\n<li><a href='?page_no=6770'>6770<\/a><\/li>\n\n\n\n<li><a href='?page_no=6771'>6771<\/a><\/li>\n\n\n\n<li class='active'><a>6772<\/a><\/li>\n\n\n\n<li><a href='?page_no=6773'>6773<\/a><\/li>\n\n\n\n<li><a href='?page_no=6774'>6774<\/a><\/li>\n\n\n\n<li><a>...<\/a><\/li>\n\n\n\n<li><a href='?page_no=36999'>36999<\/a><\/li>\n\n\n\n<li><a href='?page_no=37000'>37000<\/a><\/li>\n\n    \n\t\n\n<li >\n\t<a href='?page_no=6773'>Next<\/a>\n\t<\/li>\n\n\n    \n\n<li><a href='?page_no=37000'>Last &rsaquo;&rsaquo;<\/a><\/li>\n\n<\/ul>\n\n\n--><br \/>\n<\/body><\/p>\n","protected":false},"excerpt":{"rendered":"<p>SANTO DOMINGO, RD, 23 de enero de 2018.- Al conmemorarse el primer aniversario del fallecimiento de Jos\u00e9 Rodr\u00edguez Aybar el Partido de la Liberaci\u00f3n Dominicana realiz\u00f3 un homenaje a quien fue su presidente provincial de Hermanas Mirabal por esa organizaci\u00f3n pol\u00edtica durante 32 a\u00f1os. El homenaje al dirigente pelede\u00edsta se efectu\u00f3 en la sala de [&hellip;]<\/p>\n","protected":false},"author":3,"featured_media":0,"comment_status":"open","ping_status":"open","sticky":false,"template":"","format":"standard","meta":{"footnotes":""},"categories":[22],"tags":[],"class_list":["post-171469","post","type-post","status-publish","format-standard","hentry","category-politica"],"_links":{"self":[{"href":"https:\/\/diariodominicano.com\/index.php?rest_route=\/wp\/v2\/posts\/171469","targetHints":{"allow":["GET"]}}],"collection":[{"href":"https:\/\/diariodominicano.com\/index.php?rest_route=\/wp\/v2\/posts"}],"about":[{"href":"https:\/\/diariodominicano.com\/index.php?rest_route=\/wp\/v2\/types\/post"}],"author":[{"embeddable":true,"href":"https:\/\/diariodominicano.com\/index.php?rest_route=\/wp\/v2\/users\/3"}],"replies":[{"embeddable":true,"href":"https:\/\/diariodominicano.com\/index.php?rest_route=%2Fwp%2Fv2%2Fcomments&post=171469"}],"version-history":[{"count":0,"href":"https:\/\/diariodominicano.com\/index.php?rest_route=\/wp\/v2\/posts\/171469\/revisions"}],"wp:attachment":[{"href":"https:\/\/diariodominicano.com\/index.php?rest_route=%2Fwp%2Fv2%2Fmedia&parent=171469"}],"wp:term":[{"taxonomy":"category","embeddable":true,"href":"https:\/\/diariodominicano.com\/index.php?rest_route=%2Fwp%2Fv2%2Fcategories&post=171469"},{"taxonomy":"post_tag","embeddable":true,"href":"https:\/\/diariodominicano.com\/index.php?rest_route=%2Fwp%2Fv2%2Ftags&post=171469"}],"curies":[{"name":"wp","href":"https:\/\/api.w.org\/{rel}","templated":true}]}}