{"id":171468,"date":"2018-01-23T19:44:31","date_gmt":"2018-01-23T19:44:31","guid":{"rendered":"http:\/\/diariodominicano.ddns.net\/?p=171468"},"modified":"2018-01-23T19:44:31","modified_gmt":"2018-01-23T19:44:31","slug":"constituyente-de-venezuela-aprueba-adelantar-elecciones-presidenciales-antes-del-30-de-abril","status":"publish","type":"post","link":"https:\/\/diariodominicano.com\/?p=171468","title":{"rendered":"Constituyente de Venezuela aprueba adelantar elecciones presidenciales antes del 30 de abril"},"content":{"rendered":"<p><body><\/p>\n<p><img decoding=\"async\" src=\"img3\/Delcy-Rodriguez.jpg\" \/>  <\/p>\n<p><strong> <\/strong><\/p>\n<p><strong>   CARACAS, 23 ene (Xinhua) &#8212; <\/strong>La Asamblea Nacional Constituyente (ANC) de Venezuela aprob\u00f3 hoy martes adelantar las elecciones presidenciales para antes del pr\u00f3ximo 30 de abril.<\/p>\n<\/p>\n<p>   \u00abAprobado por aclamaci\u00f3n, por unanimidad. Queda aprobado con nuestro grito de combate\u00bb, expres\u00f3 la presidenta de la ANC, Delcy Rodr\u00edguez, quien agradeci\u00f3 al constituyente Diosdado Cabello por la propuesta.<\/p>\n<\/p>\n<p>   Durante la sesi\u00f3n ordinaria, Cabello afirm\u00f3 que el decreto aprobado implica \u00abconvocar para el primer cuatrimestre del a\u00f1o 2018 el proceso electoral para la Presidencia de Venezuela\u00bb, inicialmente previsto para diciembre.<\/p>\n<\/p>\n<p>   \u00ab\u00bfQu\u00e9 significa esto? Que antes del d\u00eda 30 de abril, que termine ese cuatrimestre, debe haber elecciones en Venezuela para escoger al presidente de la Rep\u00fablica\u00bb, subray\u00f3 el dirigente chavista.<\/p>\n<\/p>\n<p>   Seg\u00fan establece el decreto presentado por el tambi\u00e9n primer vicepresidente del gobernante Partido Socialista Unido de Venezuela (PSUV), corresponde al Consejo Nacional Electoral (CNE) fijar la fecha dentro de estos cuatro meses.<\/p>\n<\/p>\n<p>   La decisi\u00f3n de adelantar las elecciones presidenciales se da en medio de las sanciones que Estados Unidos, Canad\u00e1 y la Uni\u00f3n Europea (UE) han impuesto a altos funcionarios del pa\u00eds, incluyendo a Cabello.<\/p>\n<\/p>\n<p>   De acuerdo con Delcy Rodr\u00edguez, la ANC adopta la decisi\u00f3n sobre los comicios presidenciales \u00abfrente a las amenazas imperiales que hoy se ciernen contra nuestra patria, que pretenden darle vida a lo que es imposible: a una moribunda oposici\u00f3n\u00bb.<\/p>\n<\/p>\n<p>   La ex canciller critic\u00f3 que las \u00abfuerzas exteriores\u00bb, que tild\u00f3 de \u00abimperiales\u00bb, pretendan \u00abhacer lo imposible\u00bb para \u00abchantajear y amenazar a nuestro pueblo con esas p\u00edrricas sanciones\u00bb.<\/p>\n<\/p>\n<p>   Sobre el candidato del chavismo para la pr\u00f3xima contienda electoral, Diosdado Cabello indic\u00f3 que \u00abnosotros tenemos un solo candidato para continuar con la revoluci\u00f3n bolivariana\u00bb.<\/p>\n<\/p>\n<p>   El constituyente record\u00f3 las palabras del fallecido mandatario Hugo Ch\u00e1vez durante su \u00faltima aparici\u00f3n p\u00fablica el 8 de diciembre de 2012, antes de partir a Cuba para tratarse el c\u00e1ncer: \u00absi algo me ocurre, elijan a Nicol\u00e1s Maduro como presidente\u00bb de Venezuela.<\/p>\n<\/p>\n<p>   \u00abEste pueblo tiene derecho a escoger su destino. Pedimos respeto a nuestras decisiones\u00bb, manifest\u00f3 Cabello. Fin<\/p>\n<\/p>\n<h6> 2018-01-23 19:44:31 <\/h6>\n<p><!--\n<link rel=\"stylesheet\" href=\"css\/bootstrap.min.css\">\n\n\n<ul class=\"pagination\">\n\t    \n\t\n\n<li >\n\t<a href='?page_no=6770'>Previous<\/a>\n\t<\/li>\n\n\n       \n    \n\n<li><a href='?page_no=1'>1<\/a><\/li>\n\n\n\n<li><a href='?page_no=2'>2<\/a><\/li>\n\n\n\n<li><a>...<\/a><\/li>\n\n\n\n<li><a href='?page_no=6769'>6769<\/a><\/li>\n\n\n\n<li><a href='?page_no=6770'>6770<\/a><\/li>\n\n\n\n<li class='active'><a>6771<\/a><\/li>\n\n\n\n<li><a href='?page_no=6772'>6772<\/a><\/li>\n\n\n\n<li><a href='?page_no=6773'>6773<\/a><\/li>\n\n\n\n<li><a>...<\/a><\/li>\n\n\n\n<li><a href='?page_no=36999'>36999<\/a><\/li>\n\n\n\n<li><a href='?page_no=37000'>37000<\/a><\/li>\n\n    \n\t\n\n<li >\n\t<a href='?page_no=6772'>Next<\/a>\n\t<\/li>\n\n\n    \n\n<li><a href='?page_no=37000'>Last &rsaquo;&rsaquo;<\/a><\/li>\n\n<\/ul>\n\n\n--><br \/>\n<\/body><\/p>\n","protected":false},"excerpt":{"rendered":"<p>CARACAS, 23 ene (Xinhua) &#8212; La Asamblea Nacional Constituyente (ANC) de Venezuela aprob\u00f3 hoy martes adelantar las elecciones presidenciales para antes del pr\u00f3ximo 30 de abril. \u00abAprobado por aclamaci\u00f3n, por unanimidad. Queda aprobado con nuestro grito de combate\u00bb, expres\u00f3 la presidenta de la ANC, Delcy Rodr\u00edguez, quien agradeci\u00f3 al constituyente Diosdado Cabello por la propuesta. [&hellip;]<\/p>\n","protected":false},"author":3,"featured_media":0,"comment_status":"open","ping_status":"open","sticky":false,"template":"","format":"standard","meta":{"footnotes":""},"categories":[22],"tags":[],"class_list":["post-171468","post","type-post","status-publish","format-standard","hentry","category-politica"],"_links":{"self":[{"href":"https:\/\/diariodominicano.com\/index.php?rest_route=\/wp\/v2\/posts\/171468","targetHints":{"allow":["GET"]}}],"collection":[{"href":"https:\/\/diariodominicano.com\/index.php?rest_route=\/wp\/v2\/posts"}],"about":[{"href":"https:\/\/diariodominicano.com\/index.php?rest_route=\/wp\/v2\/types\/post"}],"author":[{"embeddable":true,"href":"https:\/\/diariodominicano.com\/index.php?rest_route=\/wp\/v2\/users\/3"}],"replies":[{"embeddable":true,"href":"https:\/\/diariodominicano.com\/index.php?rest_route=%2Fwp%2Fv2%2Fcomments&post=171468"}],"version-history":[{"count":0,"href":"https:\/\/diariodominicano.com\/index.php?rest_route=\/wp\/v2\/posts\/171468\/revisions"}],"wp:attachment":[{"href":"https:\/\/diariodominicano.com\/index.php?rest_route=%2Fwp%2Fv2%2Fmedia&parent=171468"}],"wp:term":[{"taxonomy":"category","embeddable":true,"href":"https:\/\/diariodominicano.com\/index.php?rest_route=%2Fwp%2Fv2%2Fcategories&post=171468"},{"taxonomy":"post_tag","embeddable":true,"href":"https:\/\/diariodominicano.com\/index.php?rest_route=%2Fwp%2Fv2%2Ftags&post=171468"}],"curies":[{"name":"wp","href":"https:\/\/api.w.org\/{rel}","templated":true}]}}