{"id":171467,"date":"2018-01-23T19:48:22","date_gmt":"2018-01-23T19:48:22","guid":{"rendered":"http:\/\/diariodominicano.ddns.net\/?p=171467"},"modified":"2018-01-23T19:48:22","modified_gmt":"2018-01-23T19:48:22","slug":"maduro-pide-a-consejo-electoral-fecha-mas-cercana-para-comicios-venezolanos","status":"publish","type":"post","link":"https:\/\/diariodominicano.com\/?p=171467","title":{"rendered":"Maduro pide a Consejo Electoral \u00abfecha m\u00e1s cercana\u00bb para comicios venezolanos"},"content":{"rendered":"<p><body><\/p>\n<p><img decoding=\"async\" src=\"img3\/Maduro.jpg\" \/>  <\/p>\n<p><strong> <\/strong><\/p>\n<p><strong>   CARACAS, 23 ene (Xinhua) &#8212;<\/strong> El presidente venezolano, Nicol\u00e1s Maduro, pidi\u00f3 hoy al Consejo Nacional Electoral (CNE) fijar la \u00abfecha m\u00e1s cercana\u00bb para la celebraci\u00f3n de los comicios presidenciales, que la Asamblea Nacional Constituyente (ANC) decidi\u00f3 adelantar para antes del 30 de abril.<\/p>\n<\/p>\n<p>   \u00abPido al Poder Electoral que fije la fecha m\u00e1s cercana para salir de esto, ganar las elecciones y empezar a hacer una gran revoluci\u00f3n necesaria del 2018\u00bb, manifest\u00f3 Maduro durante una concentraci\u00f3n chavista en el oeste de Caracas.<\/p>\n<\/p>\n<p>   Maduro, quien insisti\u00f3 en la necesidad de \u00absalir de esto de una buena vez\u00bb, dijo creer \u00aben la fuerza creadora del pueblo, creo en los poderes victoriosos de las mayor\u00edas nacionales, creo en el poder de ustedes en cada hogar, en cada centro de trabajo\u00bb.<\/p>\n<\/p>\n<p>   \u00abVamos a dilucidar esto r\u00e1pido. Si eso estuviera en mis manos, yo har\u00eda esas elecciones este domingo que viene, y punto\u00bb, agreg\u00f3.<\/p>\n<\/p>\n<p>   El mandatario dijo que en las pr\u00f3ximas elecciones \u00abno va a decidir Donald Trump (presidente estadounidense)\u00bb , sino \u00abel pueblo soberano de Venezuela\u00bb.<\/p>\n<\/p>\n<p>   \u00abDecidan ustedes (venezolanos) el destino de este pa\u00eds, les entrego en sus manos el destino de esta patria\u00bb, a\u00f1adi\u00f3 Maduro.<\/p>\n<\/p>\n<p>   Este martes, durante su intervenci\u00f3n, Maduro dijo estar dispuesto a postularse para la reelecci\u00f3n en la presidencia del pa\u00eds si todos los sectores del chavismo lo eligen como el candidato del oficialismo. Fin<\/p>\n<\/p>\n<h6> 2018-01-23 19:48:22 <\/h6>\n<p><!--\n<link rel=\"stylesheet\" href=\"css\/bootstrap.min.css\">\n\n\n<ul class=\"pagination\">\n\t    \n\t\n\n<li >\n\t<a href='?page_no=6769'>Previous<\/a>\n\t<\/li>\n\n\n       \n    \n\n<li><a href='?page_no=1'>1<\/a><\/li>\n\n\n\n<li><a href='?page_no=2'>2<\/a><\/li>\n\n\n\n<li><a>...<\/a><\/li>\n\n\n\n<li><a href='?page_no=6768'>6768<\/a><\/li>\n\n\n\n<li><a href='?page_no=6769'>6769<\/a><\/li>\n\n\n\n<li class='active'><a>6770<\/a><\/li>\n\n\n\n<li><a href='?page_no=6771'>6771<\/a><\/li>\n\n\n\n<li><a href='?page_no=6772'>6772<\/a><\/li>\n\n\n\n<li><a>...<\/a><\/li>\n\n\n\n<li><a href='?page_no=36999'>36999<\/a><\/li>\n\n\n\n<li><a href='?page_no=37000'>37000<\/a><\/li>\n\n    \n\t\n\n<li >\n\t<a href='?page_no=6771'>Next<\/a>\n\t<\/li>\n\n\n    \n\n<li><a href='?page_no=37000'>Last &rsaquo;&rsaquo;<\/a><\/li>\n\n<\/ul>\n\n\n--><br \/>\n<\/body><\/p>\n","protected":false},"excerpt":{"rendered":"<p>CARACAS, 23 ene (Xinhua) &#8212; El presidente venezolano, Nicol\u00e1s Maduro, pidi\u00f3 hoy al Consejo Nacional Electoral (CNE) fijar la \u00abfecha m\u00e1s cercana\u00bb para la celebraci\u00f3n de los comicios presidenciales, que la Asamblea Nacional Constituyente (ANC) decidi\u00f3 adelantar para antes del 30 de abril. \u00abPido al Poder Electoral que fije la fecha m\u00e1s cercana para salir [&hellip;]<\/p>\n","protected":false},"author":3,"featured_media":0,"comment_status":"open","ping_status":"open","sticky":false,"template":"","format":"standard","meta":{"footnotes":""},"categories":[22],"tags":[],"class_list":["post-171467","post","type-post","status-publish","format-standard","hentry","category-politica"],"_links":{"self":[{"href":"https:\/\/diariodominicano.com\/index.php?rest_route=\/wp\/v2\/posts\/171467","targetHints":{"allow":["GET"]}}],"collection":[{"href":"https:\/\/diariodominicano.com\/index.php?rest_route=\/wp\/v2\/posts"}],"about":[{"href":"https:\/\/diariodominicano.com\/index.php?rest_route=\/wp\/v2\/types\/post"}],"author":[{"embeddable":true,"href":"https:\/\/diariodominicano.com\/index.php?rest_route=\/wp\/v2\/users\/3"}],"replies":[{"embeddable":true,"href":"https:\/\/diariodominicano.com\/index.php?rest_route=%2Fwp%2Fv2%2Fcomments&post=171467"}],"version-history":[{"count":0,"href":"https:\/\/diariodominicano.com\/index.php?rest_route=\/wp\/v2\/posts\/171467\/revisions"}],"wp:attachment":[{"href":"https:\/\/diariodominicano.com\/index.php?rest_route=%2Fwp%2Fv2%2Fmedia&parent=171467"}],"wp:term":[{"taxonomy":"category","embeddable":true,"href":"https:\/\/diariodominicano.com\/index.php?rest_route=%2Fwp%2Fv2%2Fcategories&post=171467"},{"taxonomy":"post_tag","embeddable":true,"href":"https:\/\/diariodominicano.com\/index.php?rest_route=%2Fwp%2Fv2%2Ftags&post=171467"}],"curies":[{"name":"wp","href":"https:\/\/api.w.org\/{rel}","templated":true}]}}