{"id":171465,"date":"2018-01-23T20:06:20","date_gmt":"2018-01-23T20:06:20","guid":{"rendered":"http:\/\/diariodominicano.ddns.net\/?p=171465"},"modified":"2018-01-23T20:06:20","modified_gmt":"2018-01-23T20:06:20","slug":"maduro-anuncia-que-esta-dispuesto-a-ser-reelecto-presidente-de-venezuela","status":"publish","type":"post","link":"https:\/\/diariodominicano.com\/?p=171465","title":{"rendered":"Maduro anuncia que est\u00e1 dispuesto a ser reelecto presidente de Venezuela"},"content":{"rendered":"<p><body><\/p>\n<p><img decoding=\"async\" src=\"img3\/136919226_15167542502801n.jpg\" \/>  <\/p>\n<p>El presidente venezolano, Nicol\u00e1s Maduro (d), acompa\u00f1ado por su esposa Cilia Flores (i), participa en una marcha en el marco de la conmemoraci\u00f3n de los 60 a\u00f1os del derrocamiento de la dictadura de Marcos P\u00e9rez Jim\u00e9nez, en Caracas, Venezuela, el 23 de enero de 2018. El mandatario de Venezuela, Nicol\u00e1s Maduro, anunci\u00f3 el martes que est\u00e1 dispuesto a la reelecci\u00f3n en los comicios presidenciales que la Asamblea Nacional Constituyente (ANC) aprob\u00f3 adelantar para antes del pr\u00f3ximo 30 de abril. (Xinhua\/Str)<\/p>\n<p><strong>CARACAS, 23 ene (Xinhua) &#8212;<\/strong> El mandatario de Venezuela, Nicol\u00e1s Maduro, anunci\u00f3 hoy martes que est\u00e1 dispuesto a la reelecci\u00f3n en los comicios presidenciales que la Asamblea Nacional Constituyente (ANC) aprob\u00f3 adelantar para antes del pr\u00f3ximo 30 de abril.<\/p>\n<\/p>\n<p>\u00abSi el Partido Socialista Unido de Venezuela (PSUV), si las fuerzas del Gran Polo Patri\u00f3tico (GPP), si mis hermanos trabajadores, si la clase obrera, si las mujeres, si la juventud cree que yo debo ser el candidato presidencial de la patria (&#8230;), yo estoy a la orden de la candidatura presidencial\u00bb, manifest\u00f3.<\/p>\n<\/p>\n<p>Durante una concentraci\u00f3n con chavistas en el oeste de Caracas, el presidente venezolano reconoci\u00f3 la decisi\u00f3n de la ANC de adelantar los comicios presidenciales y dijo que es \u00abun paso correcto y acertado\u00bb.<\/p>\n<\/p>\n<p>\u00abYo le pido a todo el pueblo de Venezuela (&#8230;) que apoyemos el llamado de la Asamblea Nacional Constituyente, y apoyemos al Poder Electoral ahora que le toca preparar, organizar e impulsar este proceso electoral\u00bb, sostuvo Maduro.<\/p>\n<\/p>\n<p>El mandatario pidi\u00f3 a los diversos sectores del oficialismo, incluido al PSUV, activar los mecanismos para la candidatura presidencial.<\/p>\n<\/p>\n<p>De acuerdo con Maduro, Venezuela le est\u00e1 \u00abdiciendo al mundo\u00bb que \u00abante m\u00e1s sanciones, m\u00e1s elecciones\u00bb, en alusi\u00f3n a la serie de sanciones impuestas en los \u00faltimos meses contra funcionarios venezolanos por parte de Estados Unidos, Canad\u00e1 y la Uni\u00f3n Europea.<\/p>\n<\/p>\n<p>\u00abEn Venezuela no decide (el presidente estadounidense) Donald Trump, en Venezuela no decide la \u00e9lite dominante de la Uni\u00f3n Europea, en Venezuela no deciden los imperios. En Venezuela decide el pueblo\u00bb, insisti\u00f3 Maduro.<\/p>\n<\/p>\n<p>El presidente venezolano pidi\u00f3 a la oposici\u00f3n local que \u00abno vaya a salir corriendo de las elecciones presidenciales\u00bb.<\/p>\n<\/p>\n<p>\u00abQue la oposici\u00f3n no se salga de la democracia. Los esperamos para que sea el pueblo el que decida si quiere seguir haciendo patria o quiere echar un paso atr\u00e1s\u00bb, sostuvo.<\/p>\n<\/p>\n<p>Este martes, ante la propuesta del constituyente Diosdado Cabello, la ANC decidi\u00f3 por unanimidad adelantar para este primer cuatrimestre las elecciones presidenciales previstas inicialmente para diciembre de 2018.<\/p>\n<h6> 2018-01-23 20:06:20 <\/h6>\n<p><!--\n<link rel=\"stylesheet\" href=\"css\/bootstrap.min.css\">\n\n\n<ul class=\"pagination\">\n\t    \n\t\n\n<li >\n\t<a href='?page_no=6768'>Previous<\/a>\n\t<\/li>\n\n\n       \n    \n\n<li><a href='?page_no=1'>1<\/a><\/li>\n\n\n\n<li><a href='?page_no=2'>2<\/a><\/li>\n\n\n\n<li><a>...<\/a><\/li>\n\n\n\n<li><a href='?page_no=6767'>6767<\/a><\/li>\n\n\n\n<li><a href='?page_no=6768'>6768<\/a><\/li>\n\n\n\n<li class='active'><a>6769<\/a><\/li>\n\n\n\n<li><a href='?page_no=6770'>6770<\/a><\/li>\n\n\n\n<li><a href='?page_no=6771'>6771<\/a><\/li>\n\n\n\n<li><a>...<\/a><\/li>\n\n\n\n<li><a href='?page_no=36999'>36999<\/a><\/li>\n\n\n\n<li><a href='?page_no=37000'>37000<\/a><\/li>\n\n    \n\t\n\n<li >\n\t<a href='?page_no=6770'>Next<\/a>\n\t<\/li>\n\n\n    \n\n<li><a href='?page_no=37000'>Last &rsaquo;&rsaquo;<\/a><\/li>\n\n<\/ul>\n\n\n--><br \/>\n<\/body><\/p>\n","protected":false},"excerpt":{"rendered":"<p>El presidente venezolano, Nicol\u00e1s Maduro (d), acompa\u00f1ado por su esposa Cilia Flores (i), participa en una marcha en el marco de la conmemoraci\u00f3n de los 60 a\u00f1os del derrocamiento de la dictadura de Marcos P\u00e9rez Jim\u00e9nez, en Caracas, Venezuela, el 23 de enero de 2018. El mandatario de Venezuela, Nicol\u00e1s Maduro, anunci\u00f3 el martes que [&hellip;]<\/p>\n","protected":false},"author":3,"featured_media":0,"comment_status":"open","ping_status":"open","sticky":false,"template":"","format":"standard","meta":{"footnotes":""},"categories":[22],"tags":[],"class_list":["post-171465","post","type-post","status-publish","format-standard","hentry","category-politica"],"_links":{"self":[{"href":"https:\/\/diariodominicano.com\/index.php?rest_route=\/wp\/v2\/posts\/171465","targetHints":{"allow":["GET"]}}],"collection":[{"href":"https:\/\/diariodominicano.com\/index.php?rest_route=\/wp\/v2\/posts"}],"about":[{"href":"https:\/\/diariodominicano.com\/index.php?rest_route=\/wp\/v2\/types\/post"}],"author":[{"embeddable":true,"href":"https:\/\/diariodominicano.com\/index.php?rest_route=\/wp\/v2\/users\/3"}],"replies":[{"embeddable":true,"href":"https:\/\/diariodominicano.com\/index.php?rest_route=%2Fwp%2Fv2%2Fcomments&post=171465"}],"version-history":[{"count":0,"href":"https:\/\/diariodominicano.com\/index.php?rest_route=\/wp\/v2\/posts\/171465\/revisions"}],"wp:attachment":[{"href":"https:\/\/diariodominicano.com\/index.php?rest_route=%2Fwp%2Fv2%2Fmedia&parent=171465"}],"wp:term":[{"taxonomy":"category","embeddable":true,"href":"https:\/\/diariodominicano.com\/index.php?rest_route=%2Fwp%2Fv2%2Fcategories&post=171465"},{"taxonomy":"post_tag","embeddable":true,"href":"https:\/\/diariodominicano.com\/index.php?rest_route=%2Fwp%2Fv2%2Ftags&post=171465"}],"curies":[{"name":"wp","href":"https:\/\/api.w.org\/{rel}","templated":true}]}}