{"id":171464,"date":"2018-01-23T20:49:37","date_gmt":"2018-01-23T20:49:37","guid":{"rendered":"http:\/\/diariodominicano.ddns.net\/?p=171464"},"modified":"2018-01-23T20:49:37","modified_gmt":"2018-01-23T20:49:37","slug":"ex-presidente-brasileno-lula-llega-a-porto-alegre-previo-a-juicio-en-su-contra","status":"publish","type":"post","link":"https:\/\/diariodominicano.com\/?p=171464","title":{"rendered":"Ex presidente brasile\u00f1o Lula llega a Porto Alegre previo a juicio en su contra"},"content":{"rendered":"<p><body><\/p>\n<p><img decoding=\"async\" src=\"img3\/136919309_15167537286581n.jpg\" \/>  <\/p>\n<p><strong> <\/strong><\/p>\n<p><strong> <\/strong><\/p>\n<p><strong>PORTO ALEGRE, enero 23, 2018 (Xinhua) &#8212; Los expresidentes brasile\u00f1os, Luiz In\u00e1cio Lula da Silva (i-frente) y Dilma Rousseff (d-frente), participan en un acto previo al juicio de Lula, en Porto Alegre, Brasil, el 23 de enero de 2018. El expresidente de Brasil Luiz In\u00e1cio Lula da Silva reiter\u00f3 el martes su inocencia de cara al juicio que se llevar\u00e1 a cabo el mi\u00e9rcoles en Porto Alegre y en el que si es considerado culpable de la condena a nueve a\u00f1os y medio de prisi\u00f3n que recibi\u00f3 en primera instancia, quedar\u00e1 inhabilitado para presentarse a las elecciones generales de octubre pr\u00f3ximo. (Xinhua\/Roberto Vin\u00edcius\/AGENCIA ESTADO)<\/strong><\/p>\n<p><strong>RIO DE JANEIRO, 23 ene (Xinhua) &#8212;<\/strong> El ex presidente de Brasil, Luiz In\u00e1cio Lula da Silva, lleg\u00f3 hoy a Porto Alegre, capital del estado de R\u00edo Grande do Sul (sur), donde un tribunal juzgar\u00e1 ma\u00f1ana mi\u00e9rcoles el recurso que present\u00f3 su defensa a su condena en primera instancia.<\/p>\n<\/p>\n<p>Lula aterriz\u00f3 la tarde de este martes en Porto Alegre y se dirigi\u00f3 a un acto en el centro de la ciudad, donde miles de personas y simpatizantes del l\u00edder de la izquierda brasile\u00f1a marcharon en defensa de su \u00abinocencia\u00bb.<\/p>\n<\/p>\n<p>El ex mandatario (2003-2010) subi\u00f3 a una carreta durante la manifestaci\u00f3n en compa\u00f1\u00eda de su antecesora en el cargo y ahijada pol\u00edtica, Dilma Rousseff, as\u00ed como l\u00edderes regionales y del Partido de los Trabajadores (PT).<\/p>\n<\/p>\n<p>Seg\u00fan la polic\u00eda, unas 40.000 personas se concentraron en el centro de Porto Alegre para mostrar su apoyo a Lula.<\/p>\n<\/p>\n<p>Con su participaci\u00f3n en la marcha, Lula contradijo a sus abogados que le recomendaron no dejarse ver en p\u00fablico en v\u00edsperas del juicio.<\/p>\n<\/p>\n<p>Lula fue condenado en julio pasado por el juez Sergio Moro en primera instancia por corrupci\u00f3n y lavado de dinero, acusado de haber recibido supuestamente un departamento en el litoral de Sao Paulo de la constructora OAS, a cambio de favorecerla desde el poder.<\/p>\n<\/p>\n<p>La defensa niega las acusaciones y dice que el ex presidente s\u00f3lo visit\u00f3 el inmueble una \u00fanica vez.<\/p>\n<\/p>\n<p>En caso de que Lula sea condenado en segunda instancia, el ex presidente quedar\u00e1 fuera de la contienda electoral, pero puede tratar de mantenerse en la disputa por la presidencia de Brasil mediante la presentaci\u00f3n de recursos legales.<\/p>\n<\/p>\n<p>Para evitar la impresi\u00f3n de que su viaje a Porto Alegre representa una provocaci\u00f3n al Poder Judicial y una incitaci\u00f3n a la violencia, Lula pidi\u00f3 que se transmita la informaci\u00f3n de que su viaje representa un \u00abgesto de cari\u00f1o\u00bb a la militancia.<\/p>\n<\/p>\n<p>Las autoridades de R\u00edo Grande do Sul comunicaron que ma\u00f1ana mi\u00e9rcoles la ciudad contar\u00e1 con la presencia de tiradores de \u00e9lite y de 150 c\u00e1maras de seguridad para vigilar las manifestaciones.<\/p>\n<\/p>\n<p>Los tiradores de \u00e9lite no estar\u00e1n armados, seg\u00fan la Secretar\u00eda de Seguridad, ya que s\u00f3lo cumplir\u00e1n el papel de observadores, al ocupar puntos estrat\u00e9gicos.<\/p>\n<\/p>\n<p>Tambi\u00e9n habr\u00e1 patrullaje naval en las aguas del r\u00edo Gua\u00edba.<\/p>\n<\/p>\n<h6> 2018-01-23 20:49:37 <\/h6>\n<p><!--\n<link rel=\"stylesheet\" href=\"css\/bootstrap.min.css\">\n\n\n<ul class=\"pagination\">\n\t    \n\t\n\n<li >\n\t<a href='?page_no=6767'>Previous<\/a>\n\t<\/li>\n\n\n       \n    \n\n<li><a href='?page_no=1'>1<\/a><\/li>\n\n\n\n<li><a href='?page_no=2'>2<\/a><\/li>\n\n\n\n<li><a>...<\/a><\/li>\n\n\n\n<li><a href='?page_no=6766'>6766<\/a><\/li>\n\n\n\n<li><a href='?page_no=6767'>6767<\/a><\/li>\n\n\n\n<li class='active'><a>6768<\/a><\/li>\n\n\n\n<li><a href='?page_no=6769'>6769<\/a><\/li>\n\n\n\n<li><a href='?page_no=6770'>6770<\/a><\/li>\n\n\n\n<li><a>...<\/a><\/li>\n\n\n\n<li><a href='?page_no=36999'>36999<\/a><\/li>\n\n\n\n<li><a href='?page_no=37000'>37000<\/a><\/li>\n\n    \n\t\n\n<li >\n\t<a href='?page_no=6769'>Next<\/a>\n\t<\/li>\n\n\n    \n\n<li><a href='?page_no=37000'>Last &rsaquo;&rsaquo;<\/a><\/li>\n\n<\/ul>\n\n\n--><br \/>\n<\/body><\/p>\n","protected":false},"excerpt":{"rendered":"<p>PORTO ALEGRE, enero 23, 2018 (Xinhua) &#8212; Los expresidentes brasile\u00f1os, Luiz In\u00e1cio Lula da Silva (i-frente) y Dilma Rousseff (d-frente), participan en un acto previo al juicio de Lula, en Porto Alegre, Brasil, el 23 de enero de 2018. El expresidente de Brasil Luiz In\u00e1cio Lula da Silva reiter\u00f3 el martes su inocencia de cara [&hellip;]<\/p>\n","protected":false},"author":3,"featured_media":0,"comment_status":"open","ping_status":"open","sticky":false,"template":"","format":"standard","meta":{"footnotes":""},"categories":[22],"tags":[],"class_list":["post-171464","post","type-post","status-publish","format-standard","hentry","category-politica"],"_links":{"self":[{"href":"https:\/\/diariodominicano.com\/index.php?rest_route=\/wp\/v2\/posts\/171464","targetHints":{"allow":["GET"]}}],"collection":[{"href":"https:\/\/diariodominicano.com\/index.php?rest_route=\/wp\/v2\/posts"}],"about":[{"href":"https:\/\/diariodominicano.com\/index.php?rest_route=\/wp\/v2\/types\/post"}],"author":[{"embeddable":true,"href":"https:\/\/diariodominicano.com\/index.php?rest_route=\/wp\/v2\/users\/3"}],"replies":[{"embeddable":true,"href":"https:\/\/diariodominicano.com\/index.php?rest_route=%2Fwp%2Fv2%2Fcomments&post=171464"}],"version-history":[{"count":0,"href":"https:\/\/diariodominicano.com\/index.php?rest_route=\/wp\/v2\/posts\/171464\/revisions"}],"wp:attachment":[{"href":"https:\/\/diariodominicano.com\/index.php?rest_route=%2Fwp%2Fv2%2Fmedia&parent=171464"}],"wp:term":[{"taxonomy":"category","embeddable":true,"href":"https:\/\/diariodominicano.com\/index.php?rest_route=%2Fwp%2Fv2%2Fcategories&post=171464"},{"taxonomy":"post_tag","embeddable":true,"href":"https:\/\/diariodominicano.com\/index.php?rest_route=%2Fwp%2Fv2%2Ftags&post=171464"}],"curies":[{"name":"wp","href":"https:\/\/api.w.org\/{rel}","templated":true}]}}