{"id":171463,"date":"2018-01-23T20:55:09","date_gmt":"2018-01-23T20:55:09","guid":{"rendered":"http:\/\/diariodominicano.ddns.net\/?p=171463"},"modified":"2018-01-23T20:55:09","modified_gmt":"2018-01-23T20:55:09","slug":"ex-presidente-brasileno-lula-reitera-su-inocencia-en-visperas-del-juicio","status":"publish","type":"post","link":"https:\/\/diariodominicano.com\/?p=171463","title":{"rendered":"Ex presidente brasile\u00f1o Lula reitera su inocencia en v\u00edsperas del juicio"},"content":{"rendered":"<p><body><\/p>\n<p><strong>\t  <\/strong><\/p>\n<p><strong>RIO DE JANEIRO, 23 ene (Xinhua) &#8212;<\/strong> El expresidente de Brasil Luiz In\u00e1cio Lula da Silva (2003-2010) reiter\u00f3 hoy su inocencia de cara al juicio que se llevar\u00e1 a cabo este mi\u00e9rcoles en Porto Alegre (sur del pa\u00eds) y en el que si es considerado culpable de la condena a nueve a\u00f1os y medio de prisi\u00f3n que recibi\u00f3 en primera instancia, quedar\u00e1 inhabilitado para presentarse a las elecciones generales de octubre pr\u00f3ximo.<\/p>\n<\/p>\n<p>\u00abNo hablar\u00e9 de mi proceso, no hablar\u00e9 de Justicia, primero porque tengo abogados competentes que ya probaron mi inocencia, segundo porque creo que aquellos que votar\u00e1n deber\u00e1n atenerse a los autores del proceso y no a las convicciones pol\u00edticas de cada uno. Y tercero, porque estoy en la lucha hace 40 a\u00f1os y vosotros sab\u00e9is mi esencia\u00bb, dijo Lula en un acto en Porto Alegre ante miles de simpatizantes.<\/p>\n<\/p>\n<p>El tribunal de segunda instancia de Porto Alegre juzgar\u00e1 este mi\u00e9rcoles la apelaci\u00f3n presentada por la defensa de Lula a la condena que recibi\u00f3 por parte del juez federal Sergio Moro por haberse beneficiado supuestamente del caso Petrobras.<\/p>\n<\/p>\n<p>Lula, quien lleg\u00f3 esta tarde a Porto Alegre, hizo estas afirmaciones ante cerca de 70.000 personas que se congregaron en el centro de esa ciudad, acompa\u00f1ado de los l\u00edderes del Partido de los Trabajadores (PT), entre ellos la exmandataria Dilma Rousseff, sucesora de Lula en la Presidencia.<\/p>\n<\/p>\n<p>\u00abDudo que en este pa\u00eds haya un magistrado m\u00e1s honesto que yo. Por esto tengo la tranquilidad de los inocesntes\u00bb, afirm\u00f3 Lula.<\/p>\n<\/p>\n<p>El expresidente asegur\u00f3 que \u00abcualquiera que sea el resultado, continuar\u00e9 luchando en este pa\u00eds para que las personas tengan respeto y dignidad\u00bb.<\/p>\n<\/p>\n<p>El exmandatario fue condenado en julio de 2017 por el juez Sergio Moro por corrupci\u00f3n y lavado de dinero, por haber recibido supuestamente un apartamento en el litoral de Sao Paulo de la constructora OAS a cambio de favorecerla desde el poder. La defensa niega las acusaciones y dice que el ex presidente s\u00f3lo visit\u00f3 el inmueble, que supuestamente Lula habr\u00eda recibido como parte de un soborno, una \u00fanica vez.<\/p>\n<\/p>\n<p>En caso de que Lula sea condenado en segunda instancia, el expresidente quedar\u00e1 afuera de la corrida electoral, pero puede tratar de mantenerse en la disputa por la presidencia de Brasil por medio de recursos.<\/p>\n<\/p>\n<p>Para evitar la impresi\u00f3n de que su llegada a Porto Alegre representa una provocaci\u00f3n al Poder Judicial y una incitaci\u00f3n a la violencia, Lula pidi\u00f3 que se transmita la informaci\u00f3n de que su viaje representa un \u00abgesto de cari\u00f1o\u00bb a la militancia.<\/p>\n<\/p>\n<p>Las autoridades de R\u00edo Grande do Sul comunicaron que este mi\u00e9rcoles la ciudad contar\u00e1 con la presencia de tiradores de \u00e9lite y de 150 c\u00e1maras de seguridad para vigilancia. Los tiradores de \u00e9lite no estar\u00e1n armados, seg\u00fan la Secretar\u00eda de Seguridad, y cumplir\u00e1n el papel de observadores, ocupando puntos estrat\u00e9gicos. Tambi\u00e9n habr\u00e1 patrullaje naval en las aguas del r\u00edo Gua\u00edba.<\/p>\n<h6> 2018-01-23 20:55:09 <\/h6>\n<p><!--\n<link rel=\"stylesheet\" href=\"css\/bootstrap.min.css\">\n\n\n<ul class=\"pagination\">\n\t    \n\t\n\n<li >\n\t<a href='?page_no=6766'>Previous<\/a>\n\t<\/li>\n\n\n       \n    \n\n<li><a href='?page_no=1'>1<\/a><\/li>\n\n\n\n<li><a href='?page_no=2'>2<\/a><\/li>\n\n\n\n<li><a>...<\/a><\/li>\n\n\n\n<li><a href='?page_no=6765'>6765<\/a><\/li>\n\n\n\n<li><a href='?page_no=6766'>6766<\/a><\/li>\n\n\n\n<li class='active'><a>6767<\/a><\/li>\n\n\n\n<li><a href='?page_no=6768'>6768<\/a><\/li>\n\n\n\n<li><a href='?page_no=6769'>6769<\/a><\/li>\n\n\n\n<li><a>...<\/a><\/li>\n\n\n\n<li><a href='?page_no=36999'>36999<\/a><\/li>\n\n\n\n<li><a href='?page_no=37000'>37000<\/a><\/li>\n\n    \n\t\n\n<li >\n\t<a href='?page_no=6768'>Next<\/a>\n\t<\/li>\n\n\n    \n\n<li><a href='?page_no=37000'>Last &rsaquo;&rsaquo;<\/a><\/li>\n\n<\/ul>\n\n\n--><br \/>\n<\/body><\/p>\n","protected":false},"excerpt":{"rendered":"<p>RIO DE JANEIRO, 23 ene (Xinhua) &#8212; El expresidente de Brasil Luiz In\u00e1cio Lula da Silva (2003-2010) reiter\u00f3 hoy su inocencia de cara al juicio que se llevar\u00e1 a cabo este mi\u00e9rcoles en Porto Alegre (sur del pa\u00eds) y en el que si es considerado culpable de la condena a nueve a\u00f1os y medio de [&hellip;]<\/p>\n","protected":false},"author":3,"featured_media":0,"comment_status":"open","ping_status":"open","sticky":false,"template":"","format":"standard","meta":{"footnotes":""},"categories":[22],"tags":[],"class_list":["post-171463","post","type-post","status-publish","format-standard","hentry","category-politica"],"_links":{"self":[{"href":"https:\/\/diariodominicano.com\/index.php?rest_route=\/wp\/v2\/posts\/171463","targetHints":{"allow":["GET"]}}],"collection":[{"href":"https:\/\/diariodominicano.com\/index.php?rest_route=\/wp\/v2\/posts"}],"about":[{"href":"https:\/\/diariodominicano.com\/index.php?rest_route=\/wp\/v2\/types\/post"}],"author":[{"embeddable":true,"href":"https:\/\/diariodominicano.com\/index.php?rest_route=\/wp\/v2\/users\/3"}],"replies":[{"embeddable":true,"href":"https:\/\/diariodominicano.com\/index.php?rest_route=%2Fwp%2Fv2%2Fcomments&post=171463"}],"version-history":[{"count":0,"href":"https:\/\/diariodominicano.com\/index.php?rest_route=\/wp\/v2\/posts\/171463\/revisions"}],"wp:attachment":[{"href":"https:\/\/diariodominicano.com\/index.php?rest_route=%2Fwp%2Fv2%2Fmedia&parent=171463"}],"wp:term":[{"taxonomy":"category","embeddable":true,"href":"https:\/\/diariodominicano.com\/index.php?rest_route=%2Fwp%2Fv2%2Fcategories&post=171463"},{"taxonomy":"post_tag","embeddable":true,"href":"https:\/\/diariodominicano.com\/index.php?rest_route=%2Fwp%2Fv2%2Ftags&post=171463"}],"curies":[{"name":"wp","href":"https:\/\/api.w.org\/{rel}","templated":true}]}}