{"id":171462,"date":"2018-01-23T20:56:45","date_gmt":"2018-01-23T20:56:45","guid":{"rendered":"http:\/\/diariodominicano.ddns.net\/?p=171462"},"modified":"2018-01-23T20:56:45","modified_gmt":"2018-01-23T20:56:45","slug":"presidenta-del-pt-niega-incidentes-si-lula-es-considerado-culpable","status":"publish","type":"post","link":"https:\/\/diariodominicano.com\/?p=171462","title":{"rendered":"Presidenta del PT niega incidentes si Lula es considerado culpable"},"content":{"rendered":"<p><body><\/p>\n<p><strong>\t  <\/strong><\/p>\n<p><strong>RIO DE JANEIRO, 23 ene (Xinhua) &#8212;<\/strong> La presidenta nacional del exgobernante Partido de los Trabajadores (PT) de Brasil, la senadora Gleisi Hoffmann, neg\u00f3 hoy que los simpatizantes del expresidente Luiz In\u00e1cio Lula da Silva causen cualquier disturbio si el exmandatario es condenado este mi\u00e9rcoles por el tribunal de apelaciones, lo que impedir\u00eda que se presentase a las pr\u00f3ximas elecciones presidenciales.<\/p>\n<\/p>\n<p>Hoffman, presente en Porto Alegre junto a la comitiva nacional del PT que quiere apoyar a Lula, matiz\u00f3 as\u00ed unas palabras suyas en una entrevista en la que afirm\u00f3 que para arrestar a Lula iban a tener que \u00abmatar gente\u00bb.<\/p>\n<\/p>\n<p>Preguntada por las pol\u00e9micas palabras, la senadora dijo ante la prensa que se trat\u00f3 de una expresi\u00f3n en sentido figurado. \u00abSomos pac\u00edficos y vamos en paz a Porto Alegre\u00bb, afirm\u00f3.<\/p>\n<\/p>\n<p>La senadora dijo haber usado la expresi\u00f3n para demostrar todo lo que el expresidente es amado. Cont\u00f3 que, en la caravana por el noreste del pa\u00eds, electores promet\u00edan morir por \u00e9l (Lula). \u00abEllos dec\u00edan: &#8216;cuente conmigo. Si lo necesita, all\u00ed estar\u00e9. Muero por usted'\u00bb, cont\u00f3 la presidenta del PT.<\/p>\n<\/p>\n<p>Hoffmann dijo que el partido no aceptar\u00e1 una sentencia que confirme la condena contra Lula y que resistir\u00e1 pol\u00edticamente. \u00abVa a haber resistencia. No tomaremos como normal una situaci\u00f3n (de Lula) en prisi\u00f3n\u00bb.<\/p>\n<\/p>\n<p>La senadora afirm\u00f3 tambi\u00e9n que la \u00abviolencia puede ser infiltrada\u00bb, y que cabe a la inteligencia policial poder detectarla. \u00abDecir que un partido pol\u00edtico tiene que ser responsable por la seguridad es algo gracioso\u00bb, afirm\u00f3.<\/p>\n<\/p>\n<p>Miles de simpatizantes de Lula y de movimientos sociales y de izquierda llegaron en los \u00faltimos d\u00edas a Porto Alegre (sur de Brasil) para acompa\u00f1ar la decisi\u00f3n del tribunal de apelaciones.<\/p>\n<\/p>\n<p>Esta tarde el propio Lula lleg\u00f3 a Porto Alegre, donde ma\u00f1ana se celebrar\u00e1 el trascendental juicio. El exmandatario fue condenado en julio de 2017 por el juez Sergio Moro por corrupci\u00f3n y lavado de dinero, por haber recibido supuestamente un apartamento en el litoral de Sao Paulo de la constructora OAS a cambio de favorecerla desde el poder.<\/p>\n<\/p>\n<p>La defensa niega las acusaciones y dice que el ex presidente s\u00f3lo visit\u00f3 el inmueble, que supuestamente Lula habr\u00eda recibido como parte de un soborno, una \u00fanica vez.<\/p>\n<\/p>\n<p>En caso de que Lula sea condenado en segunda instancia, el expresidente quedar\u00e1 afuera de la corrida electoral, en la que lidera los sondeos, pero puede tratar de mantenerse en la disputa por la presidencia de Brasil por medio de recursos.<\/p>\n<\/p>\n<p>Para evitar la impresi\u00f3n de que su ida a Porto Alegre representa una provocaci\u00f3n al Poder Judicial y una incitaci\u00f3n a la violencia, Lula pidi\u00f3 que se transmita la informaci\u00f3n de que su viaje representa un \u00abgesto de cari\u00f1o\u00bb a la militancia.<\/p>\n<\/p>\n<p>Las autoridades de R\u00edo Grande do Sul comunicaron que este mi\u00e9rcoles la ciudad contar\u00e1 con la presencia de tiradores de \u00e9lite y de 150 c\u00e1maras de seguridad para vigilancia. Los tiradores de \u00e9lite no estar\u00e1n armados, seg\u00fan la Secretar\u00eda de Seguridad, y cumplir\u00e1n el papel de observadores, ocupando puntos estrat\u00e9gicos. Tambi\u00e9n habr\u00e1 patrullaje naval en las aguas del r\u00edo Gua\u00edba.<\/p>\n<\/p>\n<h6> 2018-01-23 20:56:45 <\/h6>\n<p><!--\n<link rel=\"stylesheet\" href=\"css\/bootstrap.min.css\">\n\n\n<ul class=\"pagination\">\n\t    \n\t\n\n<li >\n\t<a href='?page_no=6765'>Previous<\/a>\n\t<\/li>\n\n\n       \n    \n\n<li><a href='?page_no=1'>1<\/a><\/li>\n\n\n\n<li><a href='?page_no=2'>2<\/a><\/li>\n\n\n\n<li><a>...<\/a><\/li>\n\n\n\n<li><a href='?page_no=6764'>6764<\/a><\/li>\n\n\n\n<li><a href='?page_no=6765'>6765<\/a><\/li>\n\n\n\n<li class='active'><a>6766<\/a><\/li>\n\n\n\n<li><a href='?page_no=6767'>6767<\/a><\/li>\n\n\n\n<li><a href='?page_no=6768'>6768<\/a><\/li>\n\n\n\n<li><a>...<\/a><\/li>\n\n\n\n<li><a href='?page_no=36999'>36999<\/a><\/li>\n\n\n\n<li><a href='?page_no=37000'>37000<\/a><\/li>\n\n    \n\t\n\n<li >\n\t<a href='?page_no=6767'>Next<\/a>\n\t<\/li>\n\n\n    \n\n<li><a href='?page_no=37000'>Last &rsaquo;&rsaquo;<\/a><\/li>\n\n<\/ul>\n\n\n--><br \/>\n<\/body><\/p>\n","protected":false},"excerpt":{"rendered":"<p>RIO DE JANEIRO, 23 ene (Xinhua) &#8212; La presidenta nacional del exgobernante Partido de los Trabajadores (PT) de Brasil, la senadora Gleisi Hoffmann, neg\u00f3 hoy que los simpatizantes del expresidente Luiz In\u00e1cio Lula da Silva causen cualquier disturbio si el exmandatario es condenado este mi\u00e9rcoles por el tribunal de apelaciones, lo que impedir\u00eda que se [&hellip;]<\/p>\n","protected":false},"author":3,"featured_media":0,"comment_status":"open","ping_status":"open","sticky":false,"template":"","format":"standard","meta":{"footnotes":""},"categories":[22],"tags":[],"class_list":["post-171462","post","type-post","status-publish","format-standard","hentry","category-politica"],"_links":{"self":[{"href":"https:\/\/diariodominicano.com\/index.php?rest_route=\/wp\/v2\/posts\/171462","targetHints":{"allow":["GET"]}}],"collection":[{"href":"https:\/\/diariodominicano.com\/index.php?rest_route=\/wp\/v2\/posts"}],"about":[{"href":"https:\/\/diariodominicano.com\/index.php?rest_route=\/wp\/v2\/types\/post"}],"author":[{"embeddable":true,"href":"https:\/\/diariodominicano.com\/index.php?rest_route=\/wp\/v2\/users\/3"}],"replies":[{"embeddable":true,"href":"https:\/\/diariodominicano.com\/index.php?rest_route=%2Fwp%2Fv2%2Fcomments&post=171462"}],"version-history":[{"count":0,"href":"https:\/\/diariodominicano.com\/index.php?rest_route=\/wp\/v2\/posts\/171462\/revisions"}],"wp:attachment":[{"href":"https:\/\/diariodominicano.com\/index.php?rest_route=%2Fwp%2Fv2%2Fmedia&parent=171462"}],"wp:term":[{"taxonomy":"category","embeddable":true,"href":"https:\/\/diariodominicano.com\/index.php?rest_route=%2Fwp%2Fv2%2Fcategories&post=171462"},{"taxonomy":"post_tag","embeddable":true,"href":"https:\/\/diariodominicano.com\/index.php?rest_route=%2Fwp%2Fv2%2Ftags&post=171462"}],"curies":[{"name":"wp","href":"https:\/\/api.w.org\/{rel}","templated":true}]}}