{"id":171461,"date":"2018-01-24T07:06:03","date_gmt":"2018-01-24T07:06:03","guid":{"rendered":"http:\/\/diariodominicano.ddns.net\/?p=171461"},"modified":"2018-01-24T07:06:03","modified_gmt":"2018-01-24T07:06:03","slug":"se-solidarizan-en-alemania-con-lula-da-silva","status":"publish","type":"post","link":"https:\/\/diariodominicano.com\/?p=171461","title":{"rendered":"Se solidarizan en Alemania con Lula da Silva"},"content":{"rendered":"<p><body><\/p>\n<p><img decoding=\"async\" src=\"img3\/luladasilva24.jpg\" \/>  <\/p>\n<p><span class=\"text1noticias\">Berl\u00edn, 24 ene (PL) Pol\u00edticos y ciudadanos alemanes criticaron hoy el proceso judicial contra el expresidente de Brasil Luiz In\u00e1cio Lula da Silva ante un Tribunal Regional Federal en Porto Alegre.<\/span><\/p>\n<p><span class=\"text1noticias\"> <\/span><\/p>\n<p><span class=\"text1noticias\">La exministra de Justicia (1998-2002) Herta Daeubler-Gmelin rechaz\u00f3 el proceso jur\u00eddico contra Lula por tratarse de un juicio politicamente motivado que &#8216;viola los principios del Estado de derecho&#8217;.<\/span><\/p>\n<p><span class=\"text1noticias\"> <\/span><\/p>\n<p><span class=\"text1noticias\">&#8216;Las instituciones y los actores involucrados violaron varios principios como la imparcialidad pol\u00edtica de la justicia, la objetividad de los jueces y de un proceso justo y limpio&#8217;, escribi\u00f3 Daeubler-Gmelin en un art\u00edculo.<\/span><\/p>\n<p><span class=\"text1noticias\"> <\/span><\/p>\n<p><span class=\"text1noticias\">A la par, la tambi\u00e9n exdiputada del Bundestag, la c\u00e1mara baja del parlamento, critic\u00f3 &#8216;una serie de infracciones del ordenamiento procesal y de las investigaciones previas que fueron posteriormente justificados por las instancias superiores&#8217;.<\/span><\/p>\n<p><span class=\"text1noticias\"> <\/span><\/p>\n<p><span class=\"text1noticias\">La jurista alemana destac\u00f3 que el proceso contra Lula forma parte de una &#8216;guerra jur\u00eddica&#8217; de la oligarqu\u00eda brasile\u00f1a contra la izquierda que ellos odian.<\/span><\/p>\n<p><span class=\"text1noticias\"> <\/span><\/p>\n<p><span class=\"text1noticias\">Por ello, la exministra alemana demand\u00f3 que la corte de apelaci\u00f3n en Porto Alegre anulara la sentencio contra Lula, &#8216;pues se ha convertido hace tiempo en una cuesti\u00f3n pol\u00edtica&#8217;.<\/span><\/p>\n<p><span class=\"text1noticias\"> <\/span><\/p>\n<p><span class=\"text1noticias\">&#8216;Al mantener el juicio de primer instancia, el tribunal de Porto Alegre no solamente da\u00f1ar\u00eda a la lucha contra la corrupci\u00f3n sino tambi\u00e9n perjudicar\u00eda al Estado de derecho&#8217;, concluy\u00f3 Daeubler-Gmelin.<\/span><\/p>\n<p><span class=\"text1noticias\"> <\/span><\/p>\n<p><span class=\"text1noticias\">Mientras, activistas alemanes y latinoamericanos publicaron una carta abierta al embajador de Brasil en Alemania, Mario Vilalva, en la que destacan que &#8216;Lula estorba a los planes de los nuevo dirigentes de limitar los derechos de los trabajadores, de amenazar el sistema p\u00fablico de pensiones, y de privatizar a empresas p\u00fablicas&#8217;.<\/span><\/p>\n<p><span class=\"text1noticias\"> <\/span><\/p>\n<p><span class=\"text1noticias\">Agregaron que &#8216;estas reformas neoliberales fracasaron ya, por lo cual la derecha no tiene ning\u00fan candidato s\u00f3lido&#8217;.<\/span><\/p>\n<p><span class=\"text1noticias\"> <\/span><\/p>\n<p><span class=\"text1noticias\">Mientras, los presidentes del Partido de la Izquierda (Die Linke), Katja Kiping y Bernd Riexinger, se solidarizaron con el exmandatario brasile\u00f1o.<\/span><\/p>\n<p><span class=\"text1noticias\"> <\/span><\/p>\n<p><span class=\"text1noticias\">&#8216;Tememos que contra Lula habr\u00e1 un juicio pol\u00edtico e injusto&#8217;, escribieron en una nota de prensa.<\/span><\/p>\n<p><span class=\"text1noticias\"> <\/span><\/p>\n<p><span class=\"text1noticias\">Los tambi\u00e9n diputados demandaron que &#8216;Brasil tiene que regresar a la democracia despu\u00e9s del golpe parlamentario contra Dilma<\/span> Rousseff&#8217;.<\/p>\n<h6> 2018-01-24 07:06:03 <\/h6>\n<p><!--\n<link rel=\"stylesheet\" href=\"css\/bootstrap.min.css\">\n\n\n<ul class=\"pagination\">\n\t    \n\t\n\n<li >\n\t<a href='?page_no=6764'>Previous<\/a>\n\t<\/li>\n\n\n       \n    \n\n<li><a href='?page_no=1'>1<\/a><\/li>\n\n\n\n<li><a href='?page_no=2'>2<\/a><\/li>\n\n\n\n<li><a>...<\/a><\/li>\n\n\n\n<li><a href='?page_no=6763'>6763<\/a><\/li>\n\n\n\n<li><a href='?page_no=6764'>6764<\/a><\/li>\n\n\n\n<li class='active'><a>6765<\/a><\/li>\n\n\n\n<li><a href='?page_no=6766'>6766<\/a><\/li>\n\n\n\n<li><a href='?page_no=6767'>6767<\/a><\/li>\n\n\n\n<li><a>...<\/a><\/li>\n\n\n\n<li><a href='?page_no=36999'>36999<\/a><\/li>\n\n\n\n<li><a href='?page_no=37000'>37000<\/a><\/li>\n\n    \n\t\n\n<li >\n\t<a href='?page_no=6766'>Next<\/a>\n\t<\/li>\n\n\n    \n\n<li><a href='?page_no=37000'>Last &rsaquo;&rsaquo;<\/a><\/li>\n\n<\/ul>\n\n\n--><br \/>\n<\/body><\/p>\n","protected":false},"excerpt":{"rendered":"<p>Berl\u00edn, 24 ene (PL) Pol\u00edticos y ciudadanos alemanes criticaron hoy el proceso judicial contra el expresidente de Brasil Luiz In\u00e1cio Lula da Silva ante un Tribunal Regional Federal en Porto Alegre. La exministra de Justicia (1998-2002) Herta Daeubler-Gmelin rechaz\u00f3 el proceso jur\u00eddico contra Lula por tratarse de un juicio politicamente motivado que &#8216;viola los principios [&hellip;]<\/p>\n","protected":false},"author":3,"featured_media":0,"comment_status":"open","ping_status":"open","sticky":false,"template":"","format":"standard","meta":{"footnotes":""},"categories":[22],"tags":[],"class_list":["post-171461","post","type-post","status-publish","format-standard","hentry","category-politica"],"_links":{"self":[{"href":"https:\/\/diariodominicano.com\/index.php?rest_route=\/wp\/v2\/posts\/171461","targetHints":{"allow":["GET"]}}],"collection":[{"href":"https:\/\/diariodominicano.com\/index.php?rest_route=\/wp\/v2\/posts"}],"about":[{"href":"https:\/\/diariodominicano.com\/index.php?rest_route=\/wp\/v2\/types\/post"}],"author":[{"embeddable":true,"href":"https:\/\/diariodominicano.com\/index.php?rest_route=\/wp\/v2\/users\/3"}],"replies":[{"embeddable":true,"href":"https:\/\/diariodominicano.com\/index.php?rest_route=%2Fwp%2Fv2%2Fcomments&post=171461"}],"version-history":[{"count":0,"href":"https:\/\/diariodominicano.com\/index.php?rest_route=\/wp\/v2\/posts\/171461\/revisions"}],"wp:attachment":[{"href":"https:\/\/diariodominicano.com\/index.php?rest_route=%2Fwp%2Fv2%2Fmedia&parent=171461"}],"wp:term":[{"taxonomy":"category","embeddable":true,"href":"https:\/\/diariodominicano.com\/index.php?rest_route=%2Fwp%2Fv2%2Fcategories&post=171461"},{"taxonomy":"post_tag","embeddable":true,"href":"https:\/\/diariodominicano.com\/index.php?rest_route=%2Fwp%2Fv2%2Ftags&post=171461"}],"curies":[{"name":"wp","href":"https:\/\/api.w.org\/{rel}","templated":true}]}}