{"id":171460,"date":"2018-01-24T07:24:48","date_gmt":"2018-01-24T07:24:48","guid":{"rendered":"http:\/\/diariodominicano.ddns.net\/?p=171460"},"modified":"2018-01-24T07:24:48","modified_gmt":"2018-01-24T07:24:48","slug":"se-inicio-en-brasil-el-juicio-que-puede-sellar-el-destino-de-lula","status":"publish","type":"post","link":"https:\/\/diariodominicano.com\/?p=171460","title":{"rendered":"Se inici\u00f3 en Brasil el juicio que puede sellar el destino de Lula"},"content":{"rendered":"<p><body><\/p>\n<p><img decoding=\"async\" src=\"img3\/a27a5ea10be406190511480aa7aed19c1875aca8.jpg\" \/><br \/><img decoding=\"async\" src=\"img3\/23b9346e66b75186de78f30518de39739be1365a.jpg\" \/><br \/><img decoding=\"async\" src=\"img3\/82fe66fc409c51235f4690238971d19bb30676eb.jpg\" \/>  <\/p>\n<p>AFP \/ Nelson Almeida<\/p>\n<p>El Movimiento Vem Pra Rua (Ven a la calle) se manifiesta contra el expresidente brasile\u00f1o Luiz In\u00e1cio Lula da Silva en el exterior del Tribunal Federal Regional de Sao Paulo el 23 de enero de 2018<\/p>\n<p>Un tribunal de apelaci\u00f3n empez\u00f3 a juzgar este mi\u00e9rcoles el recurso presentado por el expresidente brasile\u00f1o Luiz In\u00e1cio Lula da Silva contra una condena a casi diez a\u00f1os de c\u00e1rcel por corrupci\u00f3n, que puede echar por tierra sus ambiciones de volver al poder.<\/p>\n<\/p>\n<p>La sesi\u00f3n se abri\u00f3 a las 08H30 locales (10H30 GMT) en Porto Alegre (sur), sitiada por las fuerzas de seguridad ante el riesgo de enfrentamientos entre los partidarios de Lula, que llegaron en masa a la ciudad, y grupos de derecha que tambi\u00e9n llamaron a manifestarse para pedir que el exmandatario (2003-2010) vaya a la c\u00e1rcel.<\/p>\n<\/p>\n<p>Los tres jueces del Tribunal Regional Federal N\u00ba4 (TRF4) deber\u00edan emitir su sentencia hacia fines de esta tarde.<\/p>\n<\/p>\n<p>En caso de confirmaci\u00f3n de la condena, Lula, de 72 a\u00f1os, podr\u00eda ver amenazada su participaci\u00f3n en las elecciones presidenciales de octubre, en las cuales aparece como favorito en los sondeos.<\/p>\n<\/p>\n<p>Lula apela en libertad la sentencia a nueve a\u00f1os y medio de c\u00e1rcel, dictada en julio por el juez Sergio Moro en el marco de la investigaci\u00f3n \u00abLava Jato\u00bb sobre una gigantesca red de desv\u00edo de dinero en Petrobras.<\/p>\n<\/p>\n<p>El exmandatario esperar\u00e1 la sentencia en Sao Paulo, donde tambi\u00e9n se prev\u00e9n actos de simpatizantes y de adversarios del pol\u00edtico que ostenta a la vez el mayor apoyo y el mayor \u00edndice de rechazo entre los brasile\u00f1os.<\/p>\n<\/p>\n<p>AFP \/ Gustavo IZUS<\/p>\n<p>Fechas clave del esc\u00e1ndalo de corrupci\u00f3n en torno al expresidente brasile\u00f1o Luiz Inacio Lula da Silva<\/p>\n<p>Lula prometi\u00f3 dar batalla hasta el final, en un mitin el martes por la noche en Porto Alegre ante miles de partidarios vestidos con el color rojo del Partido de los Trabajadores (PT) y del Movimiento de trabajadores rurales Sin Tierra (MST).<\/p>\n<\/p>\n<p>\u00abSolo una cosa me sacar\u00e1 de las calles de este pa\u00eds, y ser\u00e1 el d\u00eda de mi muerte. Hasta ese momento, luchar\u00e9 por una sociedad m\u00e1s justa. Cualquiera sea el resultado del juicio, seguir\u00e9 luchando por la dignidad del pueblo\u00bb, afirm\u00f3.<\/p>\n<\/p>\n<p>Varias calles de la ciudad est\u00e1n empapeladas con propaganda a favor de Lula; uno de los carteles llama a sus simpatizantes a \u00abno dejar que lo condenen, no dejar que lo capturen\u00bb, junto a un retrato en primer plano y en blanco y negro del expresidente.<\/p>\n<\/p>\n<p>&#8211; Entre la c\u00e1rcel y la presidencia &#8211;<\/p>\n<\/p>\n<p>Lula fue condenado por el juez Moro como beneficiario de un apartamento en el balneario paulista de Guaruj\u00e1, ofrendado por la constructora OAS a cambio de contratos en la estatal Petrobras.<\/p>\n<\/p>\n<p>AFP \/ Anella RETA<\/p>\n<p>Esquema sobre los posibles escenarios ante el tribunal de apelaci\u00f3n que analizar\u00e1 la condena de 9,5 a\u00f1os de c\u00e1rcel por corrupci\u00f3n pasiva y lavado de dinero al expresidente Luiz In\u00e1cio Lula da Silva<\/p>\n<p>El expresidente se declara inocente. Su defensa sostiene que no existen pruebas suficientes para condenarlo y denuncia una conspiraci\u00f3n para evitar que vuelva al poder.<\/p>\n<\/p>\n<p>Si el TRF4 confirma la condena, Lula podr\u00eda ver su candidatura a las presidenciales de octubre rechazada por la justicia electoral y hasta ser encarcelado una vez que haya agotado los recursos.<\/p>\n<\/p>\n<p>Pero existen varios escenarios, que dependen en primer lugar de los tres jueces del TRF4: una condena por unanimidad (3-0), por mayor\u00eda de 2-1 (que abre un abanico m\u00e1s amplio de recursos) o incluso -la menos barajada de las hip\u00f3tesis- una absoluci\u00f3n.<\/p>\n<\/p>\n<p>En materia electoral, una condena por corrupci\u00f3n tornar\u00eda a Lula \u00abinelegible\u00bb seg\u00fan la legislaci\u00f3n brasile\u00f1a, aunque tambi\u00e9n caben recursos que le permitir\u00edan ganar tiempo e incluso registrarse como candidato y hacer campa\u00f1a.<\/p>\n<\/p>\n<p>Los mercados apuestan por una confirmaci\u00f3n de la condena, de acuerdo con numerosos analistas.<\/p>\n<\/p>\n<p>La direcci\u00f3n del PT planea reunirse el jueves para proclamar su apoyo a una candidatura de Lula, cualquiera sea el fallo del TRF4.<\/p>\n<\/p>\n<p>Y el partido est\u00e1 dispuesto a dar combate, aunque hasta ahora no ha conseguido reponerse de los duros golpes recibidos estos \u00faltimos a\u00f1os: graves acusaciones de corrupci\u00f3n contra muchos de sus principales dirigentes y la destituci\u00f3n en 2016 de Dilma Rousseff, heredera de Lula, acusada por el Congreso de manipular las cuentas p\u00fablicas.<\/p>\n<\/p>\n<p>\u00abNo trabajamos con la posibilidad de que Lula vaya a la c\u00e1rcel\u00bb y en caso de un fallo condenatorio, \u00abvamos a luchar en las calles y alzar el tono, porque pensamos que la democracia est\u00e1 en riesgo\u00bb, dijo a la AFP la presidenta de PT, Gleisi Hoffmann.<\/p>\n<h6> 2018-01-24 07:24:48 <\/h6>\n<p><!--\n<link rel=\"stylesheet\" href=\"css\/bootstrap.min.css\">\n\n\n<ul class=\"pagination\">\n\t    \n\t\n\n<li >\n\t<a href='?page_no=6763'>Previous<\/a>\n\t<\/li>\n\n\n       \n    \n\n<li><a href='?page_no=1'>1<\/a><\/li>\n\n\n\n<li><a href='?page_no=2'>2<\/a><\/li>\n\n\n\n<li><a>...<\/a><\/li>\n\n\n\n<li><a href='?page_no=6762'>6762<\/a><\/li>\n\n\n\n<li><a href='?page_no=6763'>6763<\/a><\/li>\n\n\n\n<li class='active'><a>6764<\/a><\/li>\n\n\n\n<li><a href='?page_no=6765'>6765<\/a><\/li>\n\n\n\n<li><a href='?page_no=6766'>6766<\/a><\/li>\n\n\n\n<li><a>...<\/a><\/li>\n\n\n\n<li><a href='?page_no=36999'>36999<\/a><\/li>\n\n\n\n<li><a href='?page_no=37000'>37000<\/a><\/li>\n\n    \n\t\n\n<li >\n\t<a href='?page_no=6765'>Next<\/a>\n\t<\/li>\n\n\n    \n\n<li><a href='?page_no=37000'>Last &rsaquo;&rsaquo;<\/a><\/li>\n\n<\/ul>\n\n\n--><br \/>\n<\/body><\/p>\n","protected":false},"excerpt":{"rendered":"<p>AFP \/ Nelson Almeida El Movimiento Vem Pra Rua (Ven a la calle) se manifiesta contra el expresidente brasile\u00f1o Luiz In\u00e1cio Lula da Silva en el exterior del Tribunal Federal Regional de Sao Paulo el 23 de enero de 2018 Un tribunal de apelaci\u00f3n empez\u00f3 a juzgar este mi\u00e9rcoles el recurso presentado por el expresidente [&hellip;]<\/p>\n","protected":false},"author":3,"featured_media":0,"comment_status":"open","ping_status":"open","sticky":false,"template":"","format":"standard","meta":{"footnotes":""},"categories":[22],"tags":[],"class_list":["post-171460","post","type-post","status-publish","format-standard","hentry","category-politica"],"_links":{"self":[{"href":"https:\/\/diariodominicano.com\/index.php?rest_route=\/wp\/v2\/posts\/171460","targetHints":{"allow":["GET"]}}],"collection":[{"href":"https:\/\/diariodominicano.com\/index.php?rest_route=\/wp\/v2\/posts"}],"about":[{"href":"https:\/\/diariodominicano.com\/index.php?rest_route=\/wp\/v2\/types\/post"}],"author":[{"embeddable":true,"href":"https:\/\/diariodominicano.com\/index.php?rest_route=\/wp\/v2\/users\/3"}],"replies":[{"embeddable":true,"href":"https:\/\/diariodominicano.com\/index.php?rest_route=%2Fwp%2Fv2%2Fcomments&post=171460"}],"version-history":[{"count":0,"href":"https:\/\/diariodominicano.com\/index.php?rest_route=\/wp\/v2\/posts\/171460\/revisions"}],"wp:attachment":[{"href":"https:\/\/diariodominicano.com\/index.php?rest_route=%2Fwp%2Fv2%2Fmedia&parent=171460"}],"wp:term":[{"taxonomy":"category","embeddable":true,"href":"https:\/\/diariodominicano.com\/index.php?rest_route=%2Fwp%2Fv2%2Fcategories&post=171460"},{"taxonomy":"post_tag","embeddable":true,"href":"https:\/\/diariodominicano.com\/index.php?rest_route=%2Fwp%2Fv2%2Ftags&post=171460"}],"curies":[{"name":"wp","href":"https:\/\/api.w.org\/{rel}","templated":true}]}}