{"id":171459,"date":"2018-01-24T07:39:00","date_gmt":"2018-01-24T07:39:00","guid":{"rendered":"http:\/\/diariodominicano.ddns.net\/?p=171459"},"modified":"2018-01-24T07:39:00","modified_gmt":"2018-01-24T07:39:00","slug":"brasil-en-suspenso-ante-juzgamiento-de-lula-en-segunda-instancia","status":"publish","type":"post","link":"https:\/\/diariodominicano.com\/?p=171459","title":{"rendered":"Brasil en suspenso ante juzgamiento de Lula en segunda instancia"},"content":{"rendered":"<p><body><\/p>\n<p><img decoding=\"async\" src=\"img3\/lula.jpg\" \/>  <\/p>\n<p><strong> Brasilia, 24 ene (PL) <\/strong>Brasil amanece hoy en suspenso ante el juzgamiento en segunda instancia de la apelaci\u00f3n presentada por la defensa del expresidente Luiz In\u00e1cio Lula da Silva, condenado a nueve a\u00f1os y medio de c\u00e1rcel por el juez federal Sergio Moro.<\/p>\n<\/p>\n<p>Ser\u00e1 en el Tribunal Regional Federal de la Cuarta Regi\u00f3n (TRF4), con sede en la ciudad de Porto Alegre, donde ser\u00e1 puesta esta vez a prueba la justicia brasile\u00f1a, se\u00f1alada como part\u00edcipe de una sostenida persecuci\u00f3n contra Lula con el claro prop\u00f3sito de apartarlo de la contienda electoral de octubre pr\u00f3ximo.<\/p>\n<\/p>\n<p>No hay c\u00f3mo permanecer indiferente ante este juzgamiento, se\u00f1al\u00f3 en un reciente comentario el te\u00f3logo Frei Betto, para quien el proceso no solo pone en suspenso a la naci\u00f3n, sino que tambi\u00e9n la divide.<\/p>\n<\/p>\n<p>De un lado, escribi\u00f3, est\u00e1n aquellos que ya lo prejuzgaron (a Lula) y esperan solo que la sentencia sea confirmada por los jueces de Porto Alegre; del otro, quienes afirman no haber pruebas suficientes para condenarlo y que las acusaciones est\u00e1n de tal manera impregnadas de car\u00e1cter pol\u00edtico que extrapolan el ejercicio imparcial de la justicia.<\/p>\n<\/p>\n<p>Cualquiera sea el resultado, Lula sale ganando: si es absuelto quedar\u00e1 libre de las acusaciones que le son hechas. Condenado se tornar\u00e1 un m\u00e1rtir pol\u00edtico del Poder Judicial, que condena unos y permanece ciego e indulgente ante otros pol\u00edticos que cometieron delitos comprobados en im\u00e1genes y grabaciones hechas p\u00fablicas, valor\u00f3.<\/p>\n<\/p>\n<p>En verdad, sostuvo Frei Betto, quien estar\u00e1 sentado en el banco de los reos el d\u00eda 24 no ser\u00e1 el ciudadano Luiz In\u00e1cio Lula da Silva. Ser\u00e1 el Poder Judicial brasile\u00f1o.<\/p>\n<\/p>\n<p>La sesi\u00f3n del TRF4 hoy ser\u00e1 seguida de cerca por miles de integrantes de movimientos sociales acampados en Porto Alegre para defender la democracia y el derecho de Lula a ser candidato en las presidenciales de octubre venidero, para las cuales todas las encuestas de intenci\u00f3n de votos lo sit\u00faan como claro favorito.<\/p>\n<\/p>\n<p>El fundador del PT encabez\u00f3 la v\u00edspera una multitudinaria concentraci\u00f3n en la Esquina democr\u00e1tica de la capital de R\u00edo Grande del Sur, en la cual agradeci\u00f3 el respaldo popular y ratific\u00f3 su intenci\u00f3n de proseguir batallando por asegurar el respeto y la dignidad de todos los brasile\u00f1os.<\/p>\n<\/p>\n<p>Cualquiera que sea el resultado (del juicio en segunda instancia) &#8216;continuar\u00e9 luchando para que las personas tengan respeto y dignidad&#8217;, asever\u00f3 el ex dignatario.<\/p>\n<\/p>\n<p>En julio pasado, y en el caso relativo a un apartamento en la regi\u00f3n del litoral de Sao Paulo cuya propiedad es atribuida a Lula sin que exista ninguna prueba de ello, Sergio Moro conden\u00f3 al ex presidente por presunta corrupci\u00f3n pasiva y lavado de dinero.<\/p>\n<\/p>\n<p>La pena fue dictada sin que &#8216;ninguna evidencia cre\u00edble de culpa fuera producida, mientras las pruebas abrumadoras de su inocencia fueron descaradamente ignoradas&#8217;, se\u00f1alaron en su momento los abogados defensores Cristiano Zanin Martins y Valeska Teixeira Zanin Martins.<\/p>\n<\/p>\n<p>Por m\u00e1s de tres anos, subrayaron, Lula ha sido objeto de una investigaci\u00f3n que dej\u00f3 en claro de comienzo a fin del proceso el sesgo y la motivaci\u00f3n pol\u00edtica de Moro, cuyo juzgamiento &#8216;averg\u00fcenza a Brasil&#8217; al ignorar evidencias s\u00f3lidas de su inocencia y al mismo tiempo violar continuamente derechos humanos b\u00e1sicos y del proceso legal.<\/p>\n<\/p>\n<p>tgj\/mpm<\/p>\n<h6> 2018-01-24 07:39:00 <\/h6>\n<p><!--\n<link rel=\"stylesheet\" href=\"css\/bootstrap.min.css\">\n\n\n<ul class=\"pagination\">\n\t    \n\t\n\n<li >\n\t<a href='?page_no=6762'>Previous<\/a>\n\t<\/li>\n\n\n       \n    \n\n<li><a href='?page_no=1'>1<\/a><\/li>\n\n\n\n<li><a href='?page_no=2'>2<\/a><\/li>\n\n\n\n<li><a>...<\/a><\/li>\n\n\n\n<li><a href='?page_no=6761'>6761<\/a><\/li>\n\n\n\n<li><a href='?page_no=6762'>6762<\/a><\/li>\n\n\n\n<li class='active'><a>6763<\/a><\/li>\n\n\n\n<li><a href='?page_no=6764'>6764<\/a><\/li>\n\n\n\n<li><a href='?page_no=6765'>6765<\/a><\/li>\n\n\n\n<li><a>...<\/a><\/li>\n\n\n\n<li><a href='?page_no=36999'>36999<\/a><\/li>\n\n\n\n<li><a href='?page_no=37000'>37000<\/a><\/li>\n\n    \n\t\n\n<li >\n\t<a href='?page_no=6764'>Next<\/a>\n\t<\/li>\n\n\n    \n\n<li><a href='?page_no=37000'>Last &rsaquo;&rsaquo;<\/a><\/li>\n\n<\/ul>\n\n\n--><br \/>\n<\/body><\/p>\n","protected":false},"excerpt":{"rendered":"<p>Brasilia, 24 ene (PL) Brasil amanece hoy en suspenso ante el juzgamiento en segunda instancia de la apelaci\u00f3n presentada por la defensa del expresidente Luiz In\u00e1cio Lula da Silva, condenado a nueve a\u00f1os y medio de c\u00e1rcel por el juez federal Sergio Moro. Ser\u00e1 en el Tribunal Regional Federal de la Cuarta Regi\u00f3n (TRF4), con [&hellip;]<\/p>\n","protected":false},"author":3,"featured_media":0,"comment_status":"open","ping_status":"open","sticky":false,"template":"","format":"standard","meta":{"footnotes":""},"categories":[22],"tags":[],"class_list":["post-171459","post","type-post","status-publish","format-standard","hentry","category-politica"],"_links":{"self":[{"href":"https:\/\/diariodominicano.com\/index.php?rest_route=\/wp\/v2\/posts\/171459","targetHints":{"allow":["GET"]}}],"collection":[{"href":"https:\/\/diariodominicano.com\/index.php?rest_route=\/wp\/v2\/posts"}],"about":[{"href":"https:\/\/diariodominicano.com\/index.php?rest_route=\/wp\/v2\/types\/post"}],"author":[{"embeddable":true,"href":"https:\/\/diariodominicano.com\/index.php?rest_route=\/wp\/v2\/users\/3"}],"replies":[{"embeddable":true,"href":"https:\/\/diariodominicano.com\/index.php?rest_route=%2Fwp%2Fv2%2Fcomments&post=171459"}],"version-history":[{"count":0,"href":"https:\/\/diariodominicano.com\/index.php?rest_route=\/wp\/v2\/posts\/171459\/revisions"}],"wp:attachment":[{"href":"https:\/\/diariodominicano.com\/index.php?rest_route=%2Fwp%2Fv2%2Fmedia&parent=171459"}],"wp:term":[{"taxonomy":"category","embeddable":true,"href":"https:\/\/diariodominicano.com\/index.php?rest_route=%2Fwp%2Fv2%2Fcategories&post=171459"},{"taxonomy":"post_tag","embeddable":true,"href":"https:\/\/diariodominicano.com\/index.php?rest_route=%2Fwp%2Fv2%2Ftags&post=171459"}],"curies":[{"name":"wp","href":"https:\/\/api.w.org\/{rel}","templated":true}]}}