{"id":171457,"date":"2018-01-24T11:23:51","date_gmt":"2018-01-24T11:23:51","guid":{"rendered":"http:\/\/diariodominicano.ddns.net\/?p=171457"},"modified":"2018-01-24T11:23:51","modified_gmt":"2018-01-24T11:23:51","slug":"aumenta-apoyo-de-la-base-a-chu-vasquez-para-secretario-general","status":"publish","type":"post","link":"https:\/\/diariodominicano.com\/?p=171457","title":{"rendered":"Aumenta apoyo de la base a Chu Vasquez para secretario general"},"content":{"rendered":"<p><body><\/p>\n<p><img decoding=\"async\" src=\"img3\/chu1.jpg\" \/>  <\/p>\n<p>A medida que avanzan los d\u00edas de cara a la convenci\u00f3n del PRM, prevista para el pr\u00f3ximo 18 de febrero, aumenta el apoyo de los dirigentes de la base a favor del actual secretario general, y candidato al cargo, Jes\u00fas Ch\u00fa V\u00e1squez.<\/p>\n<\/p>\n<p>El tambi\u00e9n expresidente del senado atribuy\u00f3  la situaci\u00f3n al entendimiento y madurez de los perremeistas quienes est\u00e1n convencidos que para ganar en el 2020, necesitan de un \u00e1rbitro con experiencia que pueda conducir esa organizaci\u00f3n por pasos seguros.<\/p>\n<\/p>\n<p>Manifest\u00f3 que adem\u00e1s del apoyo que le han venido dando la dirigencia de los diferentes puntos del pa\u00eds, incluyendo diputados, alcaldes, regidores, exsenadores exgobernadores las seccionales del exterior tambi\u00e9n le han dado su apoyo por diferentes v\u00edas.<\/p>\n<\/p>\n<p>Dijo que adem\u00e1s de los contactos  personales  que ha hecho, m\u00e1s las visitas y encuentros provinciales, los perremeistas a trav\u00e9s de las redes sociales, cartas, llamadas telef\u00f3nicas y encuestas en diferentes medios de comunicaci\u00f3n, le han manifestado su apoyo.<\/p>\n<\/p>\n<p>Ch\u00fa V\u00e1squez record\u00f3 que el PRM en la situaci\u00f3n actual en que se encuentra no puede cometer los errores del PRD el cual pas\u00f3 de ser una verdadera fuerza pol\u00edtica con opci\u00f3n de poder, a un partidito que a penas le quedan las siglas.<\/p>\n<\/p>\n<p>V\u00e1squez indic\u00f3 que el  PRM se sit\u00faa cada d\u00eda como la mayor fuerza alternativa, por lo que como secretario general fundador de esa organizaci\u00f3n, tiene previsto en lo adelante, seguir consolidando esa organizaci\u00f3n para prepararla en todos los \u00e1mbitos, a fin de dar la batalla en las elecciones venideras.<\/p>\n<\/p>\n<p>?? Usted habla con diez perremeistas de cualquier parte del pa\u00eds, lo primero que le dicen es necesitamos ganar en el 2020, pero para ellos, es necesario construir con partido capacitado, con gerentes de experiencia y madurez, que puedan lidiar con situaciones criticas, y sobre todo con imparcialidad, y ese es nuestro principal compromiso, porque lo que quiere la base del PRM, es precisamente lo que yo siempre he hecho, y estoy dispuesto a seguir haciendo??, precis\u00f3 durante su participaci\u00f3n en el programa Atenci\u00f3n Pa\u00eds, que produce Marte Piantini.<\/p>\n<\/p>\n<p>Se\u00f1al\u00f3 que en el proceso pasado hicieron el partido posible, pero ahora est\u00e1n  llamados a construir  el partido que demanda la sociedad dominicana  para hacer los cambios necesarios para la Naci\u00f3n.<\/p>\n<\/p>\n<p>??Ese  es el partido en construcci\u00f3n todav\u00eda no tenemos el partido para ganarle al PLD, si tu interrumpe ese proceso a dos a\u00f1os para las elecciones, ser\u00eda peligroso??, puntualiz\u00f3.<\/p>\n<h6> 2018-01-24 11:23:51 <\/h6>\n<p><!--\n<link rel=\"stylesheet\" href=\"css\/bootstrap.min.css\">\n\n\n<ul class=\"pagination\">\n\t    \n\t\n\n<li >\n\t<a href='?page_no=6760'>Previous<\/a>\n\t<\/li>\n\n\n       \n    \n\n<li><a href='?page_no=1'>1<\/a><\/li>\n\n\n\n<li><a href='?page_no=2'>2<\/a><\/li>\n\n\n\n<li><a>...<\/a><\/li>\n\n\n\n<li><a href='?page_no=6759'>6759<\/a><\/li>\n\n\n\n<li><a href='?page_no=6760'>6760<\/a><\/li>\n\n\n\n<li class='active'><a>6761<\/a><\/li>\n\n\n\n<li><a href='?page_no=6762'>6762<\/a><\/li>\n\n\n\n<li><a href='?page_no=6763'>6763<\/a><\/li>\n\n\n\n<li><a>...<\/a><\/li>\n\n\n\n<li><a href='?page_no=36999'>36999<\/a><\/li>\n\n\n\n<li><a href='?page_no=37000'>37000<\/a><\/li>\n\n    \n\t\n\n<li >\n\t<a href='?page_no=6762'>Next<\/a>\n\t<\/li>\n\n\n    \n\n<li><a href='?page_no=37000'>Last &rsaquo;&rsaquo;<\/a><\/li>\n\n<\/ul>\n\n\n--><br \/>\n<\/body><\/p>\n","protected":false},"excerpt":{"rendered":"<p>A medida que avanzan los d\u00edas de cara a la convenci\u00f3n del PRM, prevista para el pr\u00f3ximo 18 de febrero, aumenta el apoyo de los dirigentes de la base a favor del actual secretario general, y candidato al cargo, Jes\u00fas Ch\u00fa V\u00e1squez. El tambi\u00e9n expresidente del senado atribuy\u00f3 la situaci\u00f3n al entendimiento y madurez de [&hellip;]<\/p>\n","protected":false},"author":3,"featured_media":0,"comment_status":"open","ping_status":"open","sticky":false,"template":"","format":"standard","meta":{"footnotes":""},"categories":[22],"tags":[],"class_list":["post-171457","post","type-post","status-publish","format-standard","hentry","category-politica"],"_links":{"self":[{"href":"https:\/\/diariodominicano.com\/index.php?rest_route=\/wp\/v2\/posts\/171457","targetHints":{"allow":["GET"]}}],"collection":[{"href":"https:\/\/diariodominicano.com\/index.php?rest_route=\/wp\/v2\/posts"}],"about":[{"href":"https:\/\/diariodominicano.com\/index.php?rest_route=\/wp\/v2\/types\/post"}],"author":[{"embeddable":true,"href":"https:\/\/diariodominicano.com\/index.php?rest_route=\/wp\/v2\/users\/3"}],"replies":[{"embeddable":true,"href":"https:\/\/diariodominicano.com\/index.php?rest_route=%2Fwp%2Fv2%2Fcomments&post=171457"}],"version-history":[{"count":0,"href":"https:\/\/diariodominicano.com\/index.php?rest_route=\/wp\/v2\/posts\/171457\/revisions"}],"wp:attachment":[{"href":"https:\/\/diariodominicano.com\/index.php?rest_route=%2Fwp%2Fv2%2Fmedia&parent=171457"}],"wp:term":[{"taxonomy":"category","embeddable":true,"href":"https:\/\/diariodominicano.com\/index.php?rest_route=%2Fwp%2Fv2%2Fcategories&post=171457"},{"taxonomy":"post_tag","embeddable":true,"href":"https:\/\/diariodominicano.com\/index.php?rest_route=%2Fwp%2Fv2%2Ftags&post=171457"}],"curies":[{"name":"wp","href":"https:\/\/api.w.org\/{rel}","templated":true}]}}