{"id":171456,"date":"2018-01-24T11:47:29","date_gmt":"2018-01-24T11:47:29","guid":{"rendered":"http:\/\/diariodominicano.ddns.net\/?p=171456"},"modified":"2018-01-24T11:47:29","modified_gmt":"2018-01-24T11:47:29","slug":"raul-martinez-campanas-deben-ser-jornadas-de-educacion-democratica-para-el-pueblo-dominicano","status":"publish","type":"post","link":"https:\/\/diariodominicano.com\/?p=171456","title":{"rendered":"Ra\u00fal Mart\u00ednez: \u00abCampa\u00f1as deben ser jornadas de educaci\u00f3n democr\u00e1tica para el pueblo dominicano\u00bb"},"content":{"rendered":"<p><body><\/p>\n<p><img decoding=\"async\" src=\"img3\/raul1.jpg\" \/>  <\/p>\n<p>SANTIAGO. ? El miembro del comit\u00e9 central del Partido de la Liberaci\u00f3n Dominicana (PLD), Ra\u00fal Mart\u00ednez, afirm\u00f3 que, para tener una democracia fuerte, primero se debe procurar tener un sistema de partidos fuerte, por lo que indic\u00f3, urge la aprobaci\u00f3n de la Ley de Partidos pol\u00edticos en el pa\u00eds.<\/p>\n<\/p>\n<p>Lamenta que el PLD no haya podido ejercer efectivamente su rol de liderazgo en la aprobaci\u00f3n de un instrumento legal de esa naturaleza, tan importante para el desarrollo democr\u00e1tico en la Rep\u00fablica Dominicana.<\/p>\n<\/p>\n<p>Mostr\u00f3 su preferencia porque las primarias de los partidos sean cerradas, con el arbitraje de la Junta Central Electoral, bajo el argumento de que, tanto el PLD y los dem\u00e1s partidos han perdido su capacidad para arbitrar procesos con moderaci\u00f3n y prudencia.<\/p>\n<\/p>\n<p>Durante su participaci\u00f3n en el matutino de los domingos, Dialogando con Glenn Davis, transmitido por Telecontacto canal 57 de 10 a 11 de la ma\u00f1ana, expres\u00f3 que, los puntos que se est\u00e1n debatiendo sobre la Ley de Partidos no son m\u00e1s importantes, que la duraci\u00f3n, la forma y el financiamiento de las campa\u00f1as.<\/p>\n<\/p>\n<p>\u00abNo podemos seguir con campa\u00f1as electorales que sean simplemente ruido y carnaval, las campa\u00f1as deben ser jornadas de educaci\u00f3n democr\u00e1tica para el pueblo dominicano. Pienso que el PLD ha prolongado demasiado este proceso de discusi\u00f3n y que deben de llegar a un consenso r\u00e1pidamente, para encabezar un proyecto que satisfaga las aspiraciones que tiene la gente\u00bb, enfatiz\u00f3 Ra\u00fal Mart\u00ednez.<\/p>\n<\/p>\n<p>Con respecto al gobierno del presidente Danilo Medina, se\u00f1al\u00f3 que la gran virtud de su mandato ha tenido que ver con el impulso renovado a la revoluci\u00f3n educativa, el apoyo a la peque\u00f1a y mediana empresa con la democratizaci\u00f3n del gasto p\u00fablico y las pol\u00edticas sociales inclusivas, lo cual debe llenar de orgullo a los peledeistas de cara al futuro.<\/p>\n<\/p>\n<p>AQU\u00cd EL LINK DE LA ENTREVISTA <\/p>\n<\/p>\n<p><iframe loading=\"lazy\" title=\"Primera emisi\u00f3n de Dialogando Con Glenn Davis 21-01- 18\" width=\"616\" height=\"347\" src=\"https:\/\/www.youtube.com\/embed\/pl9C_XyphHY?feature=oembed\" frameborder=\"0\" allow=\"accelerometer; autoplay; clipboard-write; encrypted-media; gyroscope; picture-in-picture; web-share\" referrerpolicy=\"strict-origin-when-cross-origin\" allowfullscreen><\/iframe><\/p>\n<h6> 2018-01-24 11:47:29 <\/h6>\n<p><!--\n<link rel=\"stylesheet\" href=\"css\/bootstrap.min.css\">\n\n\n<ul class=\"pagination\">\n\t    \n\t\n\n<li >\n\t<a href='?page_no=6759'>Previous<\/a>\n\t<\/li>\n\n\n       \n    \n\n<li><a href='?page_no=1'>1<\/a><\/li>\n\n\n\n<li><a href='?page_no=2'>2<\/a><\/li>\n\n\n\n<li><a>...<\/a><\/li>\n\n\n\n<li><a href='?page_no=6758'>6758<\/a><\/li>\n\n\n\n<li><a href='?page_no=6759'>6759<\/a><\/li>\n\n\n\n<li class='active'><a>6760<\/a><\/li>\n\n\n\n<li><a href='?page_no=6761'>6761<\/a><\/li>\n\n\n\n<li><a href='?page_no=6762'>6762<\/a><\/li>\n\n\n\n<li><a>...<\/a><\/li>\n\n\n\n<li><a href='?page_no=36999'>36999<\/a><\/li>\n\n\n\n<li><a href='?page_no=37000'>37000<\/a><\/li>\n\n    \n\t\n\n<li >\n\t<a href='?page_no=6761'>Next<\/a>\n\t<\/li>\n\n\n    \n\n<li><a href='?page_no=37000'>Last &rsaquo;&rsaquo;<\/a><\/li>\n\n<\/ul>\n\n\n--><br \/>\n<\/body><\/p>\n","protected":false},"excerpt":{"rendered":"<p>SANTIAGO. ? El miembro del comit\u00e9 central del Partido de la Liberaci\u00f3n Dominicana (PLD), Ra\u00fal Mart\u00ednez, afirm\u00f3 que, para tener una democracia fuerte, primero se debe procurar tener un sistema de partidos fuerte, por lo que indic\u00f3, urge la aprobaci\u00f3n de la Ley de Partidos pol\u00edticos en el pa\u00eds. Lamenta que el PLD no haya [&hellip;]<\/p>\n","protected":false},"author":3,"featured_media":0,"comment_status":"open","ping_status":"open","sticky":false,"template":"","format":"standard","meta":{"footnotes":""},"categories":[22],"tags":[],"class_list":["post-171456","post","type-post","status-publish","format-standard","hentry","category-politica"],"_links":{"self":[{"href":"https:\/\/diariodominicano.com\/index.php?rest_route=\/wp\/v2\/posts\/171456","targetHints":{"allow":["GET"]}}],"collection":[{"href":"https:\/\/diariodominicano.com\/index.php?rest_route=\/wp\/v2\/posts"}],"about":[{"href":"https:\/\/diariodominicano.com\/index.php?rest_route=\/wp\/v2\/types\/post"}],"author":[{"embeddable":true,"href":"https:\/\/diariodominicano.com\/index.php?rest_route=\/wp\/v2\/users\/3"}],"replies":[{"embeddable":true,"href":"https:\/\/diariodominicano.com\/index.php?rest_route=%2Fwp%2Fv2%2Fcomments&post=171456"}],"version-history":[{"count":0,"href":"https:\/\/diariodominicano.com\/index.php?rest_route=\/wp\/v2\/posts\/171456\/revisions"}],"wp:attachment":[{"href":"https:\/\/diariodominicano.com\/index.php?rest_route=%2Fwp%2Fv2%2Fmedia&parent=171456"}],"wp:term":[{"taxonomy":"category","embeddable":true,"href":"https:\/\/diariodominicano.com\/index.php?rest_route=%2Fwp%2Fv2%2Fcategories&post=171456"},{"taxonomy":"post_tag","embeddable":true,"href":"https:\/\/diariodominicano.com\/index.php?rest_route=%2Fwp%2Fv2%2Ftags&post=171456"}],"curies":[{"name":"wp","href":"https:\/\/api.w.org\/{rel}","templated":true}]}}