{"id":171454,"date":"2018-01-24T12:05:11","date_gmt":"2018-01-24T12:05:11","guid":{"rendered":"http:\/\/diariodominicano.ddns.net\/?p=171454"},"modified":"2018-01-24T12:05:11","modified_gmt":"2018-01-24T12:05:11","slug":"preparan-cronograma-de-trabajo-en-los-municipios-y-lineas-en-las-elecciones-de-asociaciones-municipalistas","status":"publish","type":"post","link":"https:\/\/diariodominicano.com\/?p=171454","title":{"rendered":"Preparan cronograma de trabajo en los municipios y l\u00edneas en las elecciones de asociaciones municipalistas"},"content":{"rendered":"<p><body><\/p>\n<p><img decoding=\"async\" src=\"img3\/prepar.jpg\" \/>  <\/p>\n<p>La Secretar\u00eda de Asuntos Municipales del Partido de la Liberaci\u00f3n Dominicana (PLD)  contin\u00faa con  los encuentros puntuales y reuniones de dicho \u00f3rgano de trabajo con  miras a confeccionar el cronograma y  plan de trabajo del a\u00f1o 2018.<\/p>\n<\/p>\n<p>\u00abNo solo tener planificado de antemano nuestra actuaci\u00f3n ante las elecciones de noviembre que tendr\u00e1 la Federaci\u00f3n Dominicana de Municipios FEDOMU que incluye desde  septiembre la elecci\u00f3n de las regionales\u00bb acot\u00f3 Ditr\u00e9n en una reuni\u00f3n en la Casa Nacional del PLD.<\/p>\n<\/p>\n<p>Inform\u00f3 que igualmente se trazan los detalles en cuanto  a la metodolog\u00eda para elegir las y los candidatos del PLD en a diferentes puestos de las organizaciones municipales.<\/p>\n<\/p>\n<p>A parte de FEDOMU cit\u00f3 a  la Asociaci\u00f3n Dominicana de Distrito Municipales,  la Asociaci\u00f3n Dominicana de Regidores y  la Uni\u00f3n de Mujeres Municipalitas.<\/p>\n<\/p>\n<p>Destaca que tambi\u00e9n est\u00e1 contemplada la integraci\u00f3n entre los miembros municipalistas y la Secretar\u00eda de la Mujer del partido, en lo que tambi\u00e9n se ha estado trabajando<\/p>\n<\/p>\n<p>\u00abPero igualmente damos  seguimiento a lo que es la elecci\u00f3n de los bufetes directivo del 16 de agosto. El d\u00eda de los ayuntamientos que es el 24 de octubre, entre otras cosas\u00bb, expres\u00f3 Ignacio Ditr\u00e9n en la nota divulgada por el PLD a trav\u00e9s de la Secretar\u00eda de Comunicaciones<\/p>\n<\/p>\n<p>La reuni\u00f3n se desarroll\u00f3 en la  Casa Nacional,  encabezado por Ignacio Ditren,  titular de la Secretar\u00eda de Asuntos Municipales del PLD con  Dar\u00edo Araujo, enlace entre los Ayuntamientos y el Poder Ejecutivo, Edita Sandoval, presidenta de ASODORES, Olga Salda\u00f1a, titular de la Uni\u00f3n de Mujeres Municipalistas, Ram\u00f3n Santos presidente de la Federaci\u00f3n Dominicana de Distrito Municipales, Edmundo Garc\u00eda, Jos\u00e9 Andr\u00e9s Tejada, Jesus Mercedes y Franklin Labour, asesor municipalista.<\/p>\n<\/p>\n<p>Ignacio Ditr\u00e9n adelant\u00f3 que  habr\u00e1 encuentro ampliado para vincular a los alcaldes, regidores, directores de distritos, vocales y tambi\u00e9n dirigentes del PLD que son municipalistas.<\/p>\n<\/p>\n<p>Asimismo se\u00f1al\u00f3  que la comisi\u00f3n de la Reforma de la Ley 176-177 mand\u00f3 la propuesta que hay al PLD quien tiene que fijar una posici\u00f3n en ese sentido y para ello requiere ver de manera detallada dicha resoluci\u00f3n por parte de la organizaci\u00f3n.<\/p>\n<h6> 2018-01-24 12:05:11 <\/h6>\n<p><!--\n<link rel=\"stylesheet\" href=\"css\/bootstrap.min.css\">\n\n\n<ul class=\"pagination\">\n\t    \n\t\n\n<li >\n\t<a href='?page_no=6758'>Previous<\/a>\n\t<\/li>\n\n\n       \n    \n\n<li><a href='?page_no=1'>1<\/a><\/li>\n\n\n\n<li><a href='?page_no=2'>2<\/a><\/li>\n\n\n\n<li><a>...<\/a><\/li>\n\n\n\n<li><a href='?page_no=6757'>6757<\/a><\/li>\n\n\n\n<li><a href='?page_no=6758'>6758<\/a><\/li>\n\n\n\n<li class='active'><a>6759<\/a><\/li>\n\n\n\n<li><a href='?page_no=6760'>6760<\/a><\/li>\n\n\n\n<li><a href='?page_no=6761'>6761<\/a><\/li>\n\n\n\n<li><a>...<\/a><\/li>\n\n\n\n<li><a href='?page_no=36999'>36999<\/a><\/li>\n\n\n\n<li><a href='?page_no=37000'>37000<\/a><\/li>\n\n    \n\t\n\n<li >\n\t<a href='?page_no=6760'>Next<\/a>\n\t<\/li>\n\n\n    \n\n<li><a href='?page_no=37000'>Last &rsaquo;&rsaquo;<\/a><\/li>\n\n<\/ul>\n\n\n--><br \/>\n<\/body><\/p>\n","protected":false},"excerpt":{"rendered":"<p>La Secretar\u00eda de Asuntos Municipales del Partido de la Liberaci\u00f3n Dominicana (PLD) contin\u00faa con los encuentros puntuales y reuniones de dicho \u00f3rgano de trabajo con miras a confeccionar el cronograma y plan de trabajo del a\u00f1o 2018. \u00abNo solo tener planificado de antemano nuestra actuaci\u00f3n ante las elecciones de noviembre que tendr\u00e1 la Federaci\u00f3n Dominicana [&hellip;]<\/p>\n","protected":false},"author":3,"featured_media":0,"comment_status":"open","ping_status":"open","sticky":false,"template":"","format":"standard","meta":{"footnotes":""},"categories":[22],"tags":[],"class_list":["post-171454","post","type-post","status-publish","format-standard","hentry","category-politica"],"_links":{"self":[{"href":"https:\/\/diariodominicano.com\/index.php?rest_route=\/wp\/v2\/posts\/171454","targetHints":{"allow":["GET"]}}],"collection":[{"href":"https:\/\/diariodominicano.com\/index.php?rest_route=\/wp\/v2\/posts"}],"about":[{"href":"https:\/\/diariodominicano.com\/index.php?rest_route=\/wp\/v2\/types\/post"}],"author":[{"embeddable":true,"href":"https:\/\/diariodominicano.com\/index.php?rest_route=\/wp\/v2\/users\/3"}],"replies":[{"embeddable":true,"href":"https:\/\/diariodominicano.com\/index.php?rest_route=%2Fwp%2Fv2%2Fcomments&post=171454"}],"version-history":[{"count":0,"href":"https:\/\/diariodominicano.com\/index.php?rest_route=\/wp\/v2\/posts\/171454\/revisions"}],"wp:attachment":[{"href":"https:\/\/diariodominicano.com\/index.php?rest_route=%2Fwp%2Fv2%2Fmedia&parent=171454"}],"wp:term":[{"taxonomy":"category","embeddable":true,"href":"https:\/\/diariodominicano.com\/index.php?rest_route=%2Fwp%2Fv2%2Fcategories&post=171454"},{"taxonomy":"post_tag","embeddable":true,"href":"https:\/\/diariodominicano.com\/index.php?rest_route=%2Fwp%2Fv2%2Ftags&post=171454"}],"curies":[{"name":"wp","href":"https:\/\/api.w.org\/{rel}","templated":true}]}}