{"id":171453,"date":"2018-01-24T12:11:34","date_gmt":"2018-01-24T12:11:34","guid":{"rendered":"http:\/\/diariodominicano.ddns.net\/?p=171453"},"modified":"2018-01-24T12:11:34","modified_gmt":"2018-01-24T12:11:34","slug":"pld-confirma-organizacion-de-panel-en-el-octavo-aniversario-de-la-proclama-de-la-nueva-constitucion","status":"publish","type":"post","link":"https:\/\/diariodominicano.com\/?p=171453","title":{"rendered":"PLD confirma organizaci\u00f3n de panel en el octavo aniversario de la proclama de la nueva Constituci\u00f3n"},"content":{"rendered":"<p><body><\/p>\n<p><img decoding=\"async\" src=\"img3\/consti1.jpg\" \/>  <\/p>\n<p>El Partido de la Liberaci\u00f3n Dominicana (PLD) confirma la celebraci\u00f3n este jueves  25 de enero,  en horas de la tarde,  en el Gran Sal\u00f3n Bienvenido Sandoval de la Casa Nacional de dicha organizaci\u00f3n  del panel   \u00abLa Constituci\u00f3n de 2010 como pilar del Estado Social y Democr\u00e1tico de Derecho\u00bb.<\/p>\n<\/p>\n<p>Se trata de un evento para aportar al debate sobre la Ley Sustantiva de la naci\u00f3n, a prop\u00f3sito del octavo aniversario de su  proclama el 26 de enero de 2010.<\/p>\n<\/p>\n<p>Tres expositores conformar\u00e1n el panel , que es abierto al p\u00fablico en general, se trata de  C\u00e9sar Pina Toribio, miembro del Comit\u00e9 Pol\u00edtico del PLD, quien desarrollara el tema \u00abLa visi\u00f3n de Estado en la Constituci\u00f3n de 2010&#8243;,  Haivanjoe NG Corti\u00f1as, miembro del Comit\u00e9 Central del PLD, quien expondr\u00e1 sobre la \u00bb Importancia del contenido econ\u00f3mico en la Constituci\u00f3n de 2010&#8243; y  Flavio Dar\u00edo Espinal, Consultor Jur\u00eddico del Poder Ejecutivo, quien desarrollar\u00e1 el tema \u00abInnovaciones fundamentales de la Constituci\u00f3n de 2010: proceso y contenido\u00bb.<\/p>\n<\/p>\n<p>La Red Nacional de Abogados y el Foro Nacional de Abogados con el respaldo de la Secretar\u00eda de Asuntos Jur\u00eddicos del Partido de la Liberaci\u00f3n Dominicana organizan el evento formativo, programado para iniciar a las 6:00 de la tarde.<\/p>\n<\/p>\n<p>Por mensajer\u00eda y usando las redes sociales se est\u00e1 invitando a los miembros y dirigentes del PLD a participar de este panel del cual se tiene una buena expectativa de asistencia y de aportes, dado la amplia hoja de vida de los expositores.<\/p>\n<h6> 2018-01-24 12:11:34 <\/h6>\n<p><!--\n<link rel=\"stylesheet\" href=\"css\/bootstrap.min.css\">\n\n\n<ul class=\"pagination\">\n\t    \n\t\n\n<li >\n\t<a href='?page_no=6757'>Previous<\/a>\n\t<\/li>\n\n\n       \n    \n\n<li><a href='?page_no=1'>1<\/a><\/li>\n\n\n\n<li><a href='?page_no=2'>2<\/a><\/li>\n\n\n\n<li><a>...<\/a><\/li>\n\n\n\n<li><a href='?page_no=6756'>6756<\/a><\/li>\n\n\n\n<li><a href='?page_no=6757'>6757<\/a><\/li>\n\n\n\n<li class='active'><a>6758<\/a><\/li>\n\n\n\n<li><a href='?page_no=6759'>6759<\/a><\/li>\n\n\n\n<li><a href='?page_no=6760'>6760<\/a><\/li>\n\n\n\n<li><a>...<\/a><\/li>\n\n\n\n<li><a href='?page_no=36999'>36999<\/a><\/li>\n\n\n\n<li><a href='?page_no=37000'>37000<\/a><\/li>\n\n    \n\t\n\n<li >\n\t<a href='?page_no=6759'>Next<\/a>\n\t<\/li>\n\n\n    \n\n<li><a href='?page_no=37000'>Last &rsaquo;&rsaquo;<\/a><\/li>\n\n<\/ul>\n\n\n--><br \/>\n<\/body><\/p>\n","protected":false},"excerpt":{"rendered":"<p>El Partido de la Liberaci\u00f3n Dominicana (PLD) confirma la celebraci\u00f3n este jueves 25 de enero, en horas de la tarde, en el Gran Sal\u00f3n Bienvenido Sandoval de la Casa Nacional de dicha organizaci\u00f3n del panel \u00abLa Constituci\u00f3n de 2010 como pilar del Estado Social y Democr\u00e1tico de Derecho\u00bb. Se trata de un evento para aportar [&hellip;]<\/p>\n","protected":false},"author":3,"featured_media":0,"comment_status":"open","ping_status":"open","sticky":false,"template":"","format":"standard","meta":{"footnotes":""},"categories":[22],"tags":[],"class_list":["post-171453","post","type-post","status-publish","format-standard","hentry","category-politica"],"_links":{"self":[{"href":"https:\/\/diariodominicano.com\/index.php?rest_route=\/wp\/v2\/posts\/171453","targetHints":{"allow":["GET"]}}],"collection":[{"href":"https:\/\/diariodominicano.com\/index.php?rest_route=\/wp\/v2\/posts"}],"about":[{"href":"https:\/\/diariodominicano.com\/index.php?rest_route=\/wp\/v2\/types\/post"}],"author":[{"embeddable":true,"href":"https:\/\/diariodominicano.com\/index.php?rest_route=\/wp\/v2\/users\/3"}],"replies":[{"embeddable":true,"href":"https:\/\/diariodominicano.com\/index.php?rest_route=%2Fwp%2Fv2%2Fcomments&post=171453"}],"version-history":[{"count":0,"href":"https:\/\/diariodominicano.com\/index.php?rest_route=\/wp\/v2\/posts\/171453\/revisions"}],"wp:attachment":[{"href":"https:\/\/diariodominicano.com\/index.php?rest_route=%2Fwp%2Fv2%2Fmedia&parent=171453"}],"wp:term":[{"taxonomy":"category","embeddable":true,"href":"https:\/\/diariodominicano.com\/index.php?rest_route=%2Fwp%2Fv2%2Fcategories&post=171453"},{"taxonomy":"post_tag","embeddable":true,"href":"https:\/\/diariodominicano.com\/index.php?rest_route=%2Fwp%2Fv2%2Ftags&post=171453"}],"curies":[{"name":"wp","href":"https:\/\/api.w.org\/{rel}","templated":true}]}}