{"id":171451,"date":"2018-01-24T12:38:01","date_gmt":"2018-01-24T12:38:01","guid":{"rendered":"http:\/\/diariodominicano.ddns.net\/?p=171451"},"modified":"2018-01-24T12:38:01","modified_gmt":"2018-01-24T12:38:01","slug":"estudiantes-de-la-salle-interesados-en-historia-y-funcionamiento-del-pld-para-trabajo-de-investigacion","status":"publish","type":"post","link":"https:\/\/diariodominicano.com\/?p=171451","title":{"rendered":"Estudiantes de La Salle interesados en historia y funcionamiento del PLD para trabajo de investigaci\u00f3n"},"content":{"rendered":"<p><body><\/p>\n<p><img decoding=\"async\" src=\"img3\/vangu1.jpg\" \/><br \/><img decoding=\"async\" src=\"img3\/vangu2.jpg\" \/>  <\/p>\n<p>El titular de la Secretaria de Comunicaciones del Partido de la Liberaci\u00f3n Dominicana (PLD), H\u00e9ctor Olivo y Daris Javier Cuevas , sub secretario de los Asuntos Econ\u00f3micos del PLD,  departieron con un grupo de estudiantes del \u00faltimo a\u00f1o del Colegio La Salle de la ciudad capital, interesados en conocer las interioridades del funcionamiento del PLD.<\/p>\n<\/p>\n<p>Los estudiantes formularon diferentes preguntas a los dirigentes pelede\u00edstas sobre la historia del PLD, sus gestiones de gobierno, pol\u00edtica econ\u00f3mica, programas de gobierno presentados al electorado, l\u00ednea organizativa y otros aspectos contemplados en un amplio cuestionario en el desarrollo de la materia Educaci\u00f3n C\u00edvica.  <\/p>\n<\/p>\n<p>Con c\u00e1maras fotogr\u00e1ficas y celulares inteligentes,  los alumnos de La Salle grabaron la conversaci\u00f3n con los tambi\u00e9n integrantes del Consejo de la Multimedia del PLD para exponerla ante sus otros compa\u00f1eros de aula.<\/p>\n<\/p>\n<p>Un personal de la Casa Nacional invit\u00f3 a los j\u00f3venes  estudiantes de t\u00e9rmino de la secundaria a recorrer  las distintas oficinas del PLD, decidiendo tomar una foto del grupo al pie de la fotograf\u00eda gigante del Profesor Juan Bosch ubicada en el sal\u00f3n de las recepciones de la sede nacional.<\/p>\n<\/p>\n<p>Los estudiantes agradecieron las atenciones recibidas y tanto Olivo como Cuevas se reiteraron a disposici\u00f3n de los estudiantes y sus profesores.<\/p>\n<\/p>\n<p>Frecuentemente la sede nacional del PLD es visitada por estudiantes del nivel secundario y universitario que acuden all\u00ed en busca de informaciones para apoyar los trabajos de investigaciones que les asignan.<\/p>\n<\/p>\n<p>Cuenta el PLD con los departamentos de audiovisuales y documentaci\u00f3n en donde reciben los visitantes  y se les entregan materiales impresos y audiovisuales para reforzar e ilustrar las investigaciones que le son encargadas.<\/p>\n<\/p>\n<p>La emblem\u00e1tica Casa Nacional del PLD est\u00e1 situada en un complejo de edificios ubicados en la avenida Independencia esquina calle Cervantes en el sector Gascue.<\/p>\n<h6> 2018-01-24 12:38:01 <\/h6>\n<p><!--\n<link rel=\"stylesheet\" href=\"css\/bootstrap.min.css\">\n\n\n<ul class=\"pagination\">\n\t    \n\t\n\n<li >\n\t<a href='?page_no=6755'>Previous<\/a>\n\t<\/li>\n\n\n       \n    \n\n<li><a href='?page_no=1'>1<\/a><\/li>\n\n\n\n<li><a href='?page_no=2'>2<\/a><\/li>\n\n\n\n<li><a>...<\/a><\/li>\n\n\n\n<li><a href='?page_no=6754'>6754<\/a><\/li>\n\n\n\n<li><a href='?page_no=6755'>6755<\/a><\/li>\n\n\n\n<li class='active'><a>6756<\/a><\/li>\n\n\n\n<li><a href='?page_no=6757'>6757<\/a><\/li>\n\n\n\n<li><a href='?page_no=6758'>6758<\/a><\/li>\n\n\n\n<li><a>...<\/a><\/li>\n\n\n\n<li><a href='?page_no=36999'>36999<\/a><\/li>\n\n\n\n<li><a href='?page_no=37000'>37000<\/a><\/li>\n\n    \n\t\n\n<li >\n\t<a href='?page_no=6757'>Next<\/a>\n\t<\/li>\n\n\n    \n\n<li><a href='?page_no=37000'>Last &rsaquo;&rsaquo;<\/a><\/li>\n\n<\/ul>\n\n\n--><br \/>\n<\/body><\/p>\n","protected":false},"excerpt":{"rendered":"<p>El titular de la Secretaria de Comunicaciones del Partido de la Liberaci\u00f3n Dominicana (PLD), H\u00e9ctor Olivo y Daris Javier Cuevas , sub secretario de los Asuntos Econ\u00f3micos del PLD, departieron con un grupo de estudiantes del \u00faltimo a\u00f1o del Colegio La Salle de la ciudad capital, interesados en conocer las interioridades del funcionamiento del PLD. [&hellip;]<\/p>\n","protected":false},"author":3,"featured_media":0,"comment_status":"open","ping_status":"open","sticky":false,"template":"","format":"standard","meta":{"footnotes":""},"categories":[22],"tags":[],"class_list":["post-171451","post","type-post","status-publish","format-standard","hentry","category-politica"],"_links":{"self":[{"href":"https:\/\/diariodominicano.com\/index.php?rest_route=\/wp\/v2\/posts\/171451","targetHints":{"allow":["GET"]}}],"collection":[{"href":"https:\/\/diariodominicano.com\/index.php?rest_route=\/wp\/v2\/posts"}],"about":[{"href":"https:\/\/diariodominicano.com\/index.php?rest_route=\/wp\/v2\/types\/post"}],"author":[{"embeddable":true,"href":"https:\/\/diariodominicano.com\/index.php?rest_route=\/wp\/v2\/users\/3"}],"replies":[{"embeddable":true,"href":"https:\/\/diariodominicano.com\/index.php?rest_route=%2Fwp%2Fv2%2Fcomments&post=171451"}],"version-history":[{"count":0,"href":"https:\/\/diariodominicano.com\/index.php?rest_route=\/wp\/v2\/posts\/171451\/revisions"}],"wp:attachment":[{"href":"https:\/\/diariodominicano.com\/index.php?rest_route=%2Fwp%2Fv2%2Fmedia&parent=171451"}],"wp:term":[{"taxonomy":"category","embeddable":true,"href":"https:\/\/diariodominicano.com\/index.php?rest_route=%2Fwp%2Fv2%2Fcategories&post=171451"},{"taxonomy":"post_tag","embeddable":true,"href":"https:\/\/diariodominicano.com\/index.php?rest_route=%2Fwp%2Fv2%2Ftags&post=171451"}],"curies":[{"name":"wp","href":"https:\/\/api.w.org\/{rel}","templated":true}]}}