{"id":171449,"date":"2018-01-24T12:57:21","date_gmt":"2018-01-24T12:57:21","guid":{"rendered":"http:\/\/diariodominicano.ddns.net\/?p=171449"},"modified":"2018-01-24T12:57:21","modified_gmt":"2018-01-24T12:57:21","slug":"alcalde-nelson-guillen-afirma-es-irreversible-traslado-de-mercado-municipal","status":"publish","type":"post","link":"https:\/\/diariodominicano.com\/?p=171449","title":{"rendered":"Alcalde Nelson Guill\u00e9n  afirma es irreversible traslado de Mercado Municipal"},"content":{"rendered":"<p><body><\/p>\n<p><img decoding=\"async\" src=\"img3\/alcale.jpg\" \/>  <\/p>\n<p>\u00abVamos a iniciar una cruzada contra el caos y no descansaremos  hasta que  el Mercado  Municipal  de San Crist\u00f3bal est\u00e9 totalmente desarrabalizado\u00bb, proclam\u00f3 el alcalde Nelson Guill\u00e9n durante una reuni\u00f3n multisectorial para coordinar acciones en  ese sentido.<\/p>\n<\/p>\n<p>El ejecutivo municipal sostuvo que antes de junio entrar\u00e1 en operaci\u00f3n el mercado Don Abelardo Liriano, ubicado en la comunidad de Canastica.<\/p>\n<\/p>\n<p>En el encuentro participaron  representantes del ministerio de Medio Ambiente,   el Instituto Nacional de Tr\u00e1nsito y Transporte Terrestre  (INTRANT),  Proconsumidor, Salud P\u00fablica, Polic\u00eda Nacional, la Direcci\u00f3n General de Seguridad de Tr\u00e1nsito y Transporte Terrestre  (DIGESETT- AMET).<\/p>\n<\/p>\n<p>El pr\u00f3ximo jueves a las tres de la tarde ser\u00e1 realizada una gran asamblea  con representantes de la sociedad civil, las iglesias y otros sectores para socializar el tema.<\/p>\n<\/p>\n<p>Por los niveles de contaminaci\u00f3n e insalubridad imperante en la zona, el ministerio de Salud P\u00fablica dispuso mediante  resoluci\u00f3n el cese de las operaciones del mercado municipal.<\/p>\n<\/p>\n<p>De igual manera, se han hecho reuniones con los mercaderes para  consensuar el traslado.<\/p>\n<\/p>\n<p>Con apertura de las nuevas instalaciones, la poblaci\u00f3n podr\u00e1  contar con productos frescos y de calidad.<\/p>\n<\/p>\n<p>Los representantes de las instituciones manifestaron su disposici\u00f3n de colaborar. <\/p>\n<h6> 2018-01-24 12:57:21 <\/h6>\n<p><!--\n<link rel=\"stylesheet\" href=\"css\/bootstrap.min.css\">\n\n\n<ul class=\"pagination\">\n\t    \n\t\n\n<li >\n\t<a href='?page_no=6753'>Previous<\/a>\n\t<\/li>\n\n\n       \n    \n\n<li><a href='?page_no=1'>1<\/a><\/li>\n\n\n\n<li><a href='?page_no=2'>2<\/a><\/li>\n\n\n\n<li><a>...<\/a><\/li>\n\n\n\n<li><a href='?page_no=6752'>6752<\/a><\/li>\n\n\n\n<li><a href='?page_no=6753'>6753<\/a><\/li>\n\n\n\n<li class='active'><a>6754<\/a><\/li>\n\n\n\n<li><a href='?page_no=6755'>6755<\/a><\/li>\n\n\n\n<li><a href='?page_no=6756'>6756<\/a><\/li>\n\n\n\n<li><a>...<\/a><\/li>\n\n\n\n<li><a href='?page_no=36999'>36999<\/a><\/li>\n\n\n\n<li><a href='?page_no=37000'>37000<\/a><\/li>\n\n    \n\t\n\n<li >\n\t<a href='?page_no=6755'>Next<\/a>\n\t<\/li>\n\n\n    \n\n<li><a href='?page_no=37000'>Last &rsaquo;&rsaquo;<\/a><\/li>\n\n<\/ul>\n\n\n--><br \/>\n<\/body><\/p>\n","protected":false},"excerpt":{"rendered":"<p>\u00abVamos a iniciar una cruzada contra el caos y no descansaremos hasta que el Mercado Municipal de San Crist\u00f3bal est\u00e9 totalmente desarrabalizado\u00bb, proclam\u00f3 el alcalde Nelson Guill\u00e9n durante una reuni\u00f3n multisectorial para coordinar acciones en ese sentido. El ejecutivo municipal sostuvo que antes de junio entrar\u00e1 en operaci\u00f3n el mercado Don Abelardo Liriano, ubicado en [&hellip;]<\/p>\n","protected":false},"author":3,"featured_media":0,"comment_status":"open","ping_status":"open","sticky":false,"template":"","format":"standard","meta":{"footnotes":""},"categories":[22],"tags":[],"class_list":["post-171449","post","type-post","status-publish","format-standard","hentry","category-politica"],"_links":{"self":[{"href":"https:\/\/diariodominicano.com\/index.php?rest_route=\/wp\/v2\/posts\/171449","targetHints":{"allow":["GET"]}}],"collection":[{"href":"https:\/\/diariodominicano.com\/index.php?rest_route=\/wp\/v2\/posts"}],"about":[{"href":"https:\/\/diariodominicano.com\/index.php?rest_route=\/wp\/v2\/types\/post"}],"author":[{"embeddable":true,"href":"https:\/\/diariodominicano.com\/index.php?rest_route=\/wp\/v2\/users\/3"}],"replies":[{"embeddable":true,"href":"https:\/\/diariodominicano.com\/index.php?rest_route=%2Fwp%2Fv2%2Fcomments&post=171449"}],"version-history":[{"count":0,"href":"https:\/\/diariodominicano.com\/index.php?rest_route=\/wp\/v2\/posts\/171449\/revisions"}],"wp:attachment":[{"href":"https:\/\/diariodominicano.com\/index.php?rest_route=%2Fwp%2Fv2%2Fmedia&parent=171449"}],"wp:term":[{"taxonomy":"category","embeddable":true,"href":"https:\/\/diariodominicano.com\/index.php?rest_route=%2Fwp%2Fv2%2Fcategories&post=171449"},{"taxonomy":"post_tag","embeddable":true,"href":"https:\/\/diariodominicano.com\/index.php?rest_route=%2Fwp%2Fv2%2Ftags&post=171449"}],"curies":[{"name":"wp","href":"https:\/\/api.w.org\/{rel}","templated":true}]}}