{"id":171448,"date":"2018-01-24T14:51:28","date_gmt":"2018-01-24T14:51:28","guid":{"rendered":"http:\/\/diariodominicano.ddns.net\/?p=171448"},"modified":"2018-01-24T14:51:28","modified_gmt":"2018-01-24T14:51:28","slug":"relator-ratifico-sentencia-y-elevo-condena-de-expresidente-lula","status":"publish","type":"post","link":"https:\/\/diariodominicano.com\/?p=171448","title":{"rendered":"Relator ratific\u00f3 sentencia y elev\u00f3 condena de expresidente Lula"},"content":{"rendered":"<p><body><\/p>\n<p><span class=\"text1noticias\"> <\/span><\/p>\n<p><span class=\"text1noticias\"> <\/span><\/p>\n<p><span class=\"text1noticias\">Brasilia, 24 ane (PL) El relator del recurso presentado por Luiz In\u00e1cio Lula da Silva contra la pena impuesta por un juez federal en julio \u00faltimo, Joao Pedro Gebran Neto, aument\u00f3 hoy la condena a 12 a\u00f1os y un mes de prisi\u00f3n.<\/span><\/p>\n<p><span class=\"text1noticias\"> <\/span><\/p>\n<p><span class=\"text1noticias\">Al formular su voto ante el Tribunal Regional Federal de la Cuarta Regi\u00f3n (TRF4), en la ciudad de Porto Alegre, Gebran Neto no solo valid\u00f3 la decisi\u00f3n adoptada en primera instancia por el juez Sergio Moro, sino pidi\u00f3, adem\u00e1s, que la sanci\u00f3n se haga efectiva una vez concluidos los recursos que se interpongan ante esa instancia.<\/span><\/p>\n<p><span class=\"text1noticias\"> <\/span><\/p>\n<p><span class=\"text1noticias\">El togado, que desestim\u00f3 todos los alegatos presentados por la defensa, manifest\u00f3 que el caso de Lula difiere de todos los otros juzgados en el \u00e1mbito de la operaci\u00f3n anticorrupci\u00f3n Lava Jato, por lo cual -dijo- &#8216;no se exige que quede demostrada su participaci\u00f3n activa&#8217; en los hechos por los cuales es acusado.<\/span><\/p>\n<p><span class=\"text1noticias\"> <\/span><\/p>\n<p><span class=\"text1noticias\">Seg\u00fan el letrado, hay pruebas &#8216;por encima de lo razonable de que el expresidente fue uno de los articuladores, sino el principal, del esquema de corrupci\u00f3n&#8217; en la estatal Petrobras, del cual result\u00f3 presuntamente beneficiario.<\/span><\/p>\n<p><span class=\"text1noticias\"> <\/span><\/p>\n<p><span class=\"text1noticias\">Lula fue condenado por Moro por los supuestos delitos de corrupci\u00f3n pasiva y lavado de dinero sin que existiera ninguna prueba que confirmara su car\u00e1cter de propietario de un apartamento en el litoral de Sao Paulo, supuestamente adquirido como ventaja indebida por beneficiar a la empresa OAS en la obtenci\u00f3n de contratos con Petrobras.<\/span><\/p>\n<p><span class=\"text1noticias\"> <\/span><\/p>\n<p><span class=\"text1noticias\">Sin embargo, al referirse hoy a la ausencia de elementos probatorios Gebran Neto sostuvo que en este caso lo que da validez a la acusaci\u00f3n es &#8216;la convergencia y coherencia de indicios&#8217; de corrupci\u00f3n, por lo cual las pruebas indirectas adquieren igual valor que las directas.<\/span><\/p>\n<p><span class=\"text1noticias\"> <\/span><\/p>\n<p><span class=\"text1noticias\">Al dar a conocer la integraci\u00f3n de la tr\u00edada del TRF4 encargada de juzgar el recurso presentado por Lula, el portal del Partido de los Trabajadores (PT) record\u00f3 que Gebran Neto &#8216;tiene una amistad que s\u00f3lo crece con Sergio Moro&#8217;, lo cual lo incapacita t\u00e9cnicamente de juzgar un caso en que el juez de Curitiba es una de las partes.<\/span><\/p>\n<p><span class=\"text1noticias\"> <\/span><\/p>\n<p><span class=\"text1noticias\">Al presentar los alegatos de la defensa en el inicio de la sesi\u00f3n, el abogado Cristiano Zanin se refiri\u00f3 a las inconsistencias puestas de manifiesto durante todo el proceso, que consider\u00f3 nulo, y asegur\u00f3 que durante el mismo en vez de comprobarse la culpabilidad de Lula qued\u00f3 demostrada su inocencia.<\/span><\/p>\n<p><span class=\"text1noticias\"> <\/span><\/p>\n<p><span class=\"text1noticias\">Zanin insisti\u00f3 en que hubo un claro cercenamiento de la defensa, y afirm\u00f3 que Sergio Moro &#8216;construy\u00f3 una acusaci\u00f3n propia&#8217; y adem\u00e1s cometi\u00f3 actos con clara finalidad pol\u00edtica.<\/span><\/p>\n<p><span class=\"text1noticias\"> <\/span><\/p>\n<p><span class=\"text1noticias\">Cuando se reanude la sesi\u00f3n del TRF4, ahora en receso, deber\u00e1n presentar sus votos los otros dos desembargadores involucrados en el juzgamiento.<\/span><\/p>\n<h6> 2018-01-24 14:51:28 <\/h6>\n<p><!--\n<link rel=\"stylesheet\" href=\"css\/bootstrap.min.css\">\n\n\n<ul class=\"pagination\">\n\t    \n\t\n\n<li >\n\t<a href='?page_no=6752'>Previous<\/a>\n\t<\/li>\n\n\n       \n    \n\n<li><a href='?page_no=1'>1<\/a><\/li>\n\n\n\n<li><a href='?page_no=2'>2<\/a><\/li>\n\n\n\n<li><a>...<\/a><\/li>\n\n\n\n<li><a href='?page_no=6751'>6751<\/a><\/li>\n\n\n\n<li><a href='?page_no=6752'>6752<\/a><\/li>\n\n\n\n<li class='active'><a>6753<\/a><\/li>\n\n\n\n<li><a href='?page_no=6754'>6754<\/a><\/li>\n\n\n\n<li><a href='?page_no=6755'>6755<\/a><\/li>\n\n\n\n<li><a>...<\/a><\/li>\n\n\n\n<li><a href='?page_no=36999'>36999<\/a><\/li>\n\n\n\n<li><a href='?page_no=37000'>37000<\/a><\/li>\n\n    \n\t\n\n<li >\n\t<a href='?page_no=6754'>Next<\/a>\n\t<\/li>\n\n\n    \n\n<li><a href='?page_no=37000'>Last &rsaquo;&rsaquo;<\/a><\/li>\n\n<\/ul>\n\n\n--><br \/>\n<\/body><\/p>\n","protected":false},"excerpt":{"rendered":"<p>Brasilia, 24 ane (PL) El relator del recurso presentado por Luiz In\u00e1cio Lula da Silva contra la pena impuesta por un juez federal en julio \u00faltimo, Joao Pedro Gebran Neto, aument\u00f3 hoy la condena a 12 a\u00f1os y un mes de prisi\u00f3n. Al formular su voto ante el Tribunal Regional Federal de la Cuarta Regi\u00f3n [&hellip;]<\/p>\n","protected":false},"author":3,"featured_media":0,"comment_status":"open","ping_status":"open","sticky":false,"template":"","format":"standard","meta":{"footnotes":""},"categories":[22],"tags":[],"class_list":["post-171448","post","type-post","status-publish","format-standard","hentry","category-politica"],"_links":{"self":[{"href":"https:\/\/diariodominicano.com\/index.php?rest_route=\/wp\/v2\/posts\/171448","targetHints":{"allow":["GET"]}}],"collection":[{"href":"https:\/\/diariodominicano.com\/index.php?rest_route=\/wp\/v2\/posts"}],"about":[{"href":"https:\/\/diariodominicano.com\/index.php?rest_route=\/wp\/v2\/types\/post"}],"author":[{"embeddable":true,"href":"https:\/\/diariodominicano.com\/index.php?rest_route=\/wp\/v2\/users\/3"}],"replies":[{"embeddable":true,"href":"https:\/\/diariodominicano.com\/index.php?rest_route=%2Fwp%2Fv2%2Fcomments&post=171448"}],"version-history":[{"count":0,"href":"https:\/\/diariodominicano.com\/index.php?rest_route=\/wp\/v2\/posts\/171448\/revisions"}],"wp:attachment":[{"href":"https:\/\/diariodominicano.com\/index.php?rest_route=%2Fwp%2Fv2%2Fmedia&parent=171448"}],"wp:term":[{"taxonomy":"category","embeddable":true,"href":"https:\/\/diariodominicano.com\/index.php?rest_route=%2Fwp%2Fv2%2Fcategories&post=171448"},{"taxonomy":"post_tag","embeddable":true,"href":"https:\/\/diariodominicano.com\/index.php?rest_route=%2Fwp%2Fv2%2Ftags&post=171448"}],"curies":[{"name":"wp","href":"https:\/\/api.w.org\/{rel}","templated":true}]}}