{"id":171447,"date":"2018-01-24T19:13:20","date_gmt":"2018-01-24T19:13:20","guid":{"rendered":"http:\/\/diariodominicano.ddns.net\/?p=171447"},"modified":"2018-01-24T19:13:20","modified_gmt":"2018-01-24T19:13:20","slug":"defensa-de-ex-presidente-brasileno-lula-argumenta-inconsistencias-en-sentencia","status":"publish","type":"post","link":"https:\/\/diariodominicano.com\/?p=171447","title":{"rendered":"Defensa de ex presidente brasile\u00f1o Lula argumenta inconsistencias en sentencia"},"content":{"rendered":"<p><body><\/p>\n<p><img decoding=\"async\" src=\"img3\/136921827_15168375851811n.jpg\" \/>  <\/p>\n<p>SAO BERNARDO DO CAMPO, enero 24, 2018 (Xinhua) &#8212; El ex presidente de Brasil, Luiz In\u00e1cio Lula da Silva, pronuncia un discurso a sus simpatizantes en la sede de la Uni\u00f3n de Trabajadores Metal\u00fargicos mientras el Tribunal Regional Federal toma una decisi\u00f3n sobre una apelaci\u00f3n contra un caso de corrupci\u00f3n que lo imposibilitar\u00eda de contender en las elecciones presidenciales de 2018, en Sao Bernardo do Campo, en las afueras de Sao Paulo, Brasil, el 24 de enero de 2018. El Tribunal Regional Federal de la 4a Regi\u00f3n (TRF-4), con sede en Porto Alegre en el sur de Brasil, inici\u00f3 el mi\u00e9rcoles la sesi\u00f3n en la que debe juzgar el recurso presentado por el ex presidente Luiz In\u00e1cio Lula da Silva (2003-2010) contra la condena de nueve a\u00f1os y medio de prisi\u00f3n por corrupci\u00f3n pasiva y lavado de dinero que recibi\u00f3 en el marco del caso Petrobras. Tres jueces son los encargados de analizar la apelaci\u00f3n presentada por la defensa de Lula, que si es considerado culpable, no podr\u00eda presentarse a las elecciones generales de octubre pr\u00f3ximo, al liderar las intenciones de voto para volver a la presidencia. (Xinhua\/Rahel Patrasso)<\/p>\n<p><strong>RIO DE JANEIRO, 24 ene (Xinhua) &#8212;<\/strong> La defensa del ex presidente de Brasil, Luiz In\u00e1cio Lula da Silva (2003-2010), asegur\u00f3 hoy mi\u00e9rcoles durante el juicio al recurso presentado a la condena a prisi\u00f3n que tiene, que el proceso es nulo y que la sentencia est\u00e1 llena de inconsistencias.<\/p>\n<\/p>\n<p>El abogado Cristiano Zanin, quien representa a Lula ante el Tribunal Regional Federal de la 4a regi\u00f3n (TRF-4) con sede en Porto Alegre en el sur de Brasil, instancia que juzga este mi\u00e9rcoles la apelaci\u00f3n presentada por Lula, asegur\u00f3 que no hubo pruebas periciales en el caso, lo que deber\u00eda suponer la nulidad del proceso.<\/p>\n<\/p>\n<p>\u00abNo fue hecha una prueba pericial, fue deferida, y esto supone la nulidad del proceso\u00bb, dijo el abogado defensor de Lula, quien expuso que \u00abla defensa no tuvo la oportunidad de producir las pruebas que hab\u00eda requerido en el curso de la acci\u00f3n\u00bb.<\/p>\n<\/p>\n<p>Lula fue condenado por el juez federal Sergio Moro, responsable en primera instancia del caso Petrobras, a nueve a\u00f1os y medio de prisi\u00f3n acusado de corrupci\u00f3n pasiva y lavado de dinero.<\/p>\n<\/p>\n<p>La condena fue por haber recibido supuestamente un apartamento en el litoral del estado de Sao Paulo (sureste) de la constructora OAS, a cambio de favorecerla en contratos con la estatal Petrobras.<\/p>\n<\/p>\n<p>Zanin dijo que \u00abel tr\u00edplex no es del ex presidente Lula. Todos saben que siempre perteneci\u00f3 a OAS\u00bb y \u00abqued\u00f3 claro por las pruebas de los autos que \u00e9l jam\u00e1s recibi\u00f3 las llaves, pas\u00f3 un d\u00eda o una noche\u00bb en el apartamento.<\/p>\n<\/p>\n<p>\u00abUn juez no puede crear una nueva acusaci\u00f3n s\u00f3lo para condenar al reo, porque as\u00ed fue preestablecido. Pero esto ocurri\u00f3\u00bb, lament\u00f3 Zanin, para quien Moro, \u00abal dictar la sentencia, construy\u00f3 la acusaci\u00f3n propia\u00bb.<\/p>\n<\/p>\n<p>El defensor expuso que \u00abel juez de primer grado construy\u00f3 una acusaci\u00f3n propia. Dej\u00f3 de lado la denuncia. Lo que se ve en la sentencia es una completa distorsi\u00f3n\u00bb.<\/p>\n<\/p>\n<p>Critic\u00f3 tambi\u00e9n la acusaci\u00f3n de corrupci\u00f3n pasiva contra Lula, al considerar que \u00abel crimen de corrupci\u00f3n pasiva se tipifica cuando el funcionario p\u00fablico recibe una ventaja indebida\u00bb.<\/p>\n<\/p>\n<p>\u00abEntonces es necesario establecer el nexo. Aqu\u00ed en la sentencia, el juez dijo que hubo actos de oficio indeterminados. Significa reconocer que no hay actos de oficios en este proceso. Los cr\u00edmenes no pueden ser fluidos\u00bb, explic\u00f3 el abogado.<\/p>\n<\/p>\n<p>En caso de que Lula da Silva sea condenado por el TRF-4, quedar\u00eda inhabilitado para ser candidato en las elecciones generales de octubre pr\u00f3ximo, luego de que en la actualidad encabeza las intenciones de voto de cara a los comicios de este a\u00f1o.<\/p>\n<h6> 2018-01-24 19:13:20 <\/h6>\n<p><!--\n<link rel=\"stylesheet\" href=\"css\/bootstrap.min.css\">\n\n\n<ul class=\"pagination\">\n\t    \n\t\n\n<li >\n\t<a href='?page_no=6751'>Previous<\/a>\n\t<\/li>\n\n\n       \n    \n\n<li><a href='?page_no=1'>1<\/a><\/li>\n\n\n\n<li><a href='?page_no=2'>2<\/a><\/li>\n\n\n\n<li><a>...<\/a><\/li>\n\n\n\n<li><a href='?page_no=6750'>6750<\/a><\/li>\n\n\n\n<li><a href='?page_no=6751'>6751<\/a><\/li>\n\n\n\n<li class='active'><a>6752<\/a><\/li>\n\n\n\n<li><a href='?page_no=6753'>6753<\/a><\/li>\n\n\n\n<li><a href='?page_no=6754'>6754<\/a><\/li>\n\n\n\n<li><a>...<\/a><\/li>\n\n\n\n<li><a href='?page_no=36999'>36999<\/a><\/li>\n\n\n\n<li><a href='?page_no=37000'>37000<\/a><\/li>\n\n    \n\t\n\n<li >\n\t<a href='?page_no=6753'>Next<\/a>\n\t<\/li>\n\n\n    \n\n<li><a href='?page_no=37000'>Last &rsaquo;&rsaquo;<\/a><\/li>\n\n<\/ul>\n\n\n--><br \/>\n<\/body><\/p>\n","protected":false},"excerpt":{"rendered":"<p>SAO BERNARDO DO CAMPO, enero 24, 2018 (Xinhua) &#8212; El ex presidente de Brasil, Luiz In\u00e1cio Lula da Silva, pronuncia un discurso a sus simpatizantes en la sede de la Uni\u00f3n de Trabajadores Metal\u00fargicos mientras el Tribunal Regional Federal toma una decisi\u00f3n sobre una apelaci\u00f3n contra un caso de corrupci\u00f3n que lo imposibilitar\u00eda de contender [&hellip;]<\/p>\n","protected":false},"author":3,"featured_media":0,"comment_status":"open","ping_status":"open","sticky":false,"template":"","format":"standard","meta":{"footnotes":""},"categories":[22],"tags":[],"class_list":["post-171447","post","type-post","status-publish","format-standard","hentry","category-politica"],"_links":{"self":[{"href":"https:\/\/diariodominicano.com\/index.php?rest_route=\/wp\/v2\/posts\/171447","targetHints":{"allow":["GET"]}}],"collection":[{"href":"https:\/\/diariodominicano.com\/index.php?rest_route=\/wp\/v2\/posts"}],"about":[{"href":"https:\/\/diariodominicano.com\/index.php?rest_route=\/wp\/v2\/types\/post"}],"author":[{"embeddable":true,"href":"https:\/\/diariodominicano.com\/index.php?rest_route=\/wp\/v2\/users\/3"}],"replies":[{"embeddable":true,"href":"https:\/\/diariodominicano.com\/index.php?rest_route=%2Fwp%2Fv2%2Fcomments&post=171447"}],"version-history":[{"count":0,"href":"https:\/\/diariodominicano.com\/index.php?rest_route=\/wp\/v2\/posts\/171447\/revisions"}],"wp:attachment":[{"href":"https:\/\/diariodominicano.com\/index.php?rest_route=%2Fwp%2Fv2%2Fmedia&parent=171447"}],"wp:term":[{"taxonomy":"category","embeddable":true,"href":"https:\/\/diariodominicano.com\/index.php?rest_route=%2Fwp%2Fv2%2Fcategories&post=171447"},{"taxonomy":"post_tag","embeddable":true,"href":"https:\/\/diariodominicano.com\/index.php?rest_route=%2Fwp%2Fv2%2Ftags&post=171447"}],"curies":[{"name":"wp","href":"https:\/\/api.w.org\/{rel}","templated":true}]}}