{"id":171446,"date":"2018-01-24T20:13:57","date_gmt":"2018-01-24T20:13:57","guid":{"rendered":"http:\/\/diariodominicano.ddns.net\/?p=171446"},"modified":"2018-01-24T20:13:57","modified_gmt":"2018-01-24T20:13:57","slug":"tribunal-de-apelaciones-ratifica-condena-contra-ex-presidente-lula","status":"publish","type":"post","link":"https:\/\/diariodominicano.com\/?p=171446","title":{"rendered":"Tribunal de apelaciones ratifica condena contra ex presidente Lula"},"content":{"rendered":"<p><body><\/p>\n<p><img decoding=\"async\" src=\"img3\/Lula-Protesta.jpg\" \/><br \/><img decoding=\"async\" src=\"img3\/136922415_15168473937951n.jpg\" \/><br \/><img decoding=\"async\" src=\"img3\/136922415_1516848457704_title0h.jpg\" \/>  <\/p>\n<\/p>\n<p><strong>   RIO DE JANEIRO, 24 ene (Xinhua) &#8212; <\/strong>El Tribunal Regional Federal de la Cuarta Regi\u00f3n (TRF-4) ratific\u00f3 hoy mi\u00e9rcoles la condena impuesta por el juez federal Sergio Moro al ex presidente de Brasil, Luiz In\u00e1cio Lula da Silva (2003-2010) por corrupci\u00f3n pasiva y lavado de dinero en el caso Petrobras.<\/p>\n<\/p>\n<p>   Los tres jueces del TRF-4, con sede en Porto Alegre (sur del pa\u00eds), optaron por ratificar la condena que recibi\u00f3 Lula por parte del juez Moro el a\u00f1o pasado, en un juicio que dur\u00f3 ocho horas y 15 minutos.<\/p>\n<\/p>\n<p>   Los jueces optaron adem\u00e1s por aumentar de nueve a\u00f1os y seis meses la condena en primera instancia contra Lula, a 12 a\u00f1os y un mes, la cual empezar\u00e1 a cumplir en r\u00e9gimen cerrado una vez se agoten los recursos que puede presentar su defensa en el mismo tribunal.<\/p>\n<\/p>\n<p>   Lula est\u00e1 acusado de recibir un departamento tr\u00edplex en el litoral del estado de Sao Paulo (sureste) a manos de la constructora OAS, a cambio de favorecerla con contratos con la estatal Petr\u00f3leo Brasile\u00f1o S.A. (Petrobras). <\/p>\n<\/p>\n<p>   Como la decisi\u00f3n fue un\u00e1nime (3-0), el \u00fanico recurso en el tribunal de apelaciones que puede presentar la defensa son los llamados embargos de declaraci\u00f3n, que no pueden revertir la condena, pero s\u00ed esclarecer ambig\u00fcedades, puntos obscuros, contradicciones o omisiones. <\/p>\n<\/p>\n<p>   La defensa de Lula puede buscar la absoluci\u00f3n de su cliente en instancias superiores, como el Tribunal Superior de Justicia o el Supremo Tribunal Federal. <\/p>\n<\/p>\n<p>   La decisi\u00f3n no impide, pero s\u00ed dificulta la candidatura de Lula, de cara a las elecciones presidenciales de este a\u00f1o, en las que lidera todas las encuestas.<\/p>\n<\/p>\n<p>   Su candidatura debe ser autorizada ahora por el Tribunal Superior Electoral.<\/p>\n<\/p>\n<p>   Aunque el ex presidente sigue declar\u00e1ndose inocente y su defensa intent\u00f3 exculparlo de las acusaciones, los tres magistrados del tribunal de apelaciones acusaron a Lula de \u00abhaberse dejado corromper\u00bb y de formar parte de un organigrama delictivo del que se beneficiaron altos cargos del gobierno. <\/p>\n<\/p>\n<p>   \u00abNo hay duda. Numerosas facturas, declaraciones y mensajes entre ejecutivos muestran que el inmueble estaba siendo preparado para el ex presidente\u00bb, dijo el fiscal Maur\u00edcio Gerum, quien agreg\u00f3 que \u00abera imposible que Lula desconociera el pago de sobornos en Petrobras\u00bb. <\/p>\n<\/p>\n<p>   Por su parte, el juez y presidente del TRF-4, Leandro Paulsen, asegur\u00f3 que \u00abLula se benefici\u00f3 personal y directamente con parte de los sobornos que recibi\u00f3 el Partido de los Trabajadores (PT)\u00bb por la adjudicaci\u00f3n irregular de contratos de Petrobras. <\/p>\n<\/p>\n<p>   El magistrado e instructor del caso, Joao Pedro Gebran Neto, afirm\u00f3 que \u00abhay prueba, encima de lo razonable, de que Lula fue uno de los articuladores, si no el principal, de la trama de corrupci\u00f3n\u00bb en Petrobras, y justific\u00f3 su decisi\u00f3n de aumentar la condena a 12 a\u00f1os y un mes. <\/p>\n<\/p>\n<p>   \u00abConsidero que la culpabilidad es extremadamente elevada trat\u00e1ndose del ex presidente\u00bb, justific\u00f3 el magistrado y agreg\u00f3 que la \u00abgravedad\u00bb de los delitos cometidos exige una \u00abpena mayor\u00bb. <\/p>\n<\/p>\n<p>   El tercer magistrado, Victor Laus, dijo que \u00abera esperada una actitud absolutamente diferente (&#8230;) consciente de los hechos que suced\u00edan en su entorno, deber\u00eda haber tomado medidas y nosotros sabemos que no se hizo as\u00ed y se qued\u00f3 en silencio (&#8230;) Son hechos lamentables, hechos que manchan la biograf\u00eda de su excelencia\u00bb. <\/p>\n<\/p>\n<p>   La defensa de Lula, encabezada por el abogado Cristiano Zanin, critic\u00f3 al juez Sergio Moro y dijo que no existen pruebas de que el dinero obtenido por OAS en contratos con Petrobras fuera destinado al departamento.<\/p>\n<\/p>\n<p>   Zanin afirm\u00f3 que Moro hizo \u00abuna completa distorsi\u00f3n en cuanto al origen de la supuesta ventaja indebida\u00bb. <\/p>\n<\/p>\n<p>   La decisi\u00f3n del tribunal de apelaciones pone contra las cuerdas al PT, que tiene en Lula a su \u00fanico aspirante de cara a las elecciones de octubre, por lo que deber\u00e1 decidir ahora si se arriesga a seguir con Lula, con el peligro de que sea detenido por la condena, o apuesta por otro candidato con una popularidad por debajo a la del ex mandatario. Fin<\/p>\n<\/p>\n<h6> 2018-01-24 20:13:57 <\/h6>\n<p><!--\n<link rel=\"stylesheet\" href=\"css\/bootstrap.min.css\">\n\n\n<ul class=\"pagination\">\n\t    \n\t\n\n<li >\n\t<a href='?page_no=6750'>Previous<\/a>\n\t<\/li>\n\n\n       \n    \n\n<li><a href='?page_no=1'>1<\/a><\/li>\n\n\n\n<li><a href='?page_no=2'>2<\/a><\/li>\n\n\n\n<li><a>...<\/a><\/li>\n\n\n\n<li><a href='?page_no=6749'>6749<\/a><\/li>\n\n\n\n<li><a href='?page_no=6750'>6750<\/a><\/li>\n\n\n\n<li class='active'><a>6751<\/a><\/li>\n\n\n\n<li><a href='?page_no=6752'>6752<\/a><\/li>\n\n\n\n<li><a href='?page_no=6753'>6753<\/a><\/li>\n\n\n\n<li><a>...<\/a><\/li>\n\n\n\n<li><a href='?page_no=36999'>36999<\/a><\/li>\n\n\n\n<li><a href='?page_no=37000'>37000<\/a><\/li>\n\n    \n\t\n\n<li >\n\t<a href='?page_no=6752'>Next<\/a>\n\t<\/li>\n\n\n    \n\n<li><a href='?page_no=37000'>Last &rsaquo;&rsaquo;<\/a><\/li>\n\n<\/ul>\n\n\n--><br \/>\n<\/body><\/p>\n","protected":false},"excerpt":{"rendered":"<p>RIO DE JANEIRO, 24 ene (Xinhua) &#8212; El Tribunal Regional Federal de la Cuarta Regi\u00f3n (TRF-4) ratific\u00f3 hoy mi\u00e9rcoles la condena impuesta por el juez federal Sergio Moro al ex presidente de Brasil, Luiz In\u00e1cio Lula da Silva (2003-2010) por corrupci\u00f3n pasiva y lavado de dinero en el caso Petrobras. Los tres jueces del TRF-4, [&hellip;]<\/p>\n","protected":false},"author":3,"featured_media":0,"comment_status":"open","ping_status":"open","sticky":false,"template":"","format":"standard","meta":{"footnotes":""},"categories":[22],"tags":[],"class_list":["post-171446","post","type-post","status-publish","format-standard","hentry","category-politica"],"_links":{"self":[{"href":"https:\/\/diariodominicano.com\/index.php?rest_route=\/wp\/v2\/posts\/171446","targetHints":{"allow":["GET"]}}],"collection":[{"href":"https:\/\/diariodominicano.com\/index.php?rest_route=\/wp\/v2\/posts"}],"about":[{"href":"https:\/\/diariodominicano.com\/index.php?rest_route=\/wp\/v2\/types\/post"}],"author":[{"embeddable":true,"href":"https:\/\/diariodominicano.com\/index.php?rest_route=\/wp\/v2\/users\/3"}],"replies":[{"embeddable":true,"href":"https:\/\/diariodominicano.com\/index.php?rest_route=%2Fwp%2Fv2%2Fcomments&post=171446"}],"version-history":[{"count":0,"href":"https:\/\/diariodominicano.com\/index.php?rest_route=\/wp\/v2\/posts\/171446\/revisions"}],"wp:attachment":[{"href":"https:\/\/diariodominicano.com\/index.php?rest_route=%2Fwp%2Fv2%2Fmedia&parent=171446"}],"wp:term":[{"taxonomy":"category","embeddable":true,"href":"https:\/\/diariodominicano.com\/index.php?rest_route=%2Fwp%2Fv2%2Fcategories&post=171446"},{"taxonomy":"post_tag","embeddable":true,"href":"https:\/\/diariodominicano.com\/index.php?rest_route=%2Fwp%2Fv2%2Ftags&post=171446"}],"curies":[{"name":"wp","href":"https:\/\/api.w.org\/{rel}","templated":true}]}}