{"id":171445,"date":"2018-01-24T22:39:09","date_gmt":"2018-01-24T22:39:09","guid":{"rendered":"http:\/\/diariodominicano.ddns.net\/?p=171445"},"modified":"2018-01-24T22:39:09","modified_gmt":"2018-01-24T22:39:09","slug":"soberania-de-brasil-esta-en-juego-dice-lula-tras-ratificacion-de-condena","status":"publish","type":"post","link":"https:\/\/diariodominicano.com\/?p=171445","title":{"rendered":"Soberan\u00eda de Brasil \u00abest\u00e1 en juego\u00bb, dice Lula tras ratificaci\u00f3n de condena"},"content":{"rendered":"<p><body><\/p>\n<p><img decoding=\"async\" src=\"img3\/Lula-Protesta.jpg\" \/>  <\/p>\n<p><strong> <\/strong><\/p>\n<p><strong>   BRASILIA, 24 ene (Xinhua) &#8212;<\/strong> El ex presidente de Brasil, Luiz In\u00e1cio Lula da Silva, afirm\u00f3 hoy, tras conocer la ratificaci\u00f3n de su condena por una corte de apelaci\u00f3n, que lo que est\u00e1 en juego es la soberan\u00eda del pa\u00eds y que el que estuvo en el banco de los acusados fue el pueblo brasile\u00f1o.<\/p>\n<\/p>\n<p>   En un acto en la Plaza de la Rep\u00fablica, en Sao Paulo, ante una multitud estimada por los organizadores en 50.000 personas, Lula dijo que todo lo que ocurre es para impedir su candidatura presidencial, pero \u00abvamos a volver para cuidar de los trabajadores y de los pobres\u00bb.<\/p>\n<\/p>\n<p>   Este mi\u00e9rcoles, el Tribunal Regional Federal de la 4\u00aa Regi\u00f3n (TRF-4), con sede en Porto Alegre, ratific\u00f3 por unanimidad la condena de Lula por corrupci\u00f3n pasiva y lavado de dinero y elev\u00f3 la pena de nueve a\u00f1os y seis meses, a 12 a\u00f1os y un mes de prisi\u00f3n, adem\u00e1s de una multa.<\/p>\n<\/p>\n<p>   \u00abEsto no es un acto en defensa de Lula, es un acto en defensa de la soberan\u00eda nacional, este es un acto en defensa de Brasil\u00bb, enfatiz\u00f3.<\/p>\n<\/p>\n<p>   El ex presidente dijo que nunca tuvo ilusi\u00f3n en el comportamiento del Tribunal de Porto Alegre ni en los jueces, porque \u00abhubo un pacto entre el Poder Judicial y la prensa que decidieron que hab\u00eda que acabar con el PT (Partido de los Trabajadores)\u00bb.<\/p>\n<\/p>\n<p>   \u00abNo acepto la mentira por la cual tomaron la decisi\u00f3n. Me dispondr\u00eda a estar con los tres jueces un d\u00eda entero para que muestren cu\u00e1l es el delito que comet\u00ed. Quiero que pidan disculpas por las mentiras que est\u00e1n contando desde hace a\u00f1os\u00bb, afirm\u00f3.<\/p>\n<\/p>\n<p>   Seg\u00fan el ex mandatario, la elite brasile\u00f1a \u00abno soport\u00f3 m\u00e1s el ascenso social de la clase trabajadora en este pa\u00eds\u00bb.<\/p>\n<\/p>\n<p>   \u00abNo quiero que nadie est\u00e9 preocupado s\u00f3lo por Lula, quiero que tengamos una preocupaci\u00f3n con millones de brasile\u00f1os y sobre todo con aquellos que trabajan y viven de salario en este pa\u00eds. Quiero que sepan que todo tiende a empeorar cuando ellos consagren la reforma de pensiones (del gobierno de Michel Temer)\u00bb, afirm\u00f3.<\/p>\n<\/p>\n<p>   Agreg\u00f3 que la masa salarial se est\u00e1 reduciendo y que hay una p\u00e9rdida de derechos hist\u00f3ricos de los trabajadores.<\/p>\n<\/p>\n<p>   \u00abEl trabajo formal va a dejar de existir, s\u00f3lo va a haber trabajo intermitente, vamos a perder derechos que conseguimos a\u00f1os atr\u00e1s. El que est\u00e1 condenado en el banco de los reos es el pueblo brasile\u00f1o\u00bb, alert\u00f3.<\/p>\n<\/p>\n<p>   \u00abEllos tienen que saber de una vez por todas que Lula es insignificante. Lo grande en este pa\u00eds es la conciencia pol\u00edtica del pueblo brasile\u00f1o\u00bb, subray\u00f3.<\/p>\n<\/p>\n<p>   \u00abNunca toleraron que un casi analfabeto, un metal\u00fargico haya hecho el gobierno que dio m\u00e1s aumento de salarios, que m\u00e1s distribuy\u00f3 tierra. Fueron esas conquistas las que fueron juzgadas hoy\u00bb, enfatiz\u00f3. <\/p>\n<\/p>\n<p>   Que sepan que no pueden sacar eso de la conciencia de la sociedad brasile\u00f1a\u00bb, agreg\u00f3.<\/p>\n<\/p>\n<p>   \u00abPueden casar (parar) mi derecho de ser candidato, ahora, pero quiero disputar con ellos la conciencia del pueblo brasile\u00f1o, qu\u00e9 es lo que est\u00e1 en su cabeza. Que ellos se preparen, porque vamos a volver para cuidar de los trabajadores, las mujeres, los negros, los indios\u00bb, dijo.<\/p>\n<\/p>\n<p>   \u00abQue esperen porque nosotros vamos a volver para que este pa\u00eds vuelva ser respetado, y este pa\u00eds va a mostrar que el pueblo pobre no es problema, el pueblo pobre es la soluci\u00f3n\u00bb, expres\u00f3.<\/p>\n<\/p>\n<p>   Lula dijo adem\u00e1s que el pr\u00f3ximo viernes pretende embarcar para Etiop\u00eda, donde abordar\u00e1 las experiencias brasile\u00f1as en el combate al hambre. Fin<\/p>\n<\/p>\n<h6> 2018-01-24 22:39:09 <\/h6>\n<p><!--\n<link rel=\"stylesheet\" href=\"css\/bootstrap.min.css\">\n\n\n<ul class=\"pagination\">\n\t    \n\t\n\n<li >\n\t<a href='?page_no=6749'>Previous<\/a>\n\t<\/li>\n\n\n       \n    \n\n<li><a href='?page_no=1'>1<\/a><\/li>\n\n\n\n<li><a href='?page_no=2'>2<\/a><\/li>\n\n\n\n<li><a>...<\/a><\/li>\n\n\n\n<li><a href='?page_no=6748'>6748<\/a><\/li>\n\n\n\n<li><a href='?page_no=6749'>6749<\/a><\/li>\n\n\n\n<li class='active'><a>6750<\/a><\/li>\n\n\n\n<li><a href='?page_no=6751'>6751<\/a><\/li>\n\n\n\n<li><a href='?page_no=6752'>6752<\/a><\/li>\n\n\n\n<li><a>...<\/a><\/li>\n\n\n\n<li><a href='?page_no=36999'>36999<\/a><\/li>\n\n\n\n<li><a href='?page_no=37000'>37000<\/a><\/li>\n\n    \n\t\n\n<li >\n\t<a href='?page_no=6751'>Next<\/a>\n\t<\/li>\n\n\n    \n\n<li><a href='?page_no=37000'>Last &rsaquo;&rsaquo;<\/a><\/li>\n\n<\/ul>\n\n\n--><br \/>\n<\/body><\/p>\n","protected":false},"excerpt":{"rendered":"<p>BRASILIA, 24 ene (Xinhua) &#8212; El ex presidente de Brasil, Luiz In\u00e1cio Lula da Silva, afirm\u00f3 hoy, tras conocer la ratificaci\u00f3n de su condena por una corte de apelaci\u00f3n, que lo que est\u00e1 en juego es la soberan\u00eda del pa\u00eds y que el que estuvo en el banco de los acusados fue el pueblo brasile\u00f1o. [&hellip;]<\/p>\n","protected":false},"author":3,"featured_media":0,"comment_status":"open","ping_status":"open","sticky":false,"template":"","format":"standard","meta":{"footnotes":""},"categories":[22],"tags":[],"class_list":["post-171445","post","type-post","status-publish","format-standard","hentry","category-politica"],"_links":{"self":[{"href":"https:\/\/diariodominicano.com\/index.php?rest_route=\/wp\/v2\/posts\/171445","targetHints":{"allow":["GET"]}}],"collection":[{"href":"https:\/\/diariodominicano.com\/index.php?rest_route=\/wp\/v2\/posts"}],"about":[{"href":"https:\/\/diariodominicano.com\/index.php?rest_route=\/wp\/v2\/types\/post"}],"author":[{"embeddable":true,"href":"https:\/\/diariodominicano.com\/index.php?rest_route=\/wp\/v2\/users\/3"}],"replies":[{"embeddable":true,"href":"https:\/\/diariodominicano.com\/index.php?rest_route=%2Fwp%2Fv2%2Fcomments&post=171445"}],"version-history":[{"count":0,"href":"https:\/\/diariodominicano.com\/index.php?rest_route=\/wp\/v2\/posts\/171445\/revisions"}],"wp:attachment":[{"href":"https:\/\/diariodominicano.com\/index.php?rest_route=%2Fwp%2Fv2%2Fmedia&parent=171445"}],"wp:term":[{"taxonomy":"category","embeddable":true,"href":"https:\/\/diariodominicano.com\/index.php?rest_route=%2Fwp%2Fv2%2Fcategories&post=171445"},{"taxonomy":"post_tag","embeddable":true,"href":"https:\/\/diariodominicano.com\/index.php?rest_route=%2Fwp%2Fv2%2Ftags&post=171445"}],"curies":[{"name":"wp","href":"https:\/\/api.w.org\/{rel}","templated":true}]}}