{"id":171443,"date":"2018-01-24T22:43:51","date_gmt":"2018-01-24T22:43:51","guid":{"rendered":"http:\/\/diariodominicano.ddns.net\/?p=171443"},"modified":"2018-01-24T22:43:51","modified_gmt":"2018-01-24T22:43:51","slug":"afirma-defensa-de-lula-que-juicio-fue-farsa-legal-enmascarada-como-justicia","status":"publish","type":"post","link":"https:\/\/diariodominicano.com\/?p=171443","title":{"rendered":"Afirma defensa de Lula que juicio fue \u00abfarsa legal enmascarada como justicia\u00bb"},"content":{"rendered":"<p><body><\/p>\n<p><img decoding=\"async\" src=\"img3\/136921827_15168375851811n.jpg\" \/>  <\/p>\n<\/p>\n<p><strong> <\/strong><\/p>\n<p><strong>   BRASILIA, 24 ene (Xinhua) &#8212;<\/strong> Los abogados del ex presidente brasile\u00f1o Luiz In\u00e1cio Lula da Silva afirmaron hoy mi\u00e9rcoles, tras la condena en segunda instancia del ex mandatario, que el juicio fue desde un principio \u00abuna farsa legal enmascarada como justicia\u00bb, y que remitir\u00e1n el caso al Comit\u00e9 de Derechos Humanos de las Naciones Unidas.<\/p>\n<\/p>\n<p>   Esta tarde, el Tribunal Regional Federal de la 4\u00aa Regi\u00f3n (TRF-4), en Porto Alegre, ratific\u00f3 por unanimidad la condena de Lula da Silva por corrupci\u00f3n pasiva y lavado de dinero, elevando la pena a 12 a\u00f1os y un mes de prisi\u00f3n y multa.<\/p>\n<\/p>\n<p>   En un comunicado, los abogados del ex presidente, Cristiano Zanin Martins y Valeska Teixeira Zanin Martins afirmaron que se trat\u00f3 de un juicio de naturaleza pol\u00edtica.<\/p>\n<\/p>\n<p>   \u00abEl presidente Lula ha sido sometido a un proceso pol\u00edtico y condena. Este veredicto no es seguro y es un error judicial, y continuaremos luchando con esta convicci\u00f3n pol\u00edtica\u00bb, indicaron.<\/p>\n<\/p>\n<p>   \u00abUn juez de campa\u00f1a decidi\u00f3 investigarlo, enjuiciarlo y declararlo culpable sin pruebas. Hoy, tres jueces han elegido ignorar las pruebas de inocencia y el estado de derecho. Al hacerlo, han desencadenado una crisis de confianza en el estado de derecho\u00bb, agregaron.<\/p>\n<\/p>\n<p>   Seg\u00fan los abogados, en el proceso se mostr\u00f3 la imposibilidad de que Lula da Silva recibiera un juicio justo.<\/p>\n<\/p>\n<p>   \u00abTodo el proceso desde el principio ha sido una farsa legal enmascarada como justicia. Los derechos humanos b\u00e1sicos de Lula han sido violados y todos sus recursos legales internos est\u00e1n cerrados, y estamos remitiendo las acciones y decisiones de este tribunal al Comit\u00e9 de Derechos Humanos de las Naciones Unidas\u00bb, se\u00f1alaron.<\/p>\n<\/p>\n<p>   La nota afirm\u00f3 que s\u00f3lo pidieron que fuera tratado de manera igualitaria e imparcial ante la ley, pero que el Poder Judicial no pudo proteger \u00ablos derechos legales y humanos b\u00e1sicos de Lula\u00bb.<\/p>\n<\/p>\n<p>   \u00abEl veredicto de hoy tiene una consecuencia mayor que la de un solo hombre: esto afecta a todos los brasile\u00f1os. Las acciones de la judicatura han da\u00f1ado a nuestro pa\u00eds y averg\u00fcenzan a Brasil dentro de la comunidad internacional. Es un d\u00eda triste para quienes defienden la democracia y el estado de derecho\u00bb, enfatizaron.<\/p>\n<\/p>\n<p>   \u00abContinuaremos luchando contra esta convicci\u00f3n pol\u00edtica, y ganaremos esta lucha, no s\u00f3lo para Lula, sino para todos los brasile\u00f1os que creen que el estado de derecho y la democracia deben prevalecer\u00bb, concluy\u00f3 la nota.<\/p>\n<\/p>\n<p>   La expectativa es que a partir de la condena, la defensa presente recursos en los pr\u00f3ximos d\u00edas ante el TRF-4, y posteriormente ante el Superior Tribunal de Justicia (STJ). Fin<\/p>\n<\/p>\n<h6> 2018-01-24 22:43:51 <\/h6>\n<p><!--\n<link rel=\"stylesheet\" href=\"css\/bootstrap.min.css\">\n\n\n<ul class=\"pagination\">\n\t    \n\t\n\n<li >\n\t<a href='?page_no=6748'>Previous<\/a>\n\t<\/li>\n\n\n       \n    \n\n<li><a href='?page_no=1'>1<\/a><\/li>\n\n\n\n<li><a href='?page_no=2'>2<\/a><\/li>\n\n\n\n<li><a>...<\/a><\/li>\n\n\n\n<li><a href='?page_no=6747'>6747<\/a><\/li>\n\n\n\n<li><a href='?page_no=6748'>6748<\/a><\/li>\n\n\n\n<li class='active'><a>6749<\/a><\/li>\n\n\n\n<li><a href='?page_no=6750'>6750<\/a><\/li>\n\n\n\n<li><a href='?page_no=6751'>6751<\/a><\/li>\n\n\n\n<li><a>...<\/a><\/li>\n\n\n\n<li><a href='?page_no=36999'>36999<\/a><\/li>\n\n\n\n<li><a href='?page_no=37000'>37000<\/a><\/li>\n\n    \n\t\n\n<li >\n\t<a href='?page_no=6750'>Next<\/a>\n\t<\/li>\n\n\n    \n\n<li><a href='?page_no=37000'>Last &rsaquo;&rsaquo;<\/a><\/li>\n\n<\/ul>\n\n\n--><br \/>\n<\/body><\/p>\n","protected":false},"excerpt":{"rendered":"<p>BRASILIA, 24 ene (Xinhua) &#8212; Los abogados del ex presidente brasile\u00f1o Luiz In\u00e1cio Lula da Silva afirmaron hoy mi\u00e9rcoles, tras la condena en segunda instancia del ex mandatario, que el juicio fue desde un principio \u00abuna farsa legal enmascarada como justicia\u00bb, y que remitir\u00e1n el caso al Comit\u00e9 de Derechos Humanos de las Naciones Unidas. [&hellip;]<\/p>\n","protected":false},"author":3,"featured_media":0,"comment_status":"open","ping_status":"open","sticky":false,"template":"","format":"standard","meta":{"footnotes":""},"categories":[22],"tags":[],"class_list":["post-171443","post","type-post","status-publish","format-standard","hentry","category-politica"],"_links":{"self":[{"href":"https:\/\/diariodominicano.com\/index.php?rest_route=\/wp\/v2\/posts\/171443","targetHints":{"allow":["GET"]}}],"collection":[{"href":"https:\/\/diariodominicano.com\/index.php?rest_route=\/wp\/v2\/posts"}],"about":[{"href":"https:\/\/diariodominicano.com\/index.php?rest_route=\/wp\/v2\/types\/post"}],"author":[{"embeddable":true,"href":"https:\/\/diariodominicano.com\/index.php?rest_route=\/wp\/v2\/users\/3"}],"replies":[{"embeddable":true,"href":"https:\/\/diariodominicano.com\/index.php?rest_route=%2Fwp%2Fv2%2Fcomments&post=171443"}],"version-history":[{"count":0,"href":"https:\/\/diariodominicano.com\/index.php?rest_route=\/wp\/v2\/posts\/171443\/revisions"}],"wp:attachment":[{"href":"https:\/\/diariodominicano.com\/index.php?rest_route=%2Fwp%2Fv2%2Fmedia&parent=171443"}],"wp:term":[{"taxonomy":"category","embeddable":true,"href":"https:\/\/diariodominicano.com\/index.php?rest_route=%2Fwp%2Fv2%2Fcategories&post=171443"},{"taxonomy":"post_tag","embeddable":true,"href":"https:\/\/diariodominicano.com\/index.php?rest_route=%2Fwp%2Fv2%2Ftags&post=171443"}],"curies":[{"name":"wp","href":"https:\/\/api.w.org\/{rel}","templated":true}]}}