{"id":171442,"date":"2018-01-25T00:00:08","date_gmt":"2018-01-25T00:00:08","guid":{"rendered":"http:\/\/diariodominicano.ddns.net\/?p=171442"},"modified":"2018-01-25T00:00:08","modified_gmt":"2018-01-25T00:00:08","slug":"no-bajen-la-cabeza-nunca-pide-lula-a-brasilenos","status":"publish","type":"post","link":"https:\/\/diariodominicano.com\/?p=171442","title":{"rendered":"No bajen la cabeza nunca, pide Lula a brasile\u00f1os"},"content":{"rendered":"<p><body><\/p>\n<p><img decoding=\"async\" src=\"img3\/Lula-Protesta.jpg\" \/>  <\/p>\n<p><strong> Brasilia, 24 ene (PL) <\/strong>El expresidente de Brasil Luiz In\u00e1cio Lula da Silva, pidi\u00f3 hoy a sus compatriotas que no bajen la cabeza nunca ni se desanimen y advirti\u00f3 que hay quienes creen err\u00f3neamente que prendi\u00e9ndolo a \u00e9l terminar\u00e1 la lucha.<\/p>\n<\/p>\n<p>Quieren quitarnos el derecho a so\u00f1ar, a ser felices, a tener esperanza, dijo el fundador del Partido de los Trabajadores (PT) a unas 50 mil personas congregadas en la Plaza de la Rep\u00fablica de la populosa urbe de Sao Paulo, en un acto en defensa de la democracia y del derecho de Lula a contender en las pr\u00f3ximas elecciones presidenciales.<\/p>\n<\/p>\n<p>Refiri\u00e9ndose a la decisi\u00f3n del Tribunal Regional Federal de la Cuarta Regi\u00f3n (TRF4), que hoy aprob\u00f3 por unanimidad mantener e incluso aumentar la condena dictada contra \u00e9l en julio pasado por el juez Sergio Moro, asever\u00f3 que &#8216;nunca tuve ninguna ilusi\u00f3n&#8217; con la decisi\u00f3n de ese \u00f3rgano y con el comportamiento de los tres jueces actuantes.<\/p>\n<\/p>\n<p>&#8216;La decisi\u00f3n la respeto porque es de ellos; pero lo que no acepto es la mentira en la cual se basaron para tomarla&#8217;, dijo y exigi\u00f3 que digan cu\u00e1l fue el delito que cometi\u00f3.<\/p>\n<\/p>\n<p>Como antes desafi\u00e9 al Ministerio P\u00fablico de la operaci\u00f3n Lava Jato, a la polic\u00eda federal y al juez Moro, ahora estoy desafiando a esos tres jueces a que presenten un \u00fanico delito que yo haya cometido, remarc\u00f3.<\/p>\n<\/p>\n<p>Lula afirm\u00f3 asimismo que aun cuando quien estaba sentado hoy en el banquillo de los acusados era \u00e9l, quien ya fue condenado es el pueblo brasile\u00f1o con el golpe (perpetrado contra la presidenta constitucional Dilma Rousseff) y que est\u00e1 acabando con las conquistas de los gobiernos petistas, sobre todo en el \u00e1rea educacional.<\/p>\n<\/p>\n<p>El exmandatario sostuvo tambi\u00e9n que el manifiesto inter\u00e9s de las \u00e9lites brasile\u00f1as por apartarlo de la contienda presidencial de octubre pr\u00f3ximo constituye una provocaci\u00f3n de tal envergadura &#8216;que ahora s\u00ed quiero ser candidato&#8217;.<\/p>\n<\/p>\n<p>Vamos a regresar para probar una vez m\u00e1s que el pueblo pobre no es un problema, sino la soluci\u00f3n para este pa\u00eds, manifest\u00f3 el l\u00edder hist\u00f3rico, quien reclam\u00f3 adem\u00e1s que no se preocupen por \u00e9l, sino por lo que est\u00e1 sucediendo con los millones de brasile\u00f1os que viven de su salario.<\/p>\n<\/p>\n<p>Las cosas, advirti\u00f3, van a empeorar si se aprueba la reforma del sistema de pensiones; el trabajo con contrato desaparecer\u00e1 y ser\u00e1 suplido por el trabajo intermitente y mal remunerado.<\/p>\n<\/p>\n<p>Por \u00faltimo, adelant\u00f3 su decisi\u00f3n de continuar recorriendo el pa\u00eds en la que defini\u00f3 como una caminata por la libertad, la democracia y los derechos del pueblo trabajador.<\/p>\n<h6> 2018-01-25 00:00:08 <\/h6>\n<p><!--\n<link rel=\"stylesheet\" href=\"css\/bootstrap.min.css\">\n\n\n<ul class=\"pagination\">\n\t    \n\t\n\n<li >\n\t<a href='?page_no=6747'>Previous<\/a>\n\t<\/li>\n\n\n       \n    \n\n<li><a href='?page_no=1'>1<\/a><\/li>\n\n\n\n<li><a href='?page_no=2'>2<\/a><\/li>\n\n\n\n<li><a>...<\/a><\/li>\n\n\n\n<li><a href='?page_no=6746'>6746<\/a><\/li>\n\n\n\n<li><a href='?page_no=6747'>6747<\/a><\/li>\n\n\n\n<li class='active'><a>6748<\/a><\/li>\n\n\n\n<li><a href='?page_no=6749'>6749<\/a><\/li>\n\n\n\n<li><a href='?page_no=6750'>6750<\/a><\/li>\n\n\n\n<li><a>...<\/a><\/li>\n\n\n\n<li><a href='?page_no=36999'>36999<\/a><\/li>\n\n\n\n<li><a href='?page_no=37000'>37000<\/a><\/li>\n\n    \n\t\n\n<li >\n\t<a href='?page_no=6749'>Next<\/a>\n\t<\/li>\n\n\n    \n\n<li><a href='?page_no=37000'>Last &rsaquo;&rsaquo;<\/a><\/li>\n\n<\/ul>\n\n\n--><br \/>\n<\/body><\/p>\n","protected":false},"excerpt":{"rendered":"<p>Brasilia, 24 ene (PL) El expresidente de Brasil Luiz In\u00e1cio Lula da Silva, pidi\u00f3 hoy a sus compatriotas que no bajen la cabeza nunca ni se desanimen y advirti\u00f3 que hay quienes creen err\u00f3neamente que prendi\u00e9ndolo a \u00e9l terminar\u00e1 la lucha. Quieren quitarnos el derecho a so\u00f1ar, a ser felices, a tener esperanza, dijo el [&hellip;]<\/p>\n","protected":false},"author":3,"featured_media":0,"comment_status":"open","ping_status":"open","sticky":false,"template":"","format":"standard","meta":{"footnotes":""},"categories":[22],"tags":[],"class_list":["post-171442","post","type-post","status-publish","format-standard","hentry","category-politica"],"_links":{"self":[{"href":"https:\/\/diariodominicano.com\/index.php?rest_route=\/wp\/v2\/posts\/171442","targetHints":{"allow":["GET"]}}],"collection":[{"href":"https:\/\/diariodominicano.com\/index.php?rest_route=\/wp\/v2\/posts"}],"about":[{"href":"https:\/\/diariodominicano.com\/index.php?rest_route=\/wp\/v2\/types\/post"}],"author":[{"embeddable":true,"href":"https:\/\/diariodominicano.com\/index.php?rest_route=\/wp\/v2\/users\/3"}],"replies":[{"embeddable":true,"href":"https:\/\/diariodominicano.com\/index.php?rest_route=%2Fwp%2Fv2%2Fcomments&post=171442"}],"version-history":[{"count":0,"href":"https:\/\/diariodominicano.com\/index.php?rest_route=\/wp\/v2\/posts\/171442\/revisions"}],"wp:attachment":[{"href":"https:\/\/diariodominicano.com\/index.php?rest_route=%2Fwp%2Fv2%2Fmedia&parent=171442"}],"wp:term":[{"taxonomy":"category","embeddable":true,"href":"https:\/\/diariodominicano.com\/index.php?rest_route=%2Fwp%2Fv2%2Fcategories&post=171442"},{"taxonomy":"post_tag","embeddable":true,"href":"https:\/\/diariodominicano.com\/index.php?rest_route=%2Fwp%2Fv2%2Ftags&post=171442"}],"curies":[{"name":"wp","href":"https:\/\/api.w.org\/{rel}","templated":true}]}}