{"id":171441,"date":"2018-01-25T07:36:48","date_gmt":"2018-01-25T07:36:48","guid":{"rendered":"http:\/\/diariodominicano.ddns.net\/?p=171441"},"modified":"2018-01-25T07:36:48","modified_gmt":"2018-01-25T07:36:48","slug":"partidos-politicos-apoyan-convocatoria-marcha-verde-en-ny","status":"publish","type":"post","link":"https:\/\/diariodominicano.com\/?p=171441","title":{"rendered":"Partidos pol\u00edticos apoyan convocatoria \u00abMarcha Verde\u00bb en NY"},"content":{"rendered":"<p><body><\/p>\n<p><img decoding=\"async\" src=\"img3\/Marcha Verde NY.jpg\" \/>  <\/p>\n<p><span class=\"text1noticias\">Por Ram\u00f3n Mercedes<\/span><\/p>\n<p><span class=\"text1noticias\"> <\/span><\/p>\n<p><span class=\"text1noticias\">Nueva York, 25 de enero, 2018.- Varios partidos pol\u00edticos dominicanos establecidos en esta ciudad expresaron su apoyo a la convocatoria que ha hecho \u00abMarcha Verde\u00bb para una multitudinaria  marcha a efectuarse este domingo a partir de las 12:00 del mediod\u00eda desde la calle 157 con Broadway en el Alto Manhattan. <\/span><\/p>\n<p><span class=\"text1noticias\"> <\/span><\/p>\n<p><span class=\"text1noticias\">Mediante un documento de prensa, los Partidos Revolucionario Moderno (PRM), Alianza Pa\u00eds (Alpa\u00eds), Movimiento Popular Dominicano (MPD), Alianza por la Democracia (APD), Patria para Todos (MPT), Opci\u00f3n Democr\u00e1tica (OD) y Movimiento de Liberaci\u00f3n Nacional (MOLINAL) indican que participar\u00e1n de la misma.<\/span><\/p>\n<p><span class=\"text1noticias\"> <\/span><\/p>\n<p><span class=\"text1noticias\">\u00abNuestra participaci\u00f3n es para fortalecer la lucha contra la impunidad, para que sean encarcelados los pol\u00edticos, funcionarios, empresarios corruptos y se recupere el dinero p\u00fablico robado.<\/span><\/p>\n<p><span class=\"text1noticias\"> <\/span><\/p>\n<p><span class=\"text1noticias\"> <\/span><\/p>\n<p><span class=\"text1noticias\"> <\/span><\/p>\n<p><span class=\"text1noticias\">Salimos a las calles junto a \u00abMarcha Verde\u00bb para repudiar la mafia pol\u00edtica que a su antojo controla el Estado Nacional y a reclamar que Danilo Medina sea investigado por sus relaciones turbias e ilegales con la corrupta empresa Odebrecht.<\/span><\/p>\n<p><span class=\"text1noticias\"> <\/span><\/p>\n<p><span class=\"text1noticias\"> <\/span><\/p>\n<p><span class=\"text1noticias\"> <\/span><\/p>\n<p><span class=\"text1noticias\">Acompa\u00f1aremos a los verdes en su reclamo para  que se establezca un poder judicial independiente en la Rep\u00fablica Dominicana y para que se produzca una rebaja sustancial en los elevados costos de los servicios consulares con lo que el gobierno golpea los bolsillos de la comunidad dominicana en ultramar.<\/span><\/p>\n<p><span class=\"text1noticias\"> <\/span><\/p>\n<p><span class=\"text1noticias\"> <\/span><\/p>\n<p><span class=\"text1noticias\"> <\/span><\/p>\n<p><span class=\"text1noticias\">Esta acci\u00f3n ciudadana se da en el marco de la celebraci\u00f3n del primer aniversario de la hist\u00f3rica marcha anticorrupci\u00f3n del 22 de enero del 2017&#8243;.<\/span><\/p>\n<p><span class=\"text1noticias\"> <\/span><\/p>\n<p><span class=\"text1noticias\"> <\/span><\/p>\n<p><span class=\"text1noticias\"> <\/span><\/p>\n<p><span class=\"text1noticias\">Adem\u00e1s de esta protesta, los criollos emigrados efectuar\u00e1n acciones anticorrupci\u00f3n en otros lugares y un contingente de Nueva Inglaterra vendr\u00e1 a esta marcha.<\/span><\/p>\n<p><span class=\"text1noticias\"> <\/span><\/p>\n<p><span class=\"text1noticias\"> <\/span><\/p>\n<p><span class=\"text1noticias\"> <\/span><\/p>\n<p><span class=\"text1noticias\">\u00abCon el pueblo en la calle confrontando a los corruptos y reclamando c\u00e1rcel para la casta pol\u00edtica promotora de la corrupci\u00f3n y la impunidad, estaremos rindiendo tributo al Padre de la Padre, Juan Pablo Duarte, el m\u00e1s vivo ejemplo de honestidad y transparencia en la funci\u00f3n p\u00fablica\u00bb, conc<\/span>luye el documento.<\/p>\n<h6> 2018-01-25 07:36:48 <\/h6>\n<p><!--\n<link rel=\"stylesheet\" href=\"css\/bootstrap.min.css\">\n\n\n<ul class=\"pagination\">\n\t    \n\t\n\n<li >\n\t<a href='?page_no=6746'>Previous<\/a>\n\t<\/li>\n\n\n       \n    \n\n<li><a href='?page_no=1'>1<\/a><\/li>\n\n\n\n<li><a href='?page_no=2'>2<\/a><\/li>\n\n\n\n<li><a>...<\/a><\/li>\n\n\n\n<li><a href='?page_no=6745'>6745<\/a><\/li>\n\n\n\n<li><a href='?page_no=6746'>6746<\/a><\/li>\n\n\n\n<li class='active'><a>6747<\/a><\/li>\n\n\n\n<li><a href='?page_no=6748'>6748<\/a><\/li>\n\n\n\n<li><a href='?page_no=6749'>6749<\/a><\/li>\n\n\n\n<li><a>...<\/a><\/li>\n\n\n\n<li><a href='?page_no=36999'>36999<\/a><\/li>\n\n\n\n<li><a href='?page_no=37000'>37000<\/a><\/li>\n\n    \n\t\n\n<li >\n\t<a href='?page_no=6748'>Next<\/a>\n\t<\/li>\n\n\n    \n\n<li><a href='?page_no=37000'>Last &rsaquo;&rsaquo;<\/a><\/li>\n\n<\/ul>\n\n\n--><br \/>\n<\/body><\/p>\n","protected":false},"excerpt":{"rendered":"<p>Por Ram\u00f3n Mercedes Nueva York, 25 de enero, 2018.- Varios partidos pol\u00edticos dominicanos establecidos en esta ciudad expresaron su apoyo a la convocatoria que ha hecho \u00abMarcha Verde\u00bb para una multitudinaria marcha a efectuarse este domingo a partir de las 12:00 del mediod\u00eda desde la calle 157 con Broadway en el Alto Manhattan. Mediante un [&hellip;]<\/p>\n","protected":false},"author":3,"featured_media":0,"comment_status":"open","ping_status":"open","sticky":false,"template":"","format":"standard","meta":{"footnotes":""},"categories":[22],"tags":[],"class_list":["post-171441","post","type-post","status-publish","format-standard","hentry","category-politica"],"_links":{"self":[{"href":"https:\/\/diariodominicano.com\/index.php?rest_route=\/wp\/v2\/posts\/171441","targetHints":{"allow":["GET"]}}],"collection":[{"href":"https:\/\/diariodominicano.com\/index.php?rest_route=\/wp\/v2\/posts"}],"about":[{"href":"https:\/\/diariodominicano.com\/index.php?rest_route=\/wp\/v2\/types\/post"}],"author":[{"embeddable":true,"href":"https:\/\/diariodominicano.com\/index.php?rest_route=\/wp\/v2\/users\/3"}],"replies":[{"embeddable":true,"href":"https:\/\/diariodominicano.com\/index.php?rest_route=%2Fwp%2Fv2%2Fcomments&post=171441"}],"version-history":[{"count":0,"href":"https:\/\/diariodominicano.com\/index.php?rest_route=\/wp\/v2\/posts\/171441\/revisions"}],"wp:attachment":[{"href":"https:\/\/diariodominicano.com\/index.php?rest_route=%2Fwp%2Fv2%2Fmedia&parent=171441"}],"wp:term":[{"taxonomy":"category","embeddable":true,"href":"https:\/\/diariodominicano.com\/index.php?rest_route=%2Fwp%2Fv2%2Fcategories&post=171441"},{"taxonomy":"post_tag","embeddable":true,"href":"https:\/\/diariodominicano.com\/index.php?rest_route=%2Fwp%2Fv2%2Ftags&post=171441"}],"curies":[{"name":"wp","href":"https:\/\/api.w.org\/{rel}","templated":true}]}}