{"id":171440,"date":"2018-01-25T08:44:00","date_gmt":"2018-01-25T08:44:00","guid":{"rendered":"http:\/\/diariodominicano.ddns.net\/?p=171440"},"modified":"2018-01-25T08:44:00","modified_gmt":"2018-01-25T08:44:00","slug":"hipolito-mejia-destaca-necesidad-de-modernizacion-y-tecnificacion-de-la-agricultura","status":"publish","type":"post","link":"https:\/\/diariodominicano.com\/?p=171440","title":{"rendered":"Hip\u00f3lito Mej\u00eda destaca necesidad de modernizaci\u00f3n y tecnificaci\u00f3n de la agricultura"},"content":{"rendered":"<p><body><\/p>\n<p><img decoding=\"async\" src=\"img3\/hipolitoM24.jpg\" \/>  <\/p>\n<p><span class=\"text1noticias\">Santo Domingo, R. D., 25 de enero, 2018.- El expresidente Hip\u00f3lito Mejia al hablar sobre el papel de la tecnolog\u00eda en la agricultura sostuvo que el pa\u00eds tiene que volver a sus ra\u00edces en el campo como una condici\u00f3n necesaria para promover nuestro desarrollo integral para lo cual, necesitamos pol\u00edticas p\u00fablicas a favor del campo dominicano, mejorar la calidad de los recursos humanos vinculados a la agricultura e invertir en investigaci\u00f3n agr\u00edcola.<\/span><\/p>\n<p><span class=\"text1noticias\"> <\/span><\/p>\n<p><span class=\"text1noticias\">Mej\u00eda dijo que para ello es preciso mejorar la infraestructura, el sistema de transporte local e internacional, la presentaci\u00f3n y empaque de los productos, cumplir las normas nacionales e internacionales, adecuar la producci\u00f3n a las demandas y exigencias del mercado<\/span><\/p>\n<p><span class=\"text1noticias\"> <\/span><\/p>\n<p><span class=\"text1noticias\">El ex mandatario habl\u00f3 en Founders Night, instituci\u00f3n que promueve el emprendedurismo en los j\u00f3venes, este mi\u00e9rcoles a partir de las 8 de la noche<\/span><\/p>\n<p><span class=\"text1noticias\"> <\/span><\/p>\n<p><span class=\"text1noticias\">Sostuvo que sin agricultura no hay seguridad alimentaria y en el mundo y se\u00f1al\u00f3 que se est\u00e1 produciendo una verdadera revoluci\u00f3n en la forma de producir y comercializar los productos agropecuarios.<\/span><\/p>\n<p><span class=\"text1noticias\"> <\/span><\/p>\n<p><span class=\"text1noticias\">\u00abMi relaci\u00f3n con la agricultura dominicana ha sido una constante durante toda mi vida, comenzando en mi hogar campesino de Gurabo. Puedo decir con satisfacci\u00f3n que pertenezco al mundo rural, el cual ha hecho y est\u00e1 llamado a continuar haciendo grandes aportes al desarrollo del pa\u00eds. Un momento significativo fue cuando fue cuando el Presidente Antonio Guzm\u00e1n Fern\u00e1ndez me design\u00f3 Secretario de Estado de Agricultura para el per\u00edodo 1978-1982\u00bb.<\/span><\/p>\n<p><span class=\"text1noticias\"> <\/span><\/p>\n<p><span class=\"text1noticias\">Expres\u00f3 que la empresa agr\u00edcola demanda eeficiencia, en la producci\u00f3n, en el manejo post cosecha, en la transformaci\u00f3n agroindustrial y en la comercializaci\u00f3n<\/span><\/p>\n<p><span class=\"text1noticias\"> <\/span><\/p>\n<p><span class=\"text1noticias\">Se pregunt\u00f3 \u00bfQu\u00e9 hacer para modernizar nuestra agricultura?  Y dijo que a nivel de la producci\u00f3n se debe mejorar la calidad de los recursos humanos, capacitar los productores y t\u00e9cnicos, apoyar el sistema de investigaci\u00f3n agr\u00edcola, apoyar el sistema de transferencia tecnol\u00f3gica.<\/span><\/p>\n<p><span class=\"text1noticias\"> <\/span><\/p>\n<p><span class=\"text1noticias\">Recomend\u00f3 ue se apoye el sistema de investigaci\u00f3n agr\u00edcola, el sistema de transferencia tecnol\u00f3gica, mejorar el acceso al financiamiento, aplicar planes de desarrollo rural integral, tener pol\u00edticas p\u00fablicas que favorezcan la agricultura, aplicar pol\u00edticas sociales para la poblaci\u00f3n rural<\/span><\/p>\n<p><span class=\"text1noticias\"> <\/span><\/p>\n<p><span class=\"text1noticias\">Resalt\u00f3 la importancia de invernaderos con tecnolog\u00eda de punta, los cuales se comenzaron a desarrollar en la d\u00e9cada de 1980 y se instalaron por primera vez en Jarabacoa y Constanza record\u00f3 que las flores y algunos vegetales fueron los primeros cultivos.<\/span><\/p>\n<p><span class=\"text1noticias\"> <\/span><\/p>\n<p><span class=\"text1noticias\">Destac\u00f3 que \u00abhoy existen invernaderos en San Jos\u00e9 de Ocoa, que es el principal centro de producci\u00f3n bajo invernadero, en San Juan de la Maguana, Padre las Casas, Jarabacoa, Constanza y otros lugares. Esos invernaderos producen b\u00e1sicamente tomates, pimientos y flores, con una productividad 12 veces superior a la productividad en campo abierto\u00bb<\/span><\/p>\n<p><span class=\"text1noticias\"> <\/span><\/p>\n<p><span class=\"text1noticias\">Al referirse a la productividad y la comercializaci\u00f3n de exportaci\u00f3n se\u00f1al\u00f3 como importantes, los exitosos cultivos de lechosas, mangos, tabaco, bananos, arroz <\/span>y aguacates.<\/p>\n<h6> 2018-01-25 08:44:00 <\/h6>\n<p><!--\n<link rel=\"stylesheet\" href=\"css\/bootstrap.min.css\">\n\n\n<ul class=\"pagination\">\n\t    \n\t\n\n<li >\n\t<a href='?page_no=6745'>Previous<\/a>\n\t<\/li>\n\n\n       \n    \n\n<li><a href='?page_no=1'>1<\/a><\/li>\n\n\n\n<li><a href='?page_no=2'>2<\/a><\/li>\n\n\n\n<li><a>...<\/a><\/li>\n\n\n\n<li><a href='?page_no=6744'>6744<\/a><\/li>\n\n\n\n<li><a href='?page_no=6745'>6745<\/a><\/li>\n\n\n\n<li class='active'><a>6746<\/a><\/li>\n\n\n\n<li><a href='?page_no=6747'>6747<\/a><\/li>\n\n\n\n<li><a href='?page_no=6748'>6748<\/a><\/li>\n\n\n\n<li><a>...<\/a><\/li>\n\n\n\n<li><a href='?page_no=36999'>36999<\/a><\/li>\n\n\n\n<li><a href='?page_no=37000'>37000<\/a><\/li>\n\n    \n\t\n\n<li >\n\t<a href='?page_no=6747'>Next<\/a>\n\t<\/li>\n\n\n    \n\n<li><a href='?page_no=37000'>Last &rsaquo;&rsaquo;<\/a><\/li>\n\n<\/ul>\n\n\n--><br \/>\n<\/body><\/p>\n","protected":false},"excerpt":{"rendered":"<p>Santo Domingo, R. D., 25 de enero, 2018.- El expresidente Hip\u00f3lito Mejia al hablar sobre el papel de la tecnolog\u00eda en la agricultura sostuvo que el pa\u00eds tiene que volver a sus ra\u00edces en el campo como una condici\u00f3n necesaria para promover nuestro desarrollo integral para lo cual, necesitamos pol\u00edticas p\u00fablicas a favor del campo [&hellip;]<\/p>\n","protected":false},"author":3,"featured_media":0,"comment_status":"open","ping_status":"open","sticky":false,"template":"","format":"standard","meta":{"footnotes":""},"categories":[22],"tags":[],"class_list":["post-171440","post","type-post","status-publish","format-standard","hentry","category-politica"],"_links":{"self":[{"href":"https:\/\/diariodominicano.com\/index.php?rest_route=\/wp\/v2\/posts\/171440","targetHints":{"allow":["GET"]}}],"collection":[{"href":"https:\/\/diariodominicano.com\/index.php?rest_route=\/wp\/v2\/posts"}],"about":[{"href":"https:\/\/diariodominicano.com\/index.php?rest_route=\/wp\/v2\/types\/post"}],"author":[{"embeddable":true,"href":"https:\/\/diariodominicano.com\/index.php?rest_route=\/wp\/v2\/users\/3"}],"replies":[{"embeddable":true,"href":"https:\/\/diariodominicano.com\/index.php?rest_route=%2Fwp%2Fv2%2Fcomments&post=171440"}],"version-history":[{"count":0,"href":"https:\/\/diariodominicano.com\/index.php?rest_route=\/wp\/v2\/posts\/171440\/revisions"}],"wp:attachment":[{"href":"https:\/\/diariodominicano.com\/index.php?rest_route=%2Fwp%2Fv2%2Fmedia&parent=171440"}],"wp:term":[{"taxonomy":"category","embeddable":true,"href":"https:\/\/diariodominicano.com\/index.php?rest_route=%2Fwp%2Fv2%2Fcategories&post=171440"},{"taxonomy":"post_tag","embeddable":true,"href":"https:\/\/diariodominicano.com\/index.php?rest_route=%2Fwp%2Fv2%2Ftags&post=171440"}],"curies":[{"name":"wp","href":"https:\/\/api.w.org\/{rel}","templated":true}]}}