{"id":171439,"date":"2018-01-25T20:52:19","date_gmt":"2018-01-25T20:52:19","guid":{"rendered":"http:\/\/diariodominicano.ddns.net\/?p=171439"},"modified":"2018-01-25T20:52:19","modified_gmt":"2018-01-25T20:52:19","slug":"partidos-politicos-y-la-jce-coinciden-en-la-necesidad-de-aprobar-la-ley-de-partidos-y-la-reforma-electoral","status":"publish","type":"post","link":"https:\/\/diariodominicano.com\/?p=171439","title":{"rendered":"Partidos pol\u00edticos y la JCE coinciden en la necesidad de aprobar la ley de partidos y la reforma electoral"},"content":{"rendered":"<p><body><\/p>\n<p><img decoding=\"async\" src=\"img3\/25-Ene-2018 505.jpg\" \/><br \/><img decoding=\"async\" src=\"img3\/25-Ene-2018 514.jpg\" \/>  <\/p>\n<p><strong><span class=\"text1noticias\">SANTO DOMINGO, DN, RD, 25 de enero de 2018.-<\/span><\/strong><span class=\"text1noticias\"> Presidentes de partidos pol\u00edticos y la JCE coinciden en la necesidad de aprobar la ley de partidos y la reforma electoral, as\u00ed como en torno a las preocupaciones con el voto preferencia municipal, inform\u00f3 este jueves en un bolet\u00edn de prensa la Direcci\u00f3n de Comunicaciones de la instituci\u00f3n.<\/span><\/p>\n<\/p>\n<p><span class=\"text1noticias\">Explica que el Presidente de la Junta Central Electoral (JCE),Julio C\u00e9sar Casta\u00f1os Guzm\u00e1n, acompa\u00f1ado de los dem\u00e1s miembros titulares del Organo Electoral, Roberto  Salad\u00edn Selin, Carmen Imbert Brugal, Graciano de los Santos y Mej\u00eda Oviedo, sostuvieron una reuni\u00f3n con los presidentes de los  partidos pol\u00edticos reconocidos, a los fines de analizar de iniciar la b\u00fasqueda de consensos respecto al calendario electoral para las elecciones del a\u00f1o 2020.  <\/span><\/p>\n<\/p>\n<p><span class=\"text1noticias\">\u00abCasta\u00f1os Guzm\u00e1n indic\u00f3 que dicha reuni\u00f3n era la primera que convocaba a los presidentes de los partidos pol\u00edticos, a la vez que destac\u00f3 la importancia de que, como en los partidos deportivos, capitales y \u00e1rbitros se re\u00fanan\u00bb.  <\/span><\/p>\n<\/p>\n<p><span class=\"text1noticias\">El Presidente de la JCE resumi\u00f3 que en la reuni\u00f3n se cubrieron puntos diversos, incluyendo la ley de partidos, las preocupaciones por el voto preferencial municipal, los poderes reglamentarios de la JCE y la incorporaci\u00f3n de j\u00f3venes universitarios en colegios electorales en 2020, agrega la informaci\u00f3n de la JCE.<\/span><\/p>\n<\/p>\n<p><span class=\"text1noticias\">Casta\u00f1os indic\u00f3 que los presidentes de los partidos y los miembros de la JCE coincidieron en \u00abla conveniencia y necesidad de que el Congreso Nacional, apruebe a la mayor brevedad y dentro de la primera  legislatura de 2018 que se inicia el d\u00eda 27 de febrero y que se extiende por 150 d\u00edas, que apruebe las leyes tanto de R\u00e9gimen Electoral como la Ley de Partidos Pol\u00edticos.\u00bb <\/span><\/p>\n<\/p>\n<p><span class=\"text1noticias\"> Igualmente, indic\u00f3 que \u00abha salido con mucha fuerza entre los participantes la preocupaci\u00f3n y evidentemente la necesidad de que el voto preferencial municipal, sea pospuesto en su aplicaci\u00f3n para otro evento electoral posterior al del 2020.\u00bb<\/span><\/p>\n<\/p>\n<p><span class=\"text1noticias\">El Presidente de la JCE indic\u00f3 que en caso de no contar con una ley de partidos pol\u00edticos y la reforma del r\u00e9gimen electoral, la JCE \u00abtendr\u00eda necesariamente que reglamentar tanto los tiempos de campa\u00f1a, as\u00ed como el l\u00edmite de los gastos de las mismas, y el acceso equilibrado de los medios de comunicaci\u00f3n\u00bb, de conformidad al mandato constitucional.  <\/span><\/p>\n<\/p>\n<p><strong><span class=\"text1noticias\">Mayor consenso<\/span><\/strong><\/p>\n<\/p>\n<p><span class=\"text1noticias\">El bolet\u00edn de la JCE indica que el punto de mayor consenso en la reuni\u00f3n fue el relativo a la incorporaci\u00f3n en los colegios electorales de 2020 de estudiantes universitarios de t\u00e9rmino, los cuales empezar\u00edan a ser entrenados a trav\u00e9s  cursos que desde este mismo a\u00f1o 2018.  Casta\u00f1os Guzm\u00e1n adelant\u00f3 que se extender\u00e1 la educaci\u00f3n electoral a una plataforma digital, en adici\u00f3n a los cursos presenciales tradicionales.<\/span><\/p>\n<p><span class=\"text1noticias\"> <\/span><\/p>\n<p><span class=\"text1noticias\">Casta\u00f1os Guzm\u00e1n agradeci\u00f3 la presencia de los presidentes de partidos, al expresar que en esta \u00abprimera reuni\u00f3n hemos resuelto todo pero estamos iniciando un camino para que las elecciones del 2020, tanto las Municipales como las Presidenciales y Congresuales, sus reglas sean de amplio consenso, asegur\u00e1ndole al pa\u00eds, que ser\u00e1n unas elecciones justas, libres, aut\u00e9nticas  y transparentes.\u00bb<\/span><\/p>\n<\/p>\n<p><span class=\"text1noticias\">Los presidentes de partidos presentes en la reuni\u00f3n fueron Leonel Fern\u00e1ndez, Presidente del gobernante Partido de la Liberaci\u00f3n Dominicana (PLD); Andr\u00e9s Bautista Garc\u00eda, Presidente del Partido Revolucionario Moderno (PRM); Federico Ant\u00fan Battle, Presidente del Partido Reformista Social Cristiano (PRSC); Miguel Vargas Maldonado, Presidente del Partido Revolucionario Dominicano (PRD); Jos\u00e9 Francisco Pe\u00f1a Guaba, Presidente del Bloque Institucional Socialdem\u00f3crata (BIS).<\/span><\/p>\n<\/p>\n<p><span class=\"text1noticias\"> Emilio Rivas Rodr\u00edguez, Presidente del Movimiento Democr\u00e1tico Alternativo (MODA); Guillermo Moreno, Presidente de Alianza Pa\u00eds (ALPAIS); Fidel Santana Mej\u00eda, Presidente de Frente Amplio; El\u00edas Wessin Ch\u00e1vez, Presidente del Partido Quisqueyano Dem\u00f3crata Cristiano (PQDC);  Radham\u00e9s Zorrilla Ozuna, Presidente del Partido C\u00edvico Renovador (PCR); Eduardo Estrella Virella, Presidente de Dominicanos por el Cambio (DxC); Luis Acosta Moreta, Presidente del Partido Uni\u00f3n Dem\u00f3crata Cristiana (UDC).<\/span><\/p>\n<\/p>\n<p><span class=\"text1noticias\"> Rafael Gamundi Cordero, Presidente del Partido Revolucionario Social Dem\u00f3crata (PRSD); Marino Vinicio Castillo, Presidente de Fuerza Nacional Progresista (FNP); Esteban D\u00edaz J\u00e1quez, Presidente del Partido de los Trabajadores Dominicanos (PTD); H\u00e9ctor Peguero M\u00e9ndez, Presidente del Partido Popular Cristiano; Jos\u00e9 Antol\u00edn Polanco Rosa, Presidente del Partido Socialista Verde (PASOVE); Maritza L\u00f3pez, Presidente del Partido de Acci\u00f3n Liberal (PAL); Max Puig Miller, Presidente del Partido Alianza por la Democracia (APD); e Ismael Reyes Cruz, Presidente del Partido Dem\u00f3crata Institucional (PDI). <\/span><\/p>\n<\/p>\n<\/p>\n<h6> 2018-01-25 20:52:19 <\/h6>\n<p><!--\n<link rel=\"stylesheet\" href=\"css\/bootstrap.min.css\">\n\n\n<ul class=\"pagination\">\n\t    \n\t\n\n<li >\n\t<a href='?page_no=6744'>Previous<\/a>\n\t<\/li>\n\n\n       \n    \n\n<li><a href='?page_no=1'>1<\/a><\/li>\n\n\n\n<li><a href='?page_no=2'>2<\/a><\/li>\n\n\n\n<li><a>...<\/a><\/li>\n\n\n\n<li><a href='?page_no=6743'>6743<\/a><\/li>\n\n\n\n<li><a href='?page_no=6744'>6744<\/a><\/li>\n\n\n\n<li class='active'><a>6745<\/a><\/li>\n\n\n\n<li><a href='?page_no=6746'>6746<\/a><\/li>\n\n\n\n<li><a href='?page_no=6747'>6747<\/a><\/li>\n\n\n\n<li><a>...<\/a><\/li>\n\n\n\n<li><a href='?page_no=36999'>36999<\/a><\/li>\n\n\n\n<li><a href='?page_no=37000'>37000<\/a><\/li>\n\n    \n\t\n\n<li >\n\t<a href='?page_no=6746'>Next<\/a>\n\t<\/li>\n\n\n    \n\n<li><a href='?page_no=37000'>Last &rsaquo;&rsaquo;<\/a><\/li>\n\n<\/ul>\n\n\n--><br \/>\n<\/body><\/p>\n","protected":false},"excerpt":{"rendered":"<p>SANTO DOMINGO, DN, RD, 25 de enero de 2018.- Presidentes de partidos pol\u00edticos y la JCE coinciden en la necesidad de aprobar la ley de partidos y la reforma electoral, as\u00ed como en torno a las preocupaciones con el voto preferencia municipal, inform\u00f3 este jueves en un bolet\u00edn de prensa la Direcci\u00f3n de Comunicaciones de [&hellip;]<\/p>\n","protected":false},"author":3,"featured_media":0,"comment_status":"open","ping_status":"open","sticky":false,"template":"","format":"standard","meta":{"footnotes":""},"categories":[22],"tags":[],"class_list":["post-171439","post","type-post","status-publish","format-standard","hentry","category-politica"],"_links":{"self":[{"href":"https:\/\/diariodominicano.com\/index.php?rest_route=\/wp\/v2\/posts\/171439","targetHints":{"allow":["GET"]}}],"collection":[{"href":"https:\/\/diariodominicano.com\/index.php?rest_route=\/wp\/v2\/posts"}],"about":[{"href":"https:\/\/diariodominicano.com\/index.php?rest_route=\/wp\/v2\/types\/post"}],"author":[{"embeddable":true,"href":"https:\/\/diariodominicano.com\/index.php?rest_route=\/wp\/v2\/users\/3"}],"replies":[{"embeddable":true,"href":"https:\/\/diariodominicano.com\/index.php?rest_route=%2Fwp%2Fv2%2Fcomments&post=171439"}],"version-history":[{"count":0,"href":"https:\/\/diariodominicano.com\/index.php?rest_route=\/wp\/v2\/posts\/171439\/revisions"}],"wp:attachment":[{"href":"https:\/\/diariodominicano.com\/index.php?rest_route=%2Fwp%2Fv2%2Fmedia&parent=171439"}],"wp:term":[{"taxonomy":"category","embeddable":true,"href":"https:\/\/diariodominicano.com\/index.php?rest_route=%2Fwp%2Fv2%2Fcategories&post=171439"},{"taxonomy":"post_tag","embeddable":true,"href":"https:\/\/diariodominicano.com\/index.php?rest_route=%2Fwp%2Fv2%2Ftags&post=171439"}],"curies":[{"name":"wp","href":"https:\/\/api.w.org\/{rel}","templated":true}]}}