{"id":171437,"date":"2018-01-25T22:16:49","date_gmt":"2018-01-25T22:16:49","guid":{"rendered":"http:\/\/diariodominicano.ddns.net\/?p=171437"},"modified":"2018-01-25T22:16:49","modified_gmt":"2018-01-25T22:16:49","slug":"expertos-ven-ventaja-para-oficialismo-adelantar-comicios-en-venezuela-ante-oposicion-dividida","status":"publish","type":"post","link":"https:\/\/diariodominicano.com\/?p=171437","title":{"rendered":"Expertos ven ventaja para oficialismo adelantar comicios en Venezuela ante oposici\u00f3n dividida&#13;"},"content":{"rendered":"<p><body><\/p>\n<p><img decoding=\"async\" src=\"img3\/bandera-venezuela_0.jpg\" \/>  <\/p>\n<p><span class=\"text1noticias\"> <\/span><\/p>\n<p><span class=\"text1noticias\"> <\/span><\/p>\n<p><span class=\"text1noticias\"><strong> <\/strong><\/span><\/p>\n<p><span class=\"text1noticias\"><strong> <\/strong><\/span><\/p>\n<p><span class=\"text1noticias\"><strong>   Por Willey Pe\u00f1uela<\/strong><\/span><\/p>\n<p><span class=\"text1noticias\"><strong> <\/strong><\/span><\/p>\n<p><span class=\"text1noticias\"><strong>   CARACAS, 25 ene (Xinhua) &#8211;<\/strong>&#8211; Adelantar las elecciones presidenciales en Venezuela para antes del 30 de abril da ventaja al oficialismo ante una oposici\u00f3n dividida, pero el gobierno no tiene el triunfo en las manos, afirmaron analistas pol\u00edticos.<\/span><\/p>\n<p><span class=\"text1noticias\"> <\/span><\/p>\n<p><span class=\"text1noticias\">   El pasado martes, la Asamblea Nacional Constituyente (ANC) aprob\u00f3 la iniciativa del constituyente Diosdado Cabello para adelantar los comicios pactados inicialmente para diciembre.<\/span><\/p>\n<p><span class=\"text1noticias\"> <\/span><\/p>\n<p><span class=\"text1noticias\">   El profesor de geopol\u00edtica internacional de la Universidad Militar Bolivariana de Venezuela, Luis Quintana, consider\u00f3 que se trat\u00f3 de \u00abun movimiento t\u00e1ctico para aprovechar una ventaja temporal\u00bb de parte de los sectores progubernamentales.<\/span><\/p>\n<p><span class=\"text1noticias\"> <\/span><\/p>\n<p><span class=\"text1noticias\">   \u00abLa oposici\u00f3n est\u00e1 en su peor momento\u00bb, dijo el experto, quien a\u00f1adi\u00f3 que la coalici\u00f3n opositora es una fuerza \u00abmuy dividida\u00bb y que \u00abno tiene condiciones para enfrentar una contienda electoral nacional\u00bb.<\/span><\/p>\n<p><span class=\"text1noticias\"> <\/span><\/p>\n<p><span class=\"text1noticias\">   Quintana afirm\u00f3 que las fuerzas contrarias al gobierno incurrieron \u00aben el error de no participar en las elecciones municipales\u00bb, por lo que \u00absus principales partidos tienen que revalidar su inscripci\u00f3n como partidos en el Consejo Electoral\u00bb.<\/span><\/p>\n<p><span class=\"text1noticias\"> <\/span><\/p>\n<p><span class=\"text1noticias\">   \u00abEso implica que est\u00e1n en la retaguardia\u00bb, indic\u00f3 el profesor.<\/span><\/p>\n<p><span class=\"text1noticias\"> <\/span><\/p>\n<p><span class=\"text1noticias\">   El experto venezolano dijo que la oposici\u00f3n \u00abno tiene fuerzas en conjunto (&#8230;) tiene mucha menor fuerza dividida\u00bb para enfrentar a un sector progubernamental \u00abque ha demostrado ser muy eficaz en las elecciones\u00bb.<\/span><\/p>\n<p><span class=\"text1noticias\"> <\/span><\/p>\n<p><span class=\"text1noticias\">   Para Quintana, se trata de unos comicios que se convocan \u00aben medio de un momento econ\u00f3mico muy adverso para el gobierno\u00bb, algo que \u00abno le genera las mejores condiciones para una contienda electoral\u00bb, pero que \u00abha vencido en las \u00faltimas tres elecciones\u00bb.<\/span><\/p>\n<p><span class=\"text1noticias\"> <\/span><\/p>\n<p><span class=\"text1noticias\">   \u00abEn unas elecciones competitivas como lo fueron las elecciones regionales, a\u00fan con las dificultades tremendas que tenemos en la econom\u00eda venezolana, el chavismo logr\u00f3 un resultado muy favorable (&#8230;) reforzado por el hecho de que la oposici\u00f3n decidiera luego no participar en las elecciones municipales\u00bb, explic\u00f3.<\/span><\/p>\n<p><span class=\"text1noticias\"> <\/span><\/p>\n<p><span class=\"text1noticias\">   Seg\u00fan el profesor Quintana, el escenario \u00abes alentador para quienes apuestan por la continuidad de las fuerzas revolucionarias; sin embargo, ello va a arreciar el ataque internacional e interno contra el gobierno, sobre todo en materia econ\u00f3mica\u00bb.<\/span><\/p>\n<p><span class=\"text1noticias\"> <\/span><\/p>\n<p><span class=\"text1noticias\">   \u00abNo todas las cartas est\u00e1n echadas, en el destino no est\u00e1 escrito que el presidente Nicol\u00e1s Maduro vaya a ser reelecto\u00bb, pero la situaci\u00f3n \u00abse abre camino hacia esa direcci\u00f3n\u00bb, a\u00f1adi\u00f3.<\/span><\/p>\n<p><span class=\"text1noticias\"> <\/span><\/p>\n<p><span class=\"text1noticias\">   De acuerdo con el internacionalista, \u00ablas fuerzas bolivarianas tienen que hacer un gran esfuerzo desde el punto de vista organizativo, electoral y de maquinaria para hacer que todo el chavismo salga a votar\u00bb con el fin de obtener \u00abuna victoria incontestable e indiscutida, que no afecte la legitimidad del resultado\u00bb.<\/span><\/p>\n<p><span class=\"text1noticias\"> <\/span><\/p>\n<p><span class=\"text1noticias\">   \u00abEl hecho de que la oposici\u00f3n no participe en la elecci\u00f3n no significa que no vayan a incidir en el proceso electoral y esa incidencia puede ser la retoma de la v\u00eda insurreccional\u00bb, abund\u00f3 Quintana.<\/span><\/p>\n<p><span class=\"text1noticias\"> <\/span><\/p>\n<p><span class=\"text1noticias\">   Por su parte, el polit\u00f3logo Sergio Quintero coment\u00f3 en entrevista con Xinhua que \u00abla convocatoria a elecciones presidenciales responde a un mandato constitucional\u00bb ya que, a su entender, \u00abest\u00e1n previstas las elecciones presidenciales en Venezuela por ley\u00bb.<\/span><\/p>\n<p><span class=\"text1noticias\"> <\/span><\/p>\n<p><span class=\"text1noticias\">   Sobre la reacci\u00f3n de la oposici\u00f3n al llamado de adelantar los comicios, el polit\u00f3logo se\u00f1al\u00f3 que ello muestra a \u00abuna oposici\u00f3n dividida, con una diversidad de intereses, de opiniones, con motivos distintos en cada uno de los grupos que forman parte de la oposici\u00f3n venezolana\u00bb.<\/span><\/p>\n<p><span class=\"text1noticias\"> <\/span><\/p>\n<p><span class=\"text1noticias\">   En su opini\u00f3n, \u00absectores opositores buscan torpedear el proceso electoral\u00bb, al alegar que \u00abse rompi\u00f3 el proceso de di\u00e1logo\u00bb, lo cual para el experto forma parte de \u00abuna campa\u00f1a de mentiras y ataques en contra de Venezuela\u00bb.<\/span><\/p>\n<p><span class=\"text1noticias\"> <\/span><\/p>\n<p><span class=\"text1noticias\">   A su juicio, existen posibilidades de un triunfo opositor, pero ello \u00abrequiere que cumplan una serie de eslabones y mecanismos previos que tienen que ver con la unificaci\u00f3n de las distintas fuerzas opositoras\u00bb, as\u00ed como \u00abreanimar a toda la masa opositora que pueda estar en contra del presidente Nicol\u00e1s Maduro\u00bb.<\/span><\/p>\n<p><span class=\"text1noticias\"> <\/span><\/p>\n<p><span class=\"text1noticias\">   Vaticin\u00f3, sin embargo, un triunfo de las fuerzas progubernamentales, ya que \u00abvan en buenas condiciones org\u00e1nicas, con un solo candidato, un solo programa pol\u00edtico, una fuerza que ha demostrado capacidad de movilizaci\u00f3n importante en procesos electorales pasados y que viene en plena avanzada pol\u00edtica\u00bb.<\/span><\/p>\n<p><span class=\"text1noticias\"> <\/span><\/p>\n<p><span class=\"text1noticias\">   En tanto, Carolys Helena P\u00e9rez, subsecretaria e integrante de la directiva de la ANC, vaticin\u00f3 que \u00abel primer cuatrimestre (del a\u00f1o) va a ser muy movido, la din\u00e1mica pol\u00edtica nos invita a no dormirnos, mantenernos en la calle para garantizar la paz\u00bb.<\/span><\/p>\n<p><span class=\"text1noticias\"> <\/span><\/p>\n<p><span class=\"text1noticias\">   \u00abLa paz se garantiza, entre otras cosas, consultando al pueblo\u00bb, afirm\u00f3 P\u00e9rez.<\/span><\/p>\n<p><span class=\"text1noticias\"> <\/span><\/p>\n<p><span class=\"text1noticias\">   \u00abSea cual sea la decisi\u00f3n (resultados electorales) la garant\u00eda es precisamente que seamos quienes vivimos ac\u00e1 (&#8230;) los que digamos hac\u00eda d\u00f3nde queremos ir, sin injerencia de ning\u00fan tipo, apelando a la sabidur\u00eda popular y la conciencia de la mayor\u00eda\u00bb, precis\u00f3. Fin<\/span><\/p>\n<\/p>\n<\/p>\n<\/p>\n<\/p>\n<h6> 2018-01-25 22:16:49 <\/h6>\n<p><!--\n<link rel=\"stylesheet\" href=\"css\/bootstrap.min.css\">\n\n\n<ul class=\"pagination\">\n\t    \n\t\n\n<li >\n\t<a href='?page_no=6742'>Previous<\/a>\n\t<\/li>\n\n\n       \n    \n\n<li><a href='?page_no=1'>1<\/a><\/li>\n\n\n\n<li><a href='?page_no=2'>2<\/a><\/li>\n\n\n\n<li><a>...<\/a><\/li>\n\n\n\n<li><a href='?page_no=6741'>6741<\/a><\/li>\n\n\n\n<li><a href='?page_no=6742'>6742<\/a><\/li>\n\n\n\n<li class='active'><a>6743<\/a><\/li>\n\n\n\n<li><a href='?page_no=6744'>6744<\/a><\/li>\n\n\n\n<li><a href='?page_no=6745'>6745<\/a><\/li>\n\n\n\n<li><a>...<\/a><\/li>\n\n\n\n<li><a href='?page_no=36999'>36999<\/a><\/li>\n\n\n\n<li><a href='?page_no=37000'>37000<\/a><\/li>\n\n    \n\t\n\n<li >\n\t<a href='?page_no=6744'>Next<\/a>\n\t<\/li>\n\n\n    \n\n<li><a href='?page_no=37000'>Last &rsaquo;&rsaquo;<\/a><\/li>\n\n<\/ul>\n\n\n--><br \/>\n<\/body><\/p>\n","protected":false},"excerpt":{"rendered":"<p>Por Willey Pe\u00f1uela CARACAS, 25 ene (Xinhua) &#8211;&#8211; Adelantar las elecciones presidenciales en Venezuela para antes del 30 de abril da ventaja al oficialismo ante una oposici\u00f3n dividida, pero el gobierno no tiene el triunfo en las manos, afirmaron analistas pol\u00edticos. El pasado martes, la Asamblea Nacional Constituyente (ANC) aprob\u00f3 la iniciativa del constituyente Diosdado [&hellip;]<\/p>\n","protected":false},"author":3,"featured_media":0,"comment_status":"open","ping_status":"open","sticky":false,"template":"","format":"standard","meta":{"footnotes":""},"categories":[22],"tags":[],"class_list":["post-171437","post","type-post","status-publish","format-standard","hentry","category-politica"],"_links":{"self":[{"href":"https:\/\/diariodominicano.com\/index.php?rest_route=\/wp\/v2\/posts\/171437","targetHints":{"allow":["GET"]}}],"collection":[{"href":"https:\/\/diariodominicano.com\/index.php?rest_route=\/wp\/v2\/posts"}],"about":[{"href":"https:\/\/diariodominicano.com\/index.php?rest_route=\/wp\/v2\/types\/post"}],"author":[{"embeddable":true,"href":"https:\/\/diariodominicano.com\/index.php?rest_route=\/wp\/v2\/users\/3"}],"replies":[{"embeddable":true,"href":"https:\/\/diariodominicano.com\/index.php?rest_route=%2Fwp%2Fv2%2Fcomments&post=171437"}],"version-history":[{"count":0,"href":"https:\/\/diariodominicano.com\/index.php?rest_route=\/wp\/v2\/posts\/171437\/revisions"}],"wp:attachment":[{"href":"https:\/\/diariodominicano.com\/index.php?rest_route=%2Fwp%2Fv2%2Fmedia&parent=171437"}],"wp:term":[{"taxonomy":"category","embeddable":true,"href":"https:\/\/diariodominicano.com\/index.php?rest_route=%2Fwp%2Fv2%2Fcategories&post=171437"},{"taxonomy":"post_tag","embeddable":true,"href":"https:\/\/diariodominicano.com\/index.php?rest_route=%2Fwp%2Fv2%2Ftags&post=171437"}],"curies":[{"name":"wp","href":"https:\/\/api.w.org\/{rel}","templated":true}]}}