{"id":171436,"date":"2018-01-25T22:24:40","date_gmt":"2018-01-25T22:24:40","guid":{"rendered":"http:\/\/diariodominicano.ddns.net\/?p=171436"},"modified":"2018-01-25T22:24:40","modified_gmt":"2018-01-25T22:24:40","slug":"comite-electoral-evalua-fecha-para-elecciones-presidenciales-anticipadas-en-venezuela","status":"publish","type":"post","link":"https:\/\/diariodominicano.com\/?p=171436","title":{"rendered":"&#13;Comit\u00e9 Electoral eval\u00faa fecha para elecciones presidenciales anticipadas en Venezuela"},"content":{"rendered":"<p><body><\/p>\n<p><img decoding=\"async\" src=\"img3\/bandera-venezuela_0.jpg\" \/>  <\/p>\n<\/p>\n<\/p>\n<p><strong> <\/strong><\/p>\n<p><strong>   CARACAS, 25 ene (Xinhua) &#8211;<\/strong>&#8211; La rectora principal del Consejo Nacional Electoral (CNE) de Venezuela, Tania D&#8217;Amelio, inform\u00f3 hoy jueves que un comit\u00e9 t\u00e9cnico eval\u00faa la posible fecha para la celebraci\u00f3n de los comicios presidenciales antes del pr\u00f3ximo 30 de abril.<\/p>\n<\/p>\n<p>   \u00abEn este momento, ese comit\u00e9 est\u00e1 evaluando exactamente cu\u00e1l pudiera ser la fecha, de tal manera que nos permita a nosotros hacer todos los procesos que corresponden, contemplado en un cronograma electoral\u00bb, declar\u00f3 D&#8217;Amelio a la estatal Venezolana de Televisi\u00f3n.<\/p>\n<\/p>\n<p>   De acuerdo con la autoridad electoral, en contexto de este proceso, convocado por la Asamblea Nacional Constituyente (ANC), \u00abnosotros (Consejo Electoral) tenemos no solamente que preparar las m\u00e1quinas, sino un registro electoral\u00bb.<\/p>\n<\/p>\n<p>   \u00ab\u00bfEn qu\u00e9 etapa estamos en este momento? Existe un comit\u00e9 t\u00e9cnico llevado por la Junta Nacional (Electoral), donde va evaluando exactamente todo lo que llevamos en un proceso electoral\u00bb, agreg\u00f3.<\/p>\n<\/p>\n<p>   D&#8217;Amelio se\u00f1al\u00f3 que para la contienda comicial presidencial \u00abtenemos m\u00e1s de 14 organizaciones con fines pol\u00edticos que pueden hacer sus postulaciones perfectamente\u00bb, por lo cual \u00abperfectamente puede haber un proceso electoral\u00bb en Venezuela.<\/p>\n<\/p>\n<p>   \u00abLas elecciones presidenciales se organizan m\u00e1s f\u00e1cilmente porque es un solo cargo a elegir, con una sola circunscripci\u00f3n, aunque con el Registro Electoral adecuado a las entidades del pa\u00eds, y menos cantidad de candidatos\u00bb, apunt\u00f3.<\/p>\n<\/p>\n<p>   Venezuela se prepara para desarrollar en este primer cuatrimestre un proceso comicial presidencial, al atender el llamado de la ANC, que aprob\u00f3 sean adelantadas antes del pr\u00f3ximo 30 de abril. Fin<\/p>\n<h6> 2018-01-25 22:24:40 <\/h6>\n<p><!--\n<link rel=\"stylesheet\" href=\"css\/bootstrap.min.css\">\n\n\n<ul class=\"pagination\">\n\t    \n\t\n\n<li >\n\t<a href='?page_no=6741'>Previous<\/a>\n\t<\/li>\n\n\n       \n    \n\n<li><a href='?page_no=1'>1<\/a><\/li>\n\n\n\n<li><a href='?page_no=2'>2<\/a><\/li>\n\n\n\n<li><a>...<\/a><\/li>\n\n\n\n<li><a href='?page_no=6740'>6740<\/a><\/li>\n\n\n\n<li><a href='?page_no=6741'>6741<\/a><\/li>\n\n\n\n<li class='active'><a>6742<\/a><\/li>\n\n\n\n<li><a href='?page_no=6743'>6743<\/a><\/li>\n\n\n\n<li><a href='?page_no=6744'>6744<\/a><\/li>\n\n\n\n<li><a>...<\/a><\/li>\n\n\n\n<li><a href='?page_no=36999'>36999<\/a><\/li>\n\n\n\n<li><a href='?page_no=37000'>37000<\/a><\/li>\n\n    \n\t\n\n<li >\n\t<a href='?page_no=6743'>Next<\/a>\n\t<\/li>\n\n\n    \n\n<li><a href='?page_no=37000'>Last &rsaquo;&rsaquo;<\/a><\/li>\n\n<\/ul>\n\n\n--><br \/>\n<\/body><\/p>\n","protected":false},"excerpt":{"rendered":"<p>CARACAS, 25 ene (Xinhua) &#8211;&#8211; La rectora principal del Consejo Nacional Electoral (CNE) de Venezuela, Tania D&#8217;Amelio, inform\u00f3 hoy jueves que un comit\u00e9 t\u00e9cnico eval\u00faa la posible fecha para la celebraci\u00f3n de los comicios presidenciales antes del pr\u00f3ximo 30 de abril. \u00abEn este momento, ese comit\u00e9 est\u00e1 evaluando exactamente cu\u00e1l pudiera ser la fecha, de [&hellip;]<\/p>\n","protected":false},"author":3,"featured_media":0,"comment_status":"open","ping_status":"open","sticky":false,"template":"","format":"standard","meta":{"footnotes":""},"categories":[22],"tags":[],"class_list":["post-171436","post","type-post","status-publish","format-standard","hentry","category-politica"],"_links":{"self":[{"href":"https:\/\/diariodominicano.com\/index.php?rest_route=\/wp\/v2\/posts\/171436","targetHints":{"allow":["GET"]}}],"collection":[{"href":"https:\/\/diariodominicano.com\/index.php?rest_route=\/wp\/v2\/posts"}],"about":[{"href":"https:\/\/diariodominicano.com\/index.php?rest_route=\/wp\/v2\/types\/post"}],"author":[{"embeddable":true,"href":"https:\/\/diariodominicano.com\/index.php?rest_route=\/wp\/v2\/users\/3"}],"replies":[{"embeddable":true,"href":"https:\/\/diariodominicano.com\/index.php?rest_route=%2Fwp%2Fv2%2Fcomments&post=171436"}],"version-history":[{"count":0,"href":"https:\/\/diariodominicano.com\/index.php?rest_route=\/wp\/v2\/posts\/171436\/revisions"}],"wp:attachment":[{"href":"https:\/\/diariodominicano.com\/index.php?rest_route=%2Fwp%2Fv2%2Fmedia&parent=171436"}],"wp:term":[{"taxonomy":"category","embeddable":true,"href":"https:\/\/diariodominicano.com\/index.php?rest_route=%2Fwp%2Fv2%2Fcategories&post=171436"},{"taxonomy":"post_tag","embeddable":true,"href":"https:\/\/diariodominicano.com\/index.php?rest_route=%2Fwp%2Fv2%2Ftags&post=171436"}],"curies":[{"name":"wp","href":"https:\/\/api.w.org\/{rel}","templated":true}]}}