{"id":171435,"date":"2018-01-25T22:37:17","date_gmt":"2018-01-25T22:37:17","guid":{"rendered":"http:\/\/diariodominicano.ddns.net\/?p=171435"},"modified":"2018-01-25T22:37:17","modified_gmt":"2018-01-25T22:37:17","slug":"lula-da-silva-acepta-candidatura-presidencial-por-pt-en-brasil","status":"publish","type":"post","link":"https:\/\/diariodominicano.com\/?p=171435","title":{"rendered":"Lula da Silva acepta candidatura presidencial por PT en Brasil"},"content":{"rendered":"<p><body><\/p>\n<p><img decoding=\"async\" src=\"img3\/Lula-Protesta.jpg\" \/><br \/><img decoding=\"async\" src=\"img3\/136925049_1516928196021_title0h.jpg\" \/>  <\/p>\n<p><strong> <\/strong><\/p>\n<p><strong>   BRASILIA, 25 ene (Xinhua) &#8212;<\/strong> El ex presidente de Brasil, Luiz In\u00e1cio Lula da Silva (2003-2010), acept\u00f3 hoy jueves la candidatura por el Partido de los Trabajadores (PT) y descalific\u00f3 a los jueces del tribunal de apelaciones que lo condenaron el mi\u00e9rcoles por haber actuado \u00abcomo l\u00edderes de un partido pol\u00edtico\u00bb.<\/p>\n<\/p>\n<p>   En reuni\u00f3n de la Direcci\u00f3n Nacional del PT, en la sede de la Central Unica de Trabajadores (CUT) en Sao Paulo, el ex mandatario expres\u00f3 \u00abmi protecci\u00f3n es mi inocencia\u00bb y llam\u00f3 a sus correligionarios a movilizar al pueblo brasile\u00f1o para vencer en las elecciones.<\/p>\n<\/p>\n<p>   \u00abHoy es un d\u00eda de mucho orgullo para m\u00ed. La prensa hoy no pude hablar de corrupci\u00f3n, porque saben que ellos ayer condenaron un inocente\u00bb, dijo.<\/p>\n<\/p>\n<p>   Seg\u00fan el ex mandatario, el hecho de que los jueces coincidieran por unanimidad en la condena y en la pena (12 a\u00f1os un mes de prisi\u00f3n m\u00e1s multa) tuvo el objetivo de negar a la defensa la presentaci\u00f3n de \u00abembargos infringentes\u00bb, un tipo de apelaci\u00f3n que ocurre cuando hay divergencias en una Corte colegiada.<\/p>\n<\/p>\n<p>   \u00abCada vez que el poder judicial juzgue con base en los autos del proceso respetando la Constituci\u00f3n respetar\u00e9 las decisiones. Pero solamente ayer comprend\u00ed por qu\u00e9 era un cartel\u00bb, dijo.<\/p>\n<\/p>\n<p>   Agreg\u00f3: \u00abConstruyeron (los jueces) un cartel para coincidir en la pena, para impedir el embargo infringente y evitar que el PT tenga a Lula como candidato\u00bb.<\/p>\n<\/p>\n<p>   Dijo que \u00abeste ciudadano no tiene ninguna raz\u00f3n para respetar la decisi\u00f3n de ayer\u00bb, porque los jueces dejan de ser respetables, \u00abcuando se comportan como dirigente de partido pol\u00edtico\u00bb.<\/p>\n<\/p>\n<p>   Alert\u00f3 a la militancia petista sobre la necesidad de comprender que quieren impedir que el PT llegue al gobierno, \u00abo el pr\u00f3ximo paso ser\u00e1 que el PT ser\u00e1 tratado como organizaci\u00f3n criminal\u00bb, puesto que \u00abeso es algo que est\u00e1 en curso\u00bb.<\/p>\n<\/p>\n<p>   Seg\u00fan el ex presidente, hay un pacto entre el poder judicial, los grandes medios de comunicaci\u00f3n y otras instituciones del Estado brasile\u00f1o para \u00abconstruir una versi\u00f3n\u00bb de los hechos.<\/p>\n<\/p>\n<p>   \u00abDesde hace d\u00e9cadas no vi un corporativismo como ahora. La Polic\u00eda Federal se presta a cualquier cosa, luego pasa para la acusaci\u00f3n mentirosa del Ministerio P\u00fablico, luego para los jueces\u00bb, expuso Lula da Silva. <\/p>\n<\/p>\n<p>   Consider\u00f3 que \u00abest\u00e1n utilizando el aparato del Estado para hacer las cosas, no precisan m\u00e1s poner militares enfrente del Congreso, ahora es con las instituciones\u00bb.<\/p>\n<\/p>\n<p>   El ex mandatario brasile\u00f1o dijo que pueden condenar a un dirigente pol\u00edtico, pero no a una idea, y la \u00abidea de que el pueblo brasile\u00f1o sabe cuidar m\u00e1s del pa\u00eds que la elite brasile\u00f1a, ya tom\u00f3 la conciencia popular\u00bb.<\/p>\n<\/p>\n<p>   \u00abMi protecci\u00f3n es mi inocencia, y si soy candidato a presidente no es para inocentarme, sino para gobernar bien este pa\u00eds, y que los brasile\u00f1os vuelvan a vivir bien\u00bb, subray\u00f3. Fin<\/p>\n<\/p>\n<h6> 2018-01-25 22:37:17 <\/h6>\n<p><!--\n<link rel=\"stylesheet\" href=\"css\/bootstrap.min.css\">\n\n\n<ul class=\"pagination\">\n\t    \n\t\n\n<li >\n\t<a href='?page_no=6740'>Previous<\/a>\n\t<\/li>\n\n\n       \n    \n\n<li><a href='?page_no=1'>1<\/a><\/li>\n\n\n\n<li><a href='?page_no=2'>2<\/a><\/li>\n\n\n\n<li><a>...<\/a><\/li>\n\n\n\n<li><a href='?page_no=6739'>6739<\/a><\/li>\n\n\n\n<li><a href='?page_no=6740'>6740<\/a><\/li>\n\n\n\n<li class='active'><a>6741<\/a><\/li>\n\n\n\n<li><a href='?page_no=6742'>6742<\/a><\/li>\n\n\n\n<li><a href='?page_no=6743'>6743<\/a><\/li>\n\n\n\n<li><a>...<\/a><\/li>\n\n\n\n<li><a href='?page_no=36999'>36999<\/a><\/li>\n\n\n\n<li><a href='?page_no=37000'>37000<\/a><\/li>\n\n    \n\t\n\n<li >\n\t<a href='?page_no=6742'>Next<\/a>\n\t<\/li>\n\n\n    \n\n<li><a href='?page_no=37000'>Last &rsaquo;&rsaquo;<\/a><\/li>\n\n<\/ul>\n\n\n--><br \/>\n<\/body><\/p>\n","protected":false},"excerpt":{"rendered":"<p>BRASILIA, 25 ene (Xinhua) &#8212; El ex presidente de Brasil, Luiz In\u00e1cio Lula da Silva (2003-2010), acept\u00f3 hoy jueves la candidatura por el Partido de los Trabajadores (PT) y descalific\u00f3 a los jueces del tribunal de apelaciones que lo condenaron el mi\u00e9rcoles por haber actuado \u00abcomo l\u00edderes de un partido pol\u00edtico\u00bb. En reuni\u00f3n de la [&hellip;]<\/p>\n","protected":false},"author":3,"featured_media":0,"comment_status":"open","ping_status":"open","sticky":false,"template":"","format":"standard","meta":{"footnotes":""},"categories":[22],"tags":[],"class_list":["post-171435","post","type-post","status-publish","format-standard","hentry","category-politica"],"_links":{"self":[{"href":"https:\/\/diariodominicano.com\/index.php?rest_route=\/wp\/v2\/posts\/171435","targetHints":{"allow":["GET"]}}],"collection":[{"href":"https:\/\/diariodominicano.com\/index.php?rest_route=\/wp\/v2\/posts"}],"about":[{"href":"https:\/\/diariodominicano.com\/index.php?rest_route=\/wp\/v2\/types\/post"}],"author":[{"embeddable":true,"href":"https:\/\/diariodominicano.com\/index.php?rest_route=\/wp\/v2\/users\/3"}],"replies":[{"embeddable":true,"href":"https:\/\/diariodominicano.com\/index.php?rest_route=%2Fwp%2Fv2%2Fcomments&post=171435"}],"version-history":[{"count":0,"href":"https:\/\/diariodominicano.com\/index.php?rest_route=\/wp\/v2\/posts\/171435\/revisions"}],"wp:attachment":[{"href":"https:\/\/diariodominicano.com\/index.php?rest_route=%2Fwp%2Fv2%2Fmedia&parent=171435"}],"wp:term":[{"taxonomy":"category","embeddable":true,"href":"https:\/\/diariodominicano.com\/index.php?rest_route=%2Fwp%2Fv2%2Fcategories&post=171435"},{"taxonomy":"post_tag","embeddable":true,"href":"https:\/\/diariodominicano.com\/index.php?rest_route=%2Fwp%2Fv2%2Ftags&post=171435"}],"curies":[{"name":"wp","href":"https:\/\/api.w.org\/{rel}","templated":true}]}}