{"id":171434,"date":"2018-01-25T22:50:09","date_gmt":"2018-01-25T22:50:09","guid":{"rendered":"http:\/\/diariodominicano.ddns.net\/?p=171434"},"modified":"2018-01-25T22:50:09","modified_gmt":"2018-01-25T22:50:09","slug":"justicia-brasilena-determina-retencion-de-pasaporte-de-lula","status":"publish","type":"post","link":"https:\/\/diariodominicano.com\/?p=171434","title":{"rendered":"Justicia brasile\u00f1a determina retenci\u00f3n de pasaporte de Lula"},"content":{"rendered":"<p><body><\/p>\n<p><img decoding=\"async\" src=\"img3\/Lula-Protesta.jpg\" \/>  <\/p>\n<\/p>\n<p><strong>   RIO DE JANEIRO, 25 ene (Xinhua) &#8212;<\/strong> La Justicia de Brasil determin\u00f3 hoy que el ex presidente Luiz In\u00e1cio Lula da Silva (2003-2010) entregue su pasaporte y no pueda salir del pa\u00eds, un d\u00eda despu\u00e9s de que el tribunal de apelaciones ratific\u00f3 la condena de prisi\u00f3n contra el ex mandatario por haberse beneficiado supuestamente de la trama de corruptelas en Petrobras. <\/p>\n<\/p>\n<p>   El juez Ricardo Leite, de la 10\u00aa sala de la Justicia Federal del Distrito Federal, determin\u00f3 que la Polic\u00eda Federal retenga el pasaporte de Lula, quien ten\u00eda previsto un viaje a Africa este viernes, donde participar\u00eda en Etiop\u00eda en un encuentro con l\u00edderes mundiales para discutir la erradicaci\u00f3n del hambre en Africa. <\/p>\n<\/p>\n<p>   La determinaci\u00f3n, en sigilo pero que la Polic\u00eda Federal confirm\u00f3 a la prensa, no tiene nada que ver con la sentencia del mi\u00e9rcoles del tribunal de apelaciones, que adem\u00e1s de ratificar la condena contra Lula, aument\u00f3 la pena a 12 a\u00f1os y un mes de prisi\u00f3n por haber recibido un apartamento de la constructora OAS a cambio de favorecerla desde el poder. <\/p>\n<\/p>\n<p>   La decisi\u00f3n del magistrado Leite es en el \u00e1mbito del proceso que estudia un supuesto tr\u00e1fico de influencias de Lula en la compra de cazas suecos para la Fuerza A\u00e9rea Brasile\u00f1a (FAB). <\/p>\n<\/p>\n<p>   El mismo juez hab\u00eda determindo en mayo del a\u00f1o pasado el fin de las actividades del Instituto Lula por varias irregularidades en la construcci\u00f3n del edificio. <\/p>\n<\/p>\n<p>   Lula, pese a la condena recibida hoy, fue presentado como precandidato a la Presidencia por el Partido de los Trabajadores (PT).<\/p>\n<\/p>\n<p>   El ex presidente lidera todas las intenciones de voto de cara a los comicios de octubre. Fin<\/p>\n<h6> 2018-01-25 22:50:09 <\/h6>\n<p><!--\n<link rel=\"stylesheet\" href=\"css\/bootstrap.min.css\">\n\n\n<ul class=\"pagination\">\n\t    \n\t\n\n<li >\n\t<a href='?page_no=6739'>Previous<\/a>\n\t<\/li>\n\n\n       \n    \n\n<li><a href='?page_no=1'>1<\/a><\/li>\n\n\n\n<li><a href='?page_no=2'>2<\/a><\/li>\n\n\n\n<li><a>...<\/a><\/li>\n\n\n\n<li><a href='?page_no=6738'>6738<\/a><\/li>\n\n\n\n<li><a href='?page_no=6739'>6739<\/a><\/li>\n\n\n\n<li class='active'><a>6740<\/a><\/li>\n\n\n\n<li><a href='?page_no=6741'>6741<\/a><\/li>\n\n\n\n<li><a href='?page_no=6742'>6742<\/a><\/li>\n\n\n\n<li><a>...<\/a><\/li>\n\n\n\n<li><a href='?page_no=36999'>36999<\/a><\/li>\n\n\n\n<li><a href='?page_no=37000'>37000<\/a><\/li>\n\n    \n\t\n\n<li >\n\t<a href='?page_no=6741'>Next<\/a>\n\t<\/li>\n\n\n    \n\n<li><a href='?page_no=37000'>Last &rsaquo;&rsaquo;<\/a><\/li>\n\n<\/ul>\n\n\n--><br \/>\n<\/body><\/p>\n","protected":false},"excerpt":{"rendered":"<p>RIO DE JANEIRO, 25 ene (Xinhua) &#8212; La Justicia de Brasil determin\u00f3 hoy que el ex presidente Luiz In\u00e1cio Lula da Silva (2003-2010) entregue su pasaporte y no pueda salir del pa\u00eds, un d\u00eda despu\u00e9s de que el tribunal de apelaciones ratific\u00f3 la condena de prisi\u00f3n contra el ex mandatario por haberse beneficiado supuestamente de [&hellip;]<\/p>\n","protected":false},"author":3,"featured_media":0,"comment_status":"open","ping_status":"open","sticky":false,"template":"","format":"standard","meta":{"footnotes":""},"categories":[22],"tags":[],"class_list":["post-171434","post","type-post","status-publish","format-standard","hentry","category-politica"],"_links":{"self":[{"href":"https:\/\/diariodominicano.com\/index.php?rest_route=\/wp\/v2\/posts\/171434","targetHints":{"allow":["GET"]}}],"collection":[{"href":"https:\/\/diariodominicano.com\/index.php?rest_route=\/wp\/v2\/posts"}],"about":[{"href":"https:\/\/diariodominicano.com\/index.php?rest_route=\/wp\/v2\/types\/post"}],"author":[{"embeddable":true,"href":"https:\/\/diariodominicano.com\/index.php?rest_route=\/wp\/v2\/users\/3"}],"replies":[{"embeddable":true,"href":"https:\/\/diariodominicano.com\/index.php?rest_route=%2Fwp%2Fv2%2Fcomments&post=171434"}],"version-history":[{"count":0,"href":"https:\/\/diariodominicano.com\/index.php?rest_route=\/wp\/v2\/posts\/171434\/revisions"}],"wp:attachment":[{"href":"https:\/\/diariodominicano.com\/index.php?rest_route=%2Fwp%2Fv2%2Fmedia&parent=171434"}],"wp:term":[{"taxonomy":"category","embeddable":true,"href":"https:\/\/diariodominicano.com\/index.php?rest_route=%2Fwp%2Fv2%2Fcategories&post=171434"},{"taxonomy":"post_tag","embeddable":true,"href":"https:\/\/diariodominicano.com\/index.php?rest_route=%2Fwp%2Fv2%2Ftags&post=171434"}],"curies":[{"name":"wp","href":"https:\/\/api.w.org\/{rel}","templated":true}]}}