{"id":171431,"date":"2018-01-26T10:32:27","date_gmt":"2018-01-26T10:32:27","guid":{"rendered":"http:\/\/diariodominicano.ddns.net\/?p=171431"},"modified":"2018-01-26T10:32:27","modified_gmt":"2018-01-26T10:32:27","slug":"con-panel-en-su-casa-nacional-se-destaca-en-el-pld-el-8vo-aniversario-de-la-nueva-constitucion","status":"publish","type":"post","link":"https:\/\/diariodominicano.com\/?p=171431","title":{"rendered":"Con panel en su Casa Nacional se destaca en el PLD el 8vo. aniversario de la Nueva Constituci\u00f3n"},"content":{"rendered":"<p><body><\/p>\n<p><img decoding=\"async\" src=\"img3\/PLd.jpg\" \/>  <\/p>\n<p><span class=\"text1noticias\">Santo Domingo, R. D., 26 de enero, 2018.- Con una nutrida asistencia y ponderadas exposiciones se desarroll\u00f3 en la Casa Nacional del  Partido de la Liberaci\u00f3n Dominicana (PLD)  el panel \u00a8La Constituci\u00f3n de 2010 como Pilar del Estado Social y Democr\u00e1tico de Derecho\u00a8,  a prop\u00f3sito del 8vo aniversario de la promulgaci\u00f3n de  la nueva Carta Magna. <\/span><\/p>\n<p><span class=\"text1noticias\"> <\/span><\/p>\n<p><span class=\"text1noticias\">La actividad, organizada por la Red Nacional de Abogados y el Foro Nacional de Abogados, con el respaldo de la Secretar\u00eda de Asuntos Jur\u00eddicos del Partido de la Liberaci\u00f3n Dominicana, se llev\u00f3 a cabo  en el Gran Sal\u00f3n Bienvenido Sandoval de la Casa Nacional de dicha organizaci\u00f3n.  <\/span><\/p>\n<p><span class=\"text1noticias\"> <\/span><\/p>\n<p><span class=\"text1noticias\">El Panel fue encabezado por C\u00e9sar Pina Toribio, miembro del Comit\u00e9 Pol\u00edtico del PLD, quien disert\u00f3 sobre el tema \u00abLa visi\u00f3n de Estado en la Constituci\u00f3n de 2010\u00bb;  Haivanjoe NG Corti\u00f1as, miembro del Comit\u00e9 Central del PLD, quien trat\u00f3 sobre la \u00abImportancia del Contenido Econ\u00f3mico en la Constituci\u00f3n de 2010. El Consultor Jur\u00eddico del Poder Ejecutivo,  Flavio Dar\u00edo Espinal, pautado para exponer, su ausencia fue excusada. <\/span><\/p>\n<p><span class=\"text1noticias\"> <\/span><\/p>\n<p><span class=\"text1noticias\">Las palabras de bienvenida recayeron en  Juan Rivera, Coordinador del Foro Nacional de Abogados (FONA); y la motivaci\u00f3n del panel  \u00c1ngel Can\u00f3, Coordinador de la Red Nacional de Abogados. <\/span><\/p>\n<p><span class=\"text1noticias\"> <\/span><\/p>\n<p><span class=\"text1noticias\">El Coordinador del Foro Nacional de Abogados dijo que el objetivo principal  de la  celebraci\u00f3n del panel  era destacar los avances logrados en materia social, pol\u00edtica y econ\u00f3mica gracias a la Constituci\u00f3n que hoy ostenta la Rep\u00fablica Dominicana, a prop\u00f3sito de celebrarse este 26 de enero el 205 aniversario del  natalicio del Pr\u00f3cer Juan Pablo Duarte, padre de la patria, y  a ocho a\u00f1os  de la proclama de la Carta Magna.<\/span><\/p>\n<p><span class=\"text1noticias\"> <\/span><\/p>\n<p><span class=\"text1noticias\">Juan Rivera indic\u00f3 que los protagonistas que hicieron posible la promulgaci\u00f3n de la constituci\u00f3n dominicana el 26 de enero del a\u00f1o 2010 fueron el pueblo dominicano e ide\u00f3logo, el Dr. Leonel Fern\u00e1ndez, expresidente dominicano,  presidente del PLD e ide\u00f3logo y propulsor de la misma;  el Profesor Juan Bosch, \u00abgu\u00eda espiritual y referente de la actual constituci\u00f3n\u00bb, cuyos ideales inspiraron  una modificaci\u00f3n constitucional acorde al siglo XXI; y el Presidente Danilo Medina, por ser el responsable de la ejecuci\u00f3n de todos sus fundamentos lo que ha fortalecido al Estado Dominicano. <\/span><\/p>\n<p><span class=\"text1noticias\"> <\/span><\/p>\n<p><span class=\"text1noticias\">Por su lado,  \u00c1ngel Can\u00f3 se\u00f1al\u00f3 que gracias a la Constituci\u00f3n del 2010 se han consolidado las bases de los principios fundamentales de los derechos humanos y de la democracia dominicana, como son la dignidad humana, el progreso, la paz y el equilibrio pol\u00edtico y social que hoy disfruta el pueblo dominicano.<\/span><\/p>\n<p><span class=\"text1noticias\"> <\/span><\/p>\n<p><span class=\"text1noticias\">Manifest\u00f3 que la constituci\u00f3n Dominicana es un referente, un modelo, que ha marcado un antes y un despu\u00e9s en la configuraci\u00f3n pol\u00edtica, institucional y jur\u00eddica de la naci\u00f3n. <\/span><\/p>\n<p><span class=\"text1noticias\"> <\/span><\/p>\n<p><span class=\"text1noticias\">\u00abEn esta constituci\u00f3n que hoy analizamos se han consolidado las bases del Estado Dominicano sobre una serie de principios fundamentales y valores supremos, tales como la dignidad humana, la libertad, la igualdad, el imperio de la ley,  la justicia, la solidaridad, la convivencia fraterna, el bienestar social, el equilibrio ecol\u00f3gico, el progreso y la paz\u00bb, precis\u00f3 Can\u00f3. <\/span><\/p>\n<p><span class=\"text1noticias\"> <\/span><\/p>\n<p><span class=\"text1noticias\">Consider\u00f3 que al igual que el expresidente Leonel Fern\u00e1ndez y el Presidente Danilo Medina, tambi\u00e9n resulta  ineludible destacar la labor de Reinaldo Pared P\u00e9rez, Secretario General del PLD y Presidente del Senado de la Rep\u00fablica, responsable de guiar el proceso de conocimiento del proyecto de reforma de la constituci\u00f3n hasta su promulgaci\u00f3n. <\/span><\/p>\n<p><span class=\"text1noticias\"> <\/span><\/p>\n<p><span class=\"text1noticias\">En la actividad estuvieron presentes representantes de la Secretar\u00eda de Asuntos Gremiales y Profesionales, de la Secretar\u00eda de Asuntos Jur\u00eddicos, Comunicaciones y representaciones  de corrientes gremiales y de varias alcald\u00edas. <\/span><\/p>\n<p><span class=\"text1noticias\"> <\/span><\/p>\n<p><span class=\"text1noticias\">Expositores <\/span><\/p>\n<p><span class=\"text1noticias\"> <\/span><\/p>\n<p><span class=\"text1noticias\">Los expositores puntualizaron aspectos relevantes de la Constituci\u00f3n de 2010, la que dijeron se ha convertido en un referente para los pa\u00edses de Latinoam\u00e9rica. <\/span><\/p>\n<p><span class=\"text1noticias\"> <\/span><\/p>\n<p><span class=\"text1noticias\">Haivanjoe NG Corti\u00f1as, miembro del Comit\u00e9 Central del PLD, expres\u00f3 que todo lo dicho durante el panel  s\u00f3lo tiene validez si la Constituci\u00f3n no es un pedazo de papel \u00a8y la actual Carta Magna definitivamente no lo es\u00a8. <\/span><\/p>\n<p><span class=\"text1noticias\"> <\/span><\/p>\n<p><span class=\"text1noticias\">Asegur\u00f3 que desde el punto de vista de la econom\u00eda, la Constituci\u00f3n Dominicana tiene un salto cualitativo extraordinario con relaci\u00f3n a la anterior, especialmente en lo relativo a la parte doctrinaria que la soporta.<\/span><\/p>\n<p><span class=\"text1noticias\"> <\/span><\/p>\n<p><span class=\"text1noticias\">Asegur\u00f3 que la Constituci\u00f3n dominicana ha servido para blindar a la econom\u00eda desde el  punto de vista fiscal,  porque da mandato a que el presupuesto de la naci\u00f3n se elabore de acuerdo a la posibilidad de ingreso y para que el crecimiento econ\u00f3mico sea sostenible, lo que tiene una implicaci\u00f3n en el resto de las variables econ\u00f3micas, tales como la inflaci\u00f3n, la tasa de cambio y el ITBIS.<\/span><\/p>\n<p><span class=\"text1noticias\">  <\/span><\/p>\n<p><span class=\"text1noticias\">\u00abLos autores de la constituci\u00f3n lograron llevar la econom\u00eda a la pol\u00edtica y no al rev\u00e9s, lo que tiene una connotaci\u00f3n importante porque de esa manera la econom\u00eda no termina contamin\u00e1ndose\u00bb, agreg\u00f3 el dirigente pol\u00edtico. <\/span><\/p>\n<p><span class=\"text1noticias\"> <\/span><\/p>\n<p><span class=\"text1noticias\">Haivanjoe NG Corti\u00f1as afirm\u00f3 que la constituci\u00f3n de la Rep\u00fablica delimita muy bien el rol de  los agentes econ\u00f3micos, por el funcionamiento de la econom\u00eda por los diferentes sectores que lo conforman; y del Estado, como regulador. <\/span><\/p>\n<p><span class=\"text1noticias\"> <\/span><\/p>\n<p><span class=\"text1noticias\">Consider\u00f3 que la constituci\u00f3n dominicana no establece modelos econ\u00f3micos, sino que tipifica el tipo de sistema econ\u00f3mico que impera en la Rep\u00fablica Dominicana, que le permite conducir a los hacedores de pol\u00edticas p\u00fablicas conducir la econom\u00eda de un pa\u00eds hacia un objetivo determinado. <\/span><\/p>\n<p><span class=\"text1noticias\"> <\/span><\/p>\n<p><span class=\"text1noticias\">\u00abEsta constituci\u00f3n sienta las bases para que haya sostenibilidad fiscal, la que ha permanecido durante varios a\u00f1os y es la garant\u00eda para el sistema y crecimiento econ\u00f3mico dominicano\u00bb, apunt\u00f3. <\/span><\/p>\n<p><span class=\"text1noticias\"> <\/span><\/p>\n<p><span class=\"text1noticias\">C\u00e9sar Pina Toribio destac\u00f3 la visi\u00f3n de Estado que qued\u00f3 incorporada en la Constituci\u00f3n de 2010, en la que dijo se consagra la vocaci\u00f3n del poder p\u00fablico hacia la satisfacci\u00f3n de las aspiraciones de la sociedad general, promoviendo a la persona mediante el empoderamiento de los mecanismos necesarios para hacer valer sus derechos fundamentales, dot\u00e1ndoles de un andamiaje jur\u00eddico que vincula a todo el aspecto pol\u00edtico.<\/span><\/p>\n<p><span class=\"text1noticias\"> <\/span><\/p>\n<p><span class=\"text1noticias\">Destac\u00f3 la relevancia del Tribunal Constitucional y de la fuerza vinculante de sus decisiones, con lo que se asegura su funci\u00f3n de vigilante de la supremac\u00eda de la Constituci\u00f3n.<\/span><\/p>\n<p><span class=\"text1noticias\"> <\/span><\/p>\n<p><span class=\"text1noticias\">Dijo que esa Constituci\u00f3n representa una fortaleza importante para el sistema pol\u00edtico nacional, que promueve una democracia participativa, fundada en la promoci\u00f3n de la persona y, fundamentalmente, en los aspectos sociales.<\/span><\/p>\n<p><span class=\"text1noticias\"> <\/span><\/p>\n<p><span class=\"text1noticias\">Baso  su exposici\u00f3n en el desarrollo del cap\u00edtulo II, articulo 7 que define a Rep\u00fablica Dominicana como Estado Social y Democr\u00e1tico de Derecho.<\/span><\/p>\n<p><span class=\"text1noticias\"> <\/span><\/p>\n<p><span class=\"text1noticias\">Se detuvo a citar art\u00edculos de la  Carta Magna en los que se realizan las precisiones porque lo social, democr\u00e1tico del Estado dominicana y su apego a las normas jur\u00eddicas, precisando que con la nueva Constituci\u00f3n las leyes tienen primac\u00eda y el principio de legalidad es determinante.  <\/span><\/p>\n<p><span class=\"text1noticias\"> <\/span><\/p>\n<p>Fuente: SECRETAR\u00cdA DE COMUNICACIONES <\/p>\n<p>26 DE ENERO DEL 2018.-<\/p>\n<h6> 2018-01-26 10:32:27 <\/h6>\n<p><!--\n<link rel=\"stylesheet\" href=\"css\/bootstrap.min.css\">\n\n\n<ul class=\"pagination\">\n\t    \n\t\n\n<li >\n\t<a href='?page_no=6737'>Previous<\/a>\n\t<\/li>\n\n\n       \n    \n\n<li><a href='?page_no=1'>1<\/a><\/li>\n\n\n\n<li><a href='?page_no=2'>2<\/a><\/li>\n\n\n\n<li><a>...<\/a><\/li>\n\n\n\n<li><a href='?page_no=6736'>6736<\/a><\/li>\n\n\n\n<li><a href='?page_no=6737'>6737<\/a><\/li>\n\n\n\n<li class='active'><a>6738<\/a><\/li>\n\n\n\n<li><a href='?page_no=6739'>6739<\/a><\/li>\n\n\n\n<li><a href='?page_no=6740'>6740<\/a><\/li>\n\n\n\n<li><a>...<\/a><\/li>\n\n\n\n<li><a href='?page_no=36999'>36999<\/a><\/li>\n\n\n\n<li><a href='?page_no=37000'>37000<\/a><\/li>\n\n    \n\t\n\n<li >\n\t<a href='?page_no=6739'>Next<\/a>\n\t<\/li>\n\n\n    \n\n<li><a href='?page_no=37000'>Last &rsaquo;&rsaquo;<\/a><\/li>\n\n<\/ul>\n\n\n--><br \/>\n<\/body><\/p>\n","protected":false},"excerpt":{"rendered":"<p>Santo Domingo, R. D., 26 de enero, 2018.- Con una nutrida asistencia y ponderadas exposiciones se desarroll\u00f3 en la Casa Nacional del Partido de la Liberaci\u00f3n Dominicana (PLD) el panel \u00a8La Constituci\u00f3n de 2010 como Pilar del Estado Social y Democr\u00e1tico de Derecho\u00a8, a prop\u00f3sito del 8vo aniversario de la promulgaci\u00f3n de la nueva Carta [&hellip;]<\/p>\n","protected":false},"author":3,"featured_media":0,"comment_status":"open","ping_status":"open","sticky":false,"template":"","format":"standard","meta":{"footnotes":""},"categories":[22],"tags":[],"class_list":["post-171431","post","type-post","status-publish","format-standard","hentry","category-politica"],"_links":{"self":[{"href":"https:\/\/diariodominicano.com\/index.php?rest_route=\/wp\/v2\/posts\/171431","targetHints":{"allow":["GET"]}}],"collection":[{"href":"https:\/\/diariodominicano.com\/index.php?rest_route=\/wp\/v2\/posts"}],"about":[{"href":"https:\/\/diariodominicano.com\/index.php?rest_route=\/wp\/v2\/types\/post"}],"author":[{"embeddable":true,"href":"https:\/\/diariodominicano.com\/index.php?rest_route=\/wp\/v2\/users\/3"}],"replies":[{"embeddable":true,"href":"https:\/\/diariodominicano.com\/index.php?rest_route=%2Fwp%2Fv2%2Fcomments&post=171431"}],"version-history":[{"count":0,"href":"https:\/\/diariodominicano.com\/index.php?rest_route=\/wp\/v2\/posts\/171431\/revisions"}],"wp:attachment":[{"href":"https:\/\/diariodominicano.com\/index.php?rest_route=%2Fwp%2Fv2%2Fmedia&parent=171431"}],"wp:term":[{"taxonomy":"category","embeddable":true,"href":"https:\/\/diariodominicano.com\/index.php?rest_route=%2Fwp%2Fv2%2Fcategories&post=171431"},{"taxonomy":"post_tag","embeddable":true,"href":"https:\/\/diariodominicano.com\/index.php?rest_route=%2Fwp%2Fv2%2Ftags&post=171431"}],"curies":[{"name":"wp","href":"https:\/\/api.w.org\/{rel}","templated":true}]}}