{"id":171430,"date":"2018-01-26T12:03:56","date_gmt":"2018-01-26T12:03:56","guid":{"rendered":"http:\/\/diariodominicano.ddns.net\/?p=171430"},"modified":"2018-01-26T12:03:56","modified_gmt":"2018-01-26T12:03:56","slug":"presidenta-del-pal-llama-a-los-politicos-a-ser-visionario-como-lo-fue-juan-pablo-duarte","status":"publish","type":"post","link":"https:\/\/diariodominicano.com\/?p=171430","title":{"rendered":"Presidenta del PAL llama a los pol\u00edticos a ser visionario como lo fue Juan Pablo Duarte"},"content":{"rendered":"<p><body><\/p>\n<p><img decoding=\"async\" src=\"img3\/palpre.jpg\" \/>  <\/p>\n<p>A prop\u00f3sito de celebrarse este viernes el 205 aniversario del nacimiento del Padre Fundador de la Rep\u00fablica, Juan Pablo Duarte, la presidenta del Partido Acci\u00f3n Liberal (PAL) y coordinadora del Bloque Progresista, Maritza L\u00f3pez de Ortiz,  llam\u00f3 a los pol\u00edticos dominicanos a ser visionarios como lo fue el patricio.<\/p>\n<\/p>\n<p>L\u00f3pez de Ortiz indic\u00f3, que en momento en el que pa\u00eds demanda que los pol\u00edticos est\u00e9n acorde con los tiempos y las problem\u00e1ticas que enfrenta la naci\u00f3n es necesario poner en pr\u00e1ctica los ideales de Duarte en pro de la democracia y bienestar de la ciudadan\u00eda.<\/p>\n<\/p>\n<p>Manifest\u00f3 que,  el pa\u00eds tiene grandes retos como lo tuvo el patricio en los momentos pol\u00edticos social que vivi\u00f3 el pa\u00eds  durante la ocupaci\u00f3n haitiana.<\/p>\n<\/p>\n<p>Sostuvo que,  es necesario que los partidos pol\u00edticos y sus l\u00edderes trabajen para garantizar las leyes que favorecen que el sistema partidario se fortalezca y se garantice la democracia.<\/p>\n<\/p>\n<p>Agreg\u00f3 que, hay que luchar por los intereses de la  poblaci\u00f3n para  que contin\u00fae su desarrollo y esto se obtiene a trav\u00e9s de la equidad, democracia y bienestar social como ha venido trabajando el presidente de la Rep\u00fablica, Danilo Medina. <\/p>\n<\/p>\n<p>De igual manera, la presidenta del Partido Acci\u00f3n Liberal (PAL) y coordinadora del Bloque Progresista,  dijo que Juan Pablo  Duarte que la lucha de Duarte se sustent\u00f3 en querer una naci\u00f3n  libre e independiente<\/p>\n<h6> 2018-01-26 12:03:56 <\/h6>\n<p><!--\n<link rel=\"stylesheet\" href=\"css\/bootstrap.min.css\">\n\n\n<ul class=\"pagination\">\n\t    \n\t\n\n<li >\n\t<a href='?page_no=6736'>Previous<\/a>\n\t<\/li>\n\n\n       \n    \n\n<li><a href='?page_no=1'>1<\/a><\/li>\n\n\n\n<li><a href='?page_no=2'>2<\/a><\/li>\n\n\n\n<li><a>...<\/a><\/li>\n\n\n\n<li><a href='?page_no=6735'>6735<\/a><\/li>\n\n\n\n<li><a href='?page_no=6736'>6736<\/a><\/li>\n\n\n\n<li class='active'><a>6737<\/a><\/li>\n\n\n\n<li><a href='?page_no=6738'>6738<\/a><\/li>\n\n\n\n<li><a href='?page_no=6739'>6739<\/a><\/li>\n\n\n\n<li><a>...<\/a><\/li>\n\n\n\n<li><a href='?page_no=36999'>36999<\/a><\/li>\n\n\n\n<li><a href='?page_no=37000'>37000<\/a><\/li>\n\n    \n\t\n\n<li >\n\t<a href='?page_no=6738'>Next<\/a>\n\t<\/li>\n\n\n    \n\n<li><a href='?page_no=37000'>Last &rsaquo;&rsaquo;<\/a><\/li>\n\n<\/ul>\n\n\n--><br \/>\n<\/body><\/p>\n","protected":false},"excerpt":{"rendered":"<p>A prop\u00f3sito de celebrarse este viernes el 205 aniversario del nacimiento del Padre Fundador de la Rep\u00fablica, Juan Pablo Duarte, la presidenta del Partido Acci\u00f3n Liberal (PAL) y coordinadora del Bloque Progresista, Maritza L\u00f3pez de Ortiz, llam\u00f3 a los pol\u00edticos dominicanos a ser visionarios como lo fue el patricio. L\u00f3pez de Ortiz indic\u00f3, que en [&hellip;]<\/p>\n","protected":false},"author":3,"featured_media":0,"comment_status":"open","ping_status":"open","sticky":false,"template":"","format":"standard","meta":{"footnotes":""},"categories":[22],"tags":[],"class_list":["post-171430","post","type-post","status-publish","format-standard","hentry","category-politica"],"_links":{"self":[{"href":"https:\/\/diariodominicano.com\/index.php?rest_route=\/wp\/v2\/posts\/171430","targetHints":{"allow":["GET"]}}],"collection":[{"href":"https:\/\/diariodominicano.com\/index.php?rest_route=\/wp\/v2\/posts"}],"about":[{"href":"https:\/\/diariodominicano.com\/index.php?rest_route=\/wp\/v2\/types\/post"}],"author":[{"embeddable":true,"href":"https:\/\/diariodominicano.com\/index.php?rest_route=\/wp\/v2\/users\/3"}],"replies":[{"embeddable":true,"href":"https:\/\/diariodominicano.com\/index.php?rest_route=%2Fwp%2Fv2%2Fcomments&post=171430"}],"version-history":[{"count":0,"href":"https:\/\/diariodominicano.com\/index.php?rest_route=\/wp\/v2\/posts\/171430\/revisions"}],"wp:attachment":[{"href":"https:\/\/diariodominicano.com\/index.php?rest_route=%2Fwp%2Fv2%2Fmedia&parent=171430"}],"wp:term":[{"taxonomy":"category","embeddable":true,"href":"https:\/\/diariodominicano.com\/index.php?rest_route=%2Fwp%2Fv2%2Fcategories&post=171430"},{"taxonomy":"post_tag","embeddable":true,"href":"https:\/\/diariodominicano.com\/index.php?rest_route=%2Fwp%2Fv2%2Ftags&post=171430"}],"curies":[{"name":"wp","href":"https:\/\/api.w.org\/{rel}","templated":true}]}}